{"id":204859,"date":"2022-04-29T08:16:50","date_gmt":"2022-04-29T12:16:50","guid":{"rendered":"https:\/\/www.ocorreionews.com.br\/acervo-correio\/?p=204859"},"modified":"2022-05-01T08:46:34","modified_gmt":"2022-05-01T12:46:34","slug":"dupla-luis-goiano-e-girsel-da-viola-se-apresenta-neste-sabado-em-paraiso-das-agua-em-comemoracao-dia-do-trabalhador","status":"publish","type":"post","link":"https:\/\/www.ocorreionews.com.br\/acervo-correio\/?p=204859","title":{"rendered":"Dupla Lu\u00eds Goiano e Girsel da Viola  se apresenta neste s\u00e1bado em Para\u00edso das \u00c1gua em comemora\u00e7\u00e3o dia do trabalhador"},"content":{"rendered":"<p>Em comemora\u00e7\u00e3o ao Dia do Trabalhador, que acontece em 1\u00b0 de maio, a Prefeitura Municipal de Para\u00edso das \u00c1guas em parceria com o Governo do Estado de Mato Grosso do Sul atrav\u00e9s da Funda\u00e7\u00e3o de Cultura, \u00a0estar\u00e1 realizando, no pr\u00f3ximo s\u00e1bado, dia 30 de abril, o 1\u00b0 Show do Trabalhador que ser\u00e1 animado pela dupla Lu\u00eds Goiano e Girsel da Viola.<\/p>\n<p>O evento ser\u00e1 realizado a partir das 20h na Pra\u00e7a Francisco Rodrigues da Cunha, ao lado da igreja Matriz.<\/p>\n<p>Al\u00e9m do show com a dupla de violeiros, haver\u00e1 apresenta\u00e7\u00f5es culturais de Ballet Cl\u00e1ssico e Jazz Dance, com o professor e core\u00f3grafo Dinho Ara\u00fajo.<\/p>\n<p>O evento \u00e9 gratuito e toda popula\u00e7\u00e3o est\u00e1 convidada a prestigiar.<\/p>\n<p><a href=\"https:\/\/www.ocorreionews.com.br\/acervo-correio\/wp-content\/uploads\/2022\/04\/show-luiz-goiano.jpg\"><img loading=\"lazy\" decoding=\"async\" class=\"alignnone wp-image-204253\" src=\"https:\/\/www.ocorreionews.com.br\/acervo-correio\/wp-content\/uploads\/2022\/04\/show-luiz-goiano.jpg\" alt=\"\" width=\"531\" height=\"725\" srcset=\"https:\/\/www.ocorreionews.com.br\/acervo-correio\/wp-content\/uploads\/2022\/04\/show-luiz-goiano.jpg 700w, https:\/\/www.ocorreionews.com.br\/acervo-correio\/wp-content\/uploads\/2022\/04\/show-luiz-goiano-220x300.jpg 220w\" sizes=\"auto, (max-width: 531px) 100vw, 531px\" \/><\/a><\/p>\n<p>ASSECOM- Prefeitura Municipal de Para\u00edso das \u00c1guas- MS<\/p>\n","protected":false},"excerpt":{"rendered":"<p>Em comemora\u00e7\u00e3o ao Dia do Trabalhador, que acontece em 1\u00b0 de maio, a Prefeitura Municipal de Para\u00edso das \u00c1guas em parceria com o Governo do Estado de Mato Grosso do Sul atrav\u00e9s da Funda\u00e7\u00e3o de Cultura, \u00a0estar\u00e1 realizando, no pr\u00f3ximo s\u00e1bado, dia 30 de abril, o 1\u00b0 Show do Trabalhador que ser\u00e1 animado pela dupla [&hellip;]<\/p>\n","protected":false},"author":5,"featured_media":0,"comment_status":"closed","ping_status":"closed","sticky":false,"template":"","format":"standard","meta":{"footnotes":""},"categories":[36],"tags":[],"class_list":["post-204859","post","type-post","status-publish","format-standard","hentry","category-paraiso-das-aguas"],"_links":{"self":[{"href":"https:\/\/www.ocorreionews.com.br\/acervo-correio\/index.php?rest_route=\/wp\/v2\/posts\/204859","targetHints":{"allow":["GET"]}}],"collection":[{"href":"https:\/\/www.ocorreionews.com.br\/acervo-correio\/index.php?rest_route=\/wp\/v2\/posts"}],"about":[{"href":"https:\/\/www.ocorreionews.com.br\/acervo-correio\/index.php?rest_route=\/wp\/v2\/types\/post"}],"author":[{"embeddable":true,"href":"https:\/\/www.ocorreionews.com.br\/acervo-correio\/index.php?rest_route=\/wp\/v2\/users\/5"}],"replies":[{"embeddable":true,"href":"https:\/\/www.ocorreionews.com.br\/acervo-correio\/index.php?rest_route=%2Fwp%2Fv2%2Fcomments&post=204859"}],"version-history":[{"count":1,"href":"https:\/\/www.ocorreionews.com.br\/acervo-correio\/index.php?rest_route=\/wp\/v2\/posts\/204859\/revisions"}],"predecessor-version":[{"id":204864,"href":"https:\/\/www.ocorreionews.com.br\/acervo-correio\/index.php?rest_route=\/wp\/v2\/posts\/204859\/revisions\/204864"}],"wp:attachment":[{"href":"https:\/\/www.ocorreionews.com.br\/acervo-correio\/index.php?rest_route=%2Fwp%2Fv2%2Fmedia&parent=204859"}],"wp:term":[{"taxonomy":"category","embeddable":true,"href":"https:\/\/www.ocorreionews.com.br\/acervo-correio\/index.php?rest_route=%2Fwp%2Fv2%2Fcategories&post=204859"},{"taxonomy":"post_tag","embeddable":true,"href":"https:\/\/www.ocorreionews.com.br\/acervo-correio\/index.php?rest_route=%2Fwp%2Fv2%2Ftags&post=204859"}],"curies":[{"name":"wp","href":"https:\/\/api.w.org\/{rel}","templated":true}]}}