{"id":205054,"date":"2022-05-02T09:51:09","date_gmt":"2022-05-02T13:51:09","guid":{"rendered":"https:\/\/www.ocorreionews.com.br\/acervo-correio\/?p=205054"},"modified":"2022-05-02T09:53:54","modified_gmt":"2022-05-02T13:53:54","slug":"militares-dos-bombeiros-de-chapadao-do-sul-estao-auxiliando-busca-de-idoso-desaparecido-em-ms","status":"publish","type":"post","link":"https:\/\/www.ocorreionews.com.br\/acervo-correio\/?p=205054","title":{"rendered":"Militares dos Bombeiros de Chapad\u00e3o do Sul est\u00e3o auxiliando busca de idoso desaparecido em MS"},"content":{"rendered":"<p>Dois militares do Corpo de Bombeiros de Chapad\u00e3o do Sul se juntaram a uma opera\u00e7\u00e3o onde buscam pelo idoso Jo\u00e3o Paioli, de 77 anos, que est\u00e1 desaparecido desde quarta-feira (27), em Ivinhema \u2013 MS.<\/p>\n<p>Os soldados Mariano e Daniel Silva, est\u00e3o desde o ultimo s\u00e1bado nas buscas, utilizando o Drone Entrerprise Dual de \u00faltima gera\u00e7\u00e3o, que o 7\u00ba Subgrupamento do Corpo de Bombeiros de Chapad\u00e3o do Sul recebeu de doa\u00e7\u00e3o. O drone conta com alto falante, Spot Luz Led, sinalizador para outras aeronaves, C\u00e2mera\u00a0T\u00e9rmica, filmagem 4k, e com at\u00e9 8 km de alcance, entre outras fun\u00e7\u00f5es.<\/p>\n<p><a href=\"https:\/\/www.ocorreionews.com.br\/acervo-correio\/wp-content\/uploads\/2022\/05\/buscas-03.jpg\"><img loading=\"lazy\" decoding=\"async\" class=\"wp-image-205046 aligncenter\" src=\"https:\/\/www.ocorreionews.com.br\/acervo-correio\/wp-content\/uploads\/2022\/05\/buscas-03.jpg\" alt=\"\" width=\"602\" height=\"385\" srcset=\"https:\/\/www.ocorreionews.com.br\/acervo-correio\/wp-content\/uploads\/2022\/05\/buscas-03.jpg 718w, https:\/\/www.ocorreionews.com.br\/acervo-correio\/wp-content\/uploads\/2022\/05\/buscas-03-300x192.jpg 300w\" sizes=\"auto, (max-width: 602px) 100vw, 602px\" \/><\/a> <a href=\"https:\/\/www.ocorreionews.com.br\/acervo-correio\/wp-content\/uploads\/2022\/05\/buscas-01.jpg\"><img loading=\"lazy\" decoding=\"async\" class=\"wp-image-205044 aligncenter\" src=\"https:\/\/www.ocorreionews.com.br\/acervo-correio\/wp-content\/uploads\/2022\/05\/buscas-01.jpg\" alt=\"\" width=\"602\" height=\"391\" srcset=\"https:\/\/www.ocorreionews.com.br\/acervo-correio\/wp-content\/uploads\/2022\/05\/buscas-01.jpg 716w, https:\/\/www.ocorreionews.com.br\/acervo-correio\/wp-content\/uploads\/2022\/05\/buscas-01-300x195.jpg 300w, https:\/\/www.ocorreionews.com.br\/acervo-correio\/wp-content\/uploads\/2022\/05\/buscas-01-210x136.jpg 210w\" sizes=\"auto, (max-width: 602px) 100vw, 602px\" \/><\/a><\/p>\n<p>Jo\u00e3o Paiole, desapareceu no Assentamento S\u00e3o Sebasti\u00e3o, em Amandina, distrito de Ivinhema, cidade a 289 quil\u00f4metros de Campo Grande.<\/p>\n<figure style=\"width: 601px\" class=\"wp-caption aligncenter\"><img loading=\"lazy\" decoding=\"async\" class=\"attachment-full wp-post-image\" src=\"https:\/\/midiamax.uol.com.br\/wp-content\/uploads\/2022\/05\/buscas-idoso2.jpg\" sizes=\"auto, (max-width: 900px) 100vw, 900px\" srcset=\"https:\/\/midiamax.uol.com.br\/wp-content\/uploads\/2022\/05\/buscas-idoso2.jpg 900w, https:\/\/midiamax.uol.com.br\/wp-content\/uploads\/2022\/05\/buscas-idoso2-300x169.jpg 300w, https:\/\/midiamax.uol.com.br\/wp-content\/uploads\/2022\/05\/buscas-idoso2-768x432.jpg 768w\" alt=\"Com c\u00e3o de busca e helic\u00f3ptero, bombeiros fazem buscas por idoso de 77 anos desaparecido em MS\" width=\"601\" height=\"338\" data-eio=\"p\" \/><figcaption class=\"wp-caption-text\">Jo\u00e3o est\u00e1 desaparecido desde o dia 27 (Reprodu\u00e7\u00e3o, Nova News)<\/figcaption><\/figure>\n<p>&nbsp;<\/p>\n<p>Fotos: Divulga\u00e7\u00e3o Corpo de Bombeiros de Chapad\u00e3o do Sul<\/p>\n<p>&nbsp;<\/p>\n","protected":false},"excerpt":{"rendered":"<p>Dois militares do Corpo de Bombeiros de Chapad\u00e3o do Sul se juntaram a uma opera\u00e7\u00e3o onde buscam pelo idoso Jo\u00e3o Paioli, de 77 anos, que est\u00e1 desaparecido desde quarta-feira (27), em Ivinhema \u2013 MS. Os soldados Mariano e Daniel Silva, est\u00e3o desde o ultimo s\u00e1bado nas buscas, utilizando o Drone Entrerprise Dual de \u00faltima gera\u00e7\u00e3o, [&hellip;]<\/p>\n","protected":false},"author":5,"featured_media":205045,"comment_status":"closed","ping_status":"closed","sticky":false,"template":"","format":"standard","meta":{"footnotes":""},"categories":[23],"tags":[],"class_list":["post-205054","post","type-post","status-publish","format-standard","has-post-thumbnail","hentry","category-chapadao-do-sul"],"_links":{"self":[{"href":"https:\/\/www.ocorreionews.com.br\/acervo-correio\/index.php?rest_route=\/wp\/v2\/posts\/205054","targetHints":{"allow":["GET"]}}],"collection":[{"href":"https:\/\/www.ocorreionews.com.br\/acervo-correio\/index.php?rest_route=\/wp\/v2\/posts"}],"about":[{"href":"https:\/\/www.ocorreionews.com.br\/acervo-correio\/index.php?rest_route=\/wp\/v2\/types\/post"}],"author":[{"embeddable":true,"href":"https:\/\/www.ocorreionews.com.br\/acervo-correio\/index.php?rest_route=\/wp\/v2\/users\/5"}],"replies":[{"embeddable":true,"href":"https:\/\/www.ocorreionews.com.br\/acervo-correio\/index.php?rest_route=%2Fwp%2Fv2%2Fcomments&post=205054"}],"version-history":[{"count":1,"href":"https:\/\/www.ocorreionews.com.br\/acervo-correio\/index.php?rest_route=\/wp\/v2\/posts\/205054\/revisions"}],"predecessor-version":[{"id":205057,"href":"https:\/\/www.ocorreionews.com.br\/acervo-correio\/index.php?rest_route=\/wp\/v2\/posts\/205054\/revisions\/205057"}],"wp:featuredmedia":[{"embeddable":true,"href":"https:\/\/www.ocorreionews.com.br\/acervo-correio\/index.php?rest_route=\/wp\/v2\/media\/205045"}],"wp:attachment":[{"href":"https:\/\/www.ocorreionews.com.br\/acervo-correio\/index.php?rest_route=%2Fwp%2Fv2%2Fmedia&parent=205054"}],"wp:term":[{"taxonomy":"category","embeddable":true,"href":"https:\/\/www.ocorreionews.com.br\/acervo-correio\/index.php?rest_route=%2Fwp%2Fv2%2Fcategories&post=205054"},{"taxonomy":"post_tag","embeddable":true,"href":"https:\/\/www.ocorreionews.com.br\/acervo-correio\/index.php?rest_route=%2Fwp%2Fv2%2Ftags&post=205054"}],"curies":[{"name":"wp","href":"https:\/\/api.w.org\/{rel}","templated":true}]}}