{"id":205663,"date":"2022-05-09T08:09:30","date_gmt":"2022-05-09T12:09:30","guid":{"rendered":"https:\/\/www.ocorreionews.com.br\/acervo-correio\/?p=205663"},"modified":"2022-05-09T08:12:45","modified_gmt":"2022-05-09T12:12:45","slug":"baterista-guitarrista-tecladista-e-roadies-veja-quem-sao-as-vitimas-de-acidente-que-matou-cantor-aleksandro","status":"publish","type":"post","link":"https:\/\/www.ocorreionews.com.br\/acervo-correio\/?p=205663","title":{"rendered":"Baterista, guitarrista, tecladista e roadies: veja quem s\u00e3o as v\u00edtimas de acidente que matou cantor Aleksandro"},"content":{"rendered":"<div class=\"mc-column content-text active-extra-styles \" data-block-type=\"unstyled\" data-block-weight=\"42\" data-block-id=\"2\">\n<p class=\"content-text__container \" data-track-category=\"Link no Texto\" data-track-links=\"\">Al\u00e9m do cantor Aleksandro, dupla com Conrado, outros cinco integrantes da equipe dos m\u00fasicos morreram no grave acidente com o \u00f4nibus dos artistas na manh\u00e3 de s\u00e1bado (7), na rodovia R\u00e9gis Bittencourt, na altura de Miracatu, no interior de S\u00e3o Paulo.<\/p>\n<p data-track-category=\"Link no Texto\" data-track-links=\"\">\n<\/div>\n<div class=\"wall protected-content\">\n<div class=\"mc-column content-text active-extra-styles \" data-block-type=\"unstyled\" data-block-weight=\"32\" data-block-id=\"3\">\n<p class=\"content-text__container \" data-track-category=\"Link no Texto\" data-track-links=\"\">Segundo a assessoria de imprensa dos m\u00fasicos, al\u00e9m do cantor Luiz Aleksandro Talhari Correia, os m\u00fasicos Wisley Aliston Roberto Novais, Marzio Allan Anibal e Roger Aleixo Calgnoto est\u00e3o entre as v\u00edtimas.<\/p>\n<\/div>\n<div class=\"mc-column content-text active-extra-styles\" data-block-type=\"raw\" data-block-weight=\"6\" data-block-id=\"4\">\n<p>&nbsp;<\/p>\n<p>&nbsp;<\/p>\n<\/div>\n<div class=\"mc-column content-text active-extra-styles \" data-block-type=\"unstyled\" data-block-weight=\"30\" data-block-id=\"5\">\n<p class=\"content-text__container \" data-track-category=\"Link no Texto\" data-track-links=\"\">O roadie Giovani Gabriel Lopes dos Santos e o t\u00e9cnico de luz Gabriel Fukuda tamb\u00e9m n\u00e3o resistiram ao impacto do grave acidente e morreram. <em>Veja abaixo quem s\u00e3o as v\u00edtimas<\/em>.<\/p>\n<\/div>\n<div class=\"content-ads content-ads--reveal\" data-block-type=\"ads\" data-block-id=\"6\"><\/div>\n<\/div>\n<div class=\"mc-column content-text active-extra-styles\" data-block-type=\"raw\" data-block-weight=\"15\" data-block-id=\"8\"><\/div>\n<div class=\"mc-column content-text active-extra-styles\" data-block-type=\"raw\" data-block-weight=\"3\" data-block-id=\"9\">\n<div class=\"content-intertitle\">\n<h2>Conhe\u00e7a as v\u00edtimas<\/h2>\n<\/div>\n<p>&nbsp;<\/p>\n<\/div>\n<div class=\"mc-column content-text active-extra-styles\" data-block-type=\"raw\" data-block-weight=\"4\" data-block-id=\"10\">\n<ul class=\"content-unordered-list\">\n<li><strong>Luiz Aleksandro Talhari Correia <\/strong><\/li>\n<\/ul>\n<p>&nbsp;<\/p>\n<\/div>\n<div class=\"row medium-uncollapsed content-media content-photo\" data-block-type=\"backstage-photo\" data-block-id=\"11\">\n<div class=\"mc-column content-media__container\">\n<div class=\"content-media-container glb-skeleton-box\">\n<figure class=\"content-media-figure\">\n<p><figure style=\"width: 647px\" class=\"wp-caption aligncenter\"><img loading=\"lazy\" decoding=\"async\" class=\"i-amphtml-fill-content i-amphtml-replaced-content\" src=\"https:\/\/s2.glbimg.com\/gSSaSIh71x--xul_Fing-kxB_Oc=\/0x0:600x488\/984x0\/smart\/filters:strip_icc()\/i.s3.glbimg.com\/v1\/AUTH_59edd422c0c84a879bd37670ae4f538a\/internal_photos\/bs\/2022\/t\/D\/FLwkcXTAKcLHGOmN6qOQ\/aleksandro.jpg\" sizes=\"auto, (max-width: 1366px) 648px, 100vw\" srcset=\"https:\/\/s2.glbimg.com\/DnY7mAgpfpqkjC0EE3-OOXB0s8Y=\/0x0:600x488\/1000x0\/smart\/filters:strip_icc()\/i.s3.glbimg.com\/v1\/AUTH_59edd422c0c84a879bd37670ae4f538a\/internal_photos\/bs\/2022\/t\/D\/FLwkcXTAKcLHGOmN6qOQ\/aleksandro.jpg 1000w, https:\/\/s2.glbimg.com\/gSSaSIh71x--xul_Fing-kxB_Oc=\/0x0:600x488\/984x0\/smart\/filters:strip_icc()\/i.s3.glbimg.com\/v1\/AUTH_59edd422c0c84a879bd37670ae4f538a\/internal_photos\/bs\/2022\/t\/D\/FLwkcXTAKcLHGOmN6qOQ\/aleksandro.jpg 984w, https:\/\/s2.glbimg.com\/_1wduyNwZ-PDdW98NW2h0DU3FdM=\/0x0:600x488\/640x0\/smart\/filters:strip_icc()\/i.s3.glbimg.com\/v1\/AUTH_59edd422c0c84a879bd37670ae4f538a\/internal_photos\/bs\/2022\/t\/D\/FLwkcXTAKcLHGOmN6qOQ\/aleksandro.jpg 640w, https:\/\/s2.glbimg.com\/UAJV4Ok14v1CCx_mpj2U36fcFCI=\/0x0:600x488\/600x0\/smart\/filters:strip_icc()\/i.s3.glbimg.com\/v1\/AUTH_59edd422c0c84a879bd37670ae4f538a\/internal_photos\/bs\/2022\/t\/D\/FLwkcXTAKcLHGOmN6qOQ\/aleksandro.jpg 600w\" alt=\"Aleksandro, da dupla sertaneja, Conrado e Aleksandro, morre em acidente de \u00f4nibus em rodovia de SP. \u2014 Foto: Reprodu\u00e7\u00e3o\/ Instagram\" width=\"647\" height=\"526\" \/><figcaption class=\"wp-caption-text\">Aleksandro, da dupla sertaneja, Conrado e Aleksandro, morre em acidente de \u00f4nibus em rodovia de SP. \u2014 Foto: Reprodu\u00e7\u00e3o\/ Instagram<\/figcaption><\/figure><\/figure>\n<\/div>\n<p class=\"content-media__description \">\n<\/div>\n<\/div>\n<div class=\"content-ads content-ads--reveal\" data-block-type=\"ads\" data-block-id=\"12\"><\/div>\n<div class=\"mc-column content-text active-extra-styles \" data-block-type=\"unstyled\" data-block-weight=\"52\" data-block-id=\"13\">\n<p class=\"content-text__container \" data-track-category=\"Link no Texto\" data-track-links=\"\">Luiz Aleksandro Talhari Correia, de 34 anos, teve o primeiro contato com a m\u00fasica aos 11 anos de idade. Desde ent\u00e3o, ele seguiu com paix\u00e3o pela m\u00fasica at\u00e9 formar a dupla sertaneja em 2003. Casado, Aleksandro, como \u00e9 mais conhecido, deixou uma esposa e tr\u00eas filhos, que residem em Campo Grande (MS).<\/p>\n<\/div>\n<div class=\"mc-column content-text active-extra-styles\" data-block-type=\"raw\" data-block-weight=\"4\" data-block-id=\"14\">\n<ul class=\"content-unordered-list\">\n<li><strong>Wisley Aliston Roberto Novais<\/strong><\/li>\n<\/ul>\n<p>&nbsp;<\/p>\n<\/div>\n<div class=\"row medium-uncollapsed content-media content-photo\" data-block-type=\"backstage-photo\" data-block-id=\"15\">\n<div class=\"mc-column content-media__container\">\n<div class=\"content-media-container glb-skeleton-box\">\n<figure class=\"content-media-figure\">\n<p><figure style=\"width: 647px\" class=\"wp-caption aligncenter\"><img loading=\"lazy\" decoding=\"async\" class=\"i-amphtml-fill-content i-amphtml-replaced-content\" src=\"https:\/\/s2.glbimg.com\/_NeKBl8r-aAQhJhAWZsABd9eZsk=\/0x0:871x871\/984x0\/smart\/filters:strip_icc()\/i.s3.glbimg.com\/v1\/AUTH_59edd422c0c84a879bd37670ae4f538a\/internal_photos\/bs\/2022\/T\/F\/nK1MOCS2qwB3l3F5OMWQ\/8ccc98cf-5375-4ac6-a0f7-cddfe0c2585d.jpg\" sizes=\"auto, (max-width: 1366px) 648px, 100vw\" srcset=\"https:\/\/s2.glbimg.com\/8fswsjmqT_OjrnDr_uX5U3DfJgc=\/0x0:871x871\/1000x0\/smart\/filters:strip_icc()\/i.s3.glbimg.com\/v1\/AUTH_59edd422c0c84a879bd37670ae4f538a\/internal_photos\/bs\/2022\/T\/F\/nK1MOCS2qwB3l3F5OMWQ\/8ccc98cf-5375-4ac6-a0f7-cddfe0c2585d.jpg 1000w, https:\/\/s2.glbimg.com\/_NeKBl8r-aAQhJhAWZsABd9eZsk=\/0x0:871x871\/984x0\/smart\/filters:strip_icc()\/i.s3.glbimg.com\/v1\/AUTH_59edd422c0c84a879bd37670ae4f538a\/internal_photos\/bs\/2022\/T\/F\/nK1MOCS2qwB3l3F5OMWQ\/8ccc98cf-5375-4ac6-a0f7-cddfe0c2585d.jpg 984w, https:\/\/s2.glbimg.com\/CUkqXsIfoQyp9u1grUmfvZzcwcI=\/0x0:871x871\/640x0\/smart\/filters:strip_icc()\/i.s3.glbimg.com\/v1\/AUTH_59edd422c0c84a879bd37670ae4f538a\/internal_photos\/bs\/2022\/T\/F\/nK1MOCS2qwB3l3F5OMWQ\/8ccc98cf-5375-4ac6-a0f7-cddfe0c2585d.jpg 640w, https:\/\/s2.glbimg.com\/HhyAA_9GHiaIZXBOY2iUYPBU40Q=\/0x0:871x871\/600x0\/smart\/filters:strip_icc()\/i.s3.glbimg.com\/v1\/AUTH_59edd422c0c84a879bd37670ae4f538a\/internal_photos\/bs\/2022\/T\/F\/nK1MOCS2qwB3l3F5OMWQ\/8ccc98cf-5375-4ac6-a0f7-cddfe0c2585d.jpg 600w\" alt=\"O m\u00fasico Wisley Novaes, de Sandovalina (SP), morreu v\u00edtima do acidente com o \u00f4nibus da dupla Conrado e Aleksandro, na manh\u00e3 deste s\u00e1bado (7), na Rodovia R\u00e9gis Bittencourt, em Miracatu (SP) \u2014 Foto: Reprodu\u00e7\u00e3o\" width=\"647\" height=\"647\" \/><figcaption class=\"wp-caption-text\">O m\u00fasico Wisley Novaes, de Sandovalina (SP), morreu v\u00edtima do acidente com o \u00f4nibus da dupla Conrado e Aleksandro, na manh\u00e3 deste s\u00e1bado (7), na Rodovia R\u00e9gis Bittencourt, em Miracatu (SP) \u2014 Foto: Reprodu\u00e7\u00e3o<\/figcaption><\/figure><\/figure>\n<\/div>\n<p>&nbsp;<\/p>\n<\/div>\n<\/div>\n<div class=\"mc-column content-text active-extra-styles \" data-block-type=\"unstyled\" data-block-weight=\"38\" data-block-id=\"16\">\n<p class=\"content-text__container \" data-track-category=\"Link no Texto\" data-track-links=\"\">Wisley Novaes tinha 26 anos de idade e fazia parte da banda de Conrado e Aleksandro havia dois anos. Antes disso, ele havia trabalhado com v\u00e1rias outras bandas e duplas sertanejas nacionais, entre as quais, Lucca e Mateus.<\/p>\n<p data-track-category=\"Link no Texto\" data-track-links=\"\">\n<\/div>\n<div class=\"mc-column content-text active-extra-styles\" data-block-type=\"raw\" data-block-weight=\"3\" data-block-id=\"17\">\n<ul class=\"content-unordered-list\">\n<li><strong>Marzio Allan Anibal<\/strong><\/li>\n<\/ul>\n<p>&nbsp;<\/p>\n<\/div>\n<div class=\"row medium-uncollapsed content-media content-photo\" data-block-type=\"backstage-photo\" data-block-id=\"18\">\n<div class=\"mc-column content-media__container\">\n<div class=\"content-media-container glb-skeleton-box\">\n<figure class=\"content-media-figure\">\n<p><figure style=\"width: 647px\" class=\"wp-caption aligncenter\"><img loading=\"lazy\" decoding=\"async\" class=\"i-amphtml-fill-content i-amphtml-replaced-content\" src=\"https:\/\/s2.glbimg.com\/LWt88UNGv2yTswH_0QjQVw1wEKQ=\/0x0:960x959\/984x0\/smart\/filters:strip_icc()\/i.s3.glbimg.com\/v1\/AUTH_59edd422c0c84a879bd37670ae4f538a\/internal_photos\/bs\/2022\/B\/D\/JjLL0NQBKjjDwBI5TAVA\/allan-anibal.jpg\" sizes=\"auto, (max-width: 1366px) 648px, 100vw\" srcset=\"https:\/\/s2.glbimg.com\/MtCAyxAyJm26aaQGM7zMNSJKqaU=\/0x0:960x959\/1000x0\/smart\/filters:strip_icc()\/i.s3.glbimg.com\/v1\/AUTH_59edd422c0c84a879bd37670ae4f538a\/internal_photos\/bs\/2022\/B\/D\/JjLL0NQBKjjDwBI5TAVA\/allan-anibal.jpg 1000w, https:\/\/s2.glbimg.com\/LWt88UNGv2yTswH_0QjQVw1wEKQ=\/0x0:960x959\/984x0\/smart\/filters:strip_icc()\/i.s3.glbimg.com\/v1\/AUTH_59edd422c0c84a879bd37670ae4f538a\/internal_photos\/bs\/2022\/B\/D\/JjLL0NQBKjjDwBI5TAVA\/allan-anibal.jpg 984w, https:\/\/s2.glbimg.com\/HRTq3LePQl5w0TwMHpC9E7jnuEI=\/0x0:960x959\/640x0\/smart\/filters:strip_icc()\/i.s3.glbimg.com\/v1\/AUTH_59edd422c0c84a879bd37670ae4f538a\/internal_photos\/bs\/2022\/B\/D\/JjLL0NQBKjjDwBI5TAVA\/allan-anibal.jpg 640w, https:\/\/s2.glbimg.com\/bTV8JUUCF7jsrmimcx5rIgUabP4=\/0x0:960x959\/600x0\/smart\/filters:strip_icc()\/i.s3.glbimg.com\/v1\/AUTH_59edd422c0c84a879bd37670ae4f538a\/internal_photos\/bs\/2022\/B\/D\/JjLL0NQBKjjDwBI5TAVA\/allan-anibal.jpg 600w\" alt=\"Marzio Allan Anibal \u2014 Foto: Facebook\/Reprodu\u00e7\u00e3o\" width=\"647\" height=\"647\" \/><figcaption class=\"wp-caption-text\">Marzio Allan Anibal \u2014 Foto: Facebook\/Reprodu\u00e7\u00e3o<\/figcaption><\/figure><\/figure>\n<\/div>\n<p class=\"content-media__description \">\n<\/div>\n<\/div>\n<div class=\"content-ads content-ads--reveal\" data-block-type=\"ads\" data-block-id=\"19\"><\/div>\n<div class=\"mc-column content-text active-extra-styles \" data-block-type=\"unstyled\" data-block-weight=\"38\" data-block-id=\"20\">\n<p class=\"content-text__container \" data-track-category=\"Link no Texto\" data-track-links=\"\">O tecladista e produtor musical Marzio Allan Anibal tinha 42 anos e tamb\u00e9m fazia parte da banda Conrado e Aleksandro. Segundo apurado pelo <strong>g1<\/strong>, a estreia dele com os artistas foi em 17 de abril deste ano.<\/p>\n<p data-track-category=\"Link no Texto\" data-track-links=\"\">\n<\/div>\n<div class=\"mc-column content-text active-extra-styles\" data-block-type=\"raw\" data-block-weight=\"3\" data-block-id=\"21\">\n<ul class=\"content-unordered-list\">\n<li><strong>Roger Aleixo Calgnoto<\/strong><\/li>\n<\/ul>\n<p>&nbsp;<\/p>\n<\/div>\n<div class=\"row medium-uncollapsed content-media content-photo\" data-block-type=\"backstage-photo\" data-block-id=\"22\">\n<div class=\"mc-column content-media__container\">\n<div class=\"content-media-container glb-skeleton-box\">\n<figure class=\"content-media-figure\">\n<p><figure style=\"width: 647px\" class=\"wp-caption aligncenter\"><img loading=\"lazy\" decoding=\"async\" class=\"i-amphtml-fill-content i-amphtml-replaced-content\" src=\"https:\/\/s2.glbimg.com\/eqndJLhyzfntYp2UnKn1IAefcQk=\/0x0:1024x806\/984x0\/smart\/filters:strip_icc()\/i.s3.glbimg.com\/v1\/AUTH_59edd422c0c84a879bd37670ae4f538a\/internal_photos\/bs\/2022\/H\/m\/qsfewYRf631uGSV6H3WQ\/roger-calgnoto.jpeg\" sizes=\"auto, (max-width: 1366px) 648px, 100vw\" srcset=\"https:\/\/s2.glbimg.com\/CzOvRqq0aUJItVmVlcZlXe7pCO0=\/0x0:1024x806\/1000x0\/smart\/filters:strip_icc()\/i.s3.glbimg.com\/v1\/AUTH_59edd422c0c84a879bd37670ae4f538a\/internal_photos\/bs\/2022\/H\/m\/qsfewYRf631uGSV6H3WQ\/roger-calgnoto.jpeg 1000w, https:\/\/s2.glbimg.com\/eqndJLhyzfntYp2UnKn1IAefcQk=\/0x0:1024x806\/984x0\/smart\/filters:strip_icc()\/i.s3.glbimg.com\/v1\/AUTH_59edd422c0c84a879bd37670ae4f538a\/internal_photos\/bs\/2022\/H\/m\/qsfewYRf631uGSV6H3WQ\/roger-calgnoto.jpeg 984w, https:\/\/s2.glbimg.com\/Tw9A7E1DPLMEEWUDKQAeKZu_t-Y=\/0x0:1024x806\/640x0\/smart\/filters:strip_icc()\/i.s3.glbimg.com\/v1\/AUTH_59edd422c0c84a879bd37670ae4f538a\/internal_photos\/bs\/2022\/H\/m\/qsfewYRf631uGSV6H3WQ\/roger-calgnoto.jpeg 640w, https:\/\/s2.glbimg.com\/_Iy9DmVwLYGqCwbX17Vr5Re4w7I=\/0x0:1024x806\/600x0\/smart\/filters:strip_icc()\/i.s3.glbimg.com\/v1\/AUTH_59edd422c0c84a879bd37670ae4f538a\/internal_photos\/bs\/2022\/H\/m\/qsfewYRf631uGSV6H3WQ\/roger-calgnoto.jpeg 600w\" alt=\"M\u00fasico Roger Calgnoto \u2014 Foto: Instagram\/Reprodu\u00e7\u00e3o\" width=\"647\" height=\"510\" \/><figcaption class=\"wp-caption-text\">M\u00fasico Roger Calgnoto \u2014 Foto: Instagram\/Reprodu\u00e7\u00e3o<\/figcaption><\/figure><\/figure>\n<\/div>\n<p class=\"content-media__description \">\n<\/div>\n<\/div>\n<div class=\"mc-column content-text active-extra-styles \" data-block-type=\"unstyled\" data-block-weight=\"42\" data-block-id=\"23\">\n<p class=\"content-text__container \" data-track-category=\"Link no Texto\" data-track-links=\"\">Roger Calgnoto, conhecido como &#8220;Panda&#8217;, era baterista, tinha 38 anos e fazia parte da banda de Conrado e Aleksandro. Ele tamb\u00e9m j\u00e1 trabalhou com v\u00e1rias outras bandas e duplas sertanejas nacionais, entre Jeann &amp; J\u00falio, Naiara Azevedo, Jefferson Moraes, entre outros.<\/p>\n<\/div>\n<div class=\"mc-column content-text active-extra-styles\" data-block-type=\"raw\" data-block-weight=\"5\" data-block-id=\"24\">\n<ul class=\"content-unordered-list\">\n<li><strong>Giovani Gabriel Lopes dos Santos<\/strong><\/li>\n<\/ul>\n<p>&nbsp;<\/p>\n<\/div>\n<div class=\"mc-column content-text active-extra-styles \" data-block-type=\"unstyled\" data-block-weight=\"40\" data-block-id=\"25\">\n<p class=\"content-text__container \" data-track-category=\"Link no Texto\" data-track-links=\"\">Giovani Gabriel Lopes dos Santos tinha 23 anos e trabalhava como roadie da banda de Conrado e Aleksandro. O <strong>g1<\/strong> solicitou \u00e0 assessoria da dupla informa\u00e7\u00f5es sobre o profissional, mas n\u00e3o obteve retorno at\u00e9 a \u00faltima atualiza\u00e7\u00e3o desta reportagem.<\/p>\n<\/div>\n<div class=\"content-ads content-ads--reveal\" data-block-type=\"ads\" data-block-id=\"26\"><\/div>\n<div class=\"mc-column content-text active-extra-styles\" data-block-type=\"raw\" data-block-weight=\"2\" data-block-id=\"27\">\n<ul class=\"content-unordered-list\">\n<li><strong>Gabriel Fukuda <\/strong><\/li>\n<\/ul>\n<p>&nbsp;<\/p>\n<\/div>\n<div class=\"row medium-uncollapsed content-media content-photo\" data-block-type=\"backstage-photo\" data-block-id=\"28\">\n<div class=\"mc-column content-media__container\">\n<div class=\"content-media-container glb-skeleton-box\">\n<figure class=\"content-media-figure\">\n<p><figure style=\"width: 647px\" class=\"wp-caption aligncenter\"><img loading=\"lazy\" decoding=\"async\" class=\"i-amphtml-fill-content i-amphtml-replaced-content\" src=\"https:\/\/s2.glbimg.com\/Y3nVaQWKaWFU8lwJK8oQKOhL_OM=\/0x0:1080x525\/984x0\/smart\/filters:strip_icc()\/i.s3.glbimg.com\/v1\/AUTH_59edd422c0c84a879bd37670ae4f538a\/internal_photos\/bs\/2022\/H\/T\/cWAkrSQRysYnBaMLj2UA\/gabriel-fukuda.jpg\" sizes=\"auto, (max-width: 1366px) 648px, 100vw\" srcset=\"https:\/\/s2.glbimg.com\/2KHtp_B2fbkJmQ4hVLdeQ9XDRF8=\/0x0:1080x525\/1000x0\/smart\/filters:strip_icc()\/i.s3.glbimg.com\/v1\/AUTH_59edd422c0c84a879bd37670ae4f538a\/internal_photos\/bs\/2022\/H\/T\/cWAkrSQRysYnBaMLj2UA\/gabriel-fukuda.jpg 1000w, https:\/\/s2.glbimg.com\/Y3nVaQWKaWFU8lwJK8oQKOhL_OM=\/0x0:1080x525\/984x0\/smart\/filters:strip_icc()\/i.s3.glbimg.com\/v1\/AUTH_59edd422c0c84a879bd37670ae4f538a\/internal_photos\/bs\/2022\/H\/T\/cWAkrSQRysYnBaMLj2UA\/gabriel-fukuda.jpg 984w, https:\/\/s2.glbimg.com\/JhhDtggKhHH40hsqwEFCIZVsjME=\/0x0:1080x525\/640x0\/smart\/filters:strip_icc()\/i.s3.glbimg.com\/v1\/AUTH_59edd422c0c84a879bd37670ae4f538a\/internal_photos\/bs\/2022\/H\/T\/cWAkrSQRysYnBaMLj2UA\/gabriel-fukuda.jpg 640w, https:\/\/s2.glbimg.com\/dExLd2FQOK2VNOKwYRePZzAFK7M=\/0x0:1080x525\/600x0\/smart\/filters:strip_icc()\/i.s3.glbimg.com\/v1\/AUTH_59edd422c0c84a879bd37670ae4f538a\/internal_photos\/bs\/2022\/H\/T\/cWAkrSQRysYnBaMLj2UA\/gabriel-fukuda.jpg 600w\" alt=\"T\u00e9cnico de ilumina\u00e7\u00e3o Gabriel Fukuda \u2014 Foto: Facebook\/Reprodu\u00e7\u00e3o\" width=\"647\" height=\"314\" \/><figcaption class=\"wp-caption-text\">T\u00e9cnico de ilumina\u00e7\u00e3o Gabriel Fukuda \u2014 Foto: Facebook\/Reprodu\u00e7\u00e3o<\/figcaption><\/figure><\/figure>\n<\/div>\n<p>&nbsp;<\/p>\n<\/div>\n<\/div>\n<div class=\"mc-column content-text active-extra-styles \" data-block-type=\"unstyled\" data-block-weight=\"47\" data-block-id=\"29\">\n<p class=\"content-text__container \" data-track-category=\"Link no Texto\" data-track-links=\"\">Al\u00e9m de atuar como t\u00e9cnico de ilumina\u00e7\u00e3o na banda de Conrado e Aleksandro, Gabriel Fukuda, que tinha 19 anos, tamb\u00e9m era baterista e roadie. Ele tamb\u00e9m j\u00e1 trabalhou com v\u00e1rias outras bandas e duplas sertanejas nacionais, entre Edson &amp; Hudson, Pedro Paulo e Alex, entre outros.<\/p>\n<p data-track-category=\"Link no Texto\" data-track-links=\"\">\n<\/div>\n<div class=\"row medium-uncollapsed content-media content-photo\" data-block-type=\"backstage-photo\" data-block-id=\"30\">\n<div class=\"mc-column content-media__container\">\n<div class=\"content-media-container glb-skeleton-box\">\n<figure class=\"content-media-figure\">\n<p><figure style=\"width: 647px\" class=\"wp-caption aligncenter\"><img loading=\"lazy\" decoding=\"async\" class=\"i-amphtml-fill-content i-amphtml-replaced-content\" src=\"https:\/\/s2.glbimg.com\/0ESmrUOOtZ8kAVdAzJDW7Zhxjag=\/0x0:1600x1200\/984x0\/smart\/filters:strip_icc()\/i.s3.glbimg.com\/v1\/AUTH_59edd422c0c84a879bd37670ae4f538a\/internal_photos\/bs\/2022\/G\/0\/CvVD1XQwaOABogmiU6CQ\/whatsapp-image-2022-05-07-at-11.48.27.jpeg\" sizes=\"auto, (max-width: 1366px) 648px, 100vw\" srcset=\"https:\/\/s2.glbimg.com\/G6G23VccPXUIg44tqnDe4hOMt1o=\/0x0:1600x1200\/1000x0\/smart\/filters:strip_icc()\/i.s3.glbimg.com\/v1\/AUTH_59edd422c0c84a879bd37670ae4f538a\/internal_photos\/bs\/2022\/G\/0\/CvVD1XQwaOABogmiU6CQ\/whatsapp-image-2022-05-07-at-11.48.27.jpeg 1000w, https:\/\/s2.glbimg.com\/0ESmrUOOtZ8kAVdAzJDW7Zhxjag=\/0x0:1600x1200\/984x0\/smart\/filters:strip_icc()\/i.s3.glbimg.com\/v1\/AUTH_59edd422c0c84a879bd37670ae4f538a\/internal_photos\/bs\/2022\/G\/0\/CvVD1XQwaOABogmiU6CQ\/whatsapp-image-2022-05-07-at-11.48.27.jpeg 984w, https:\/\/s2.glbimg.com\/TaAMNnXCvsROYY51DHIod3Z0SMA=\/0x0:1600x1200\/640x0\/smart\/filters:strip_icc()\/i.s3.glbimg.com\/v1\/AUTH_59edd422c0c84a879bd37670ae4f538a\/internal_photos\/bs\/2022\/G\/0\/CvVD1XQwaOABogmiU6CQ\/whatsapp-image-2022-05-07-at-11.48.27.jpeg 640w, https:\/\/s2.glbimg.com\/5N8hcbB3WdpgLPr2GaQ6-QNofQc=\/0x0:1600x1200\/600x0\/smart\/filters:strip_icc()\/i.s3.glbimg.com\/v1\/AUTH_59edd422c0c84a879bd37670ae4f538a\/internal_photos\/bs\/2022\/G\/0\/CvVD1XQwaOABogmiU6CQ\/whatsapp-image-2022-05-07-at-11.48.27.jpeg 600w\" alt=\"Acidente de \u00f4nibus da dupla Conrado e Aleksandro deixou seis mortos \u2014 Foto: Reprodu\u00e7\u00e3o\" width=\"647\" height=\"485\" \/><figcaption class=\"wp-caption-text\">Acidente de \u00f4nibus da dupla Conrado e Aleksandro deixou seis mortos \u2014 Foto: Reprodu\u00e7\u00e3o<\/figcaption><\/figure><\/figure>\n<\/div>\n<p class=\"content-media__description \">\n<\/div>\n<\/div>\n<div class=\"content-ads content-ads--reveal\" data-block-type=\"ads\" data-block-id=\"31\"><\/div>\n<div class=\"mc-column content-text active-extra-styles\" data-block-type=\"raw\" data-block-weight=\"3\" data-block-id=\"32\">\n<div class=\"content-intertitle\">\n<h2>Vel\u00f3rio e sepultamento<\/h2>\n<p>&nbsp;<\/p>\n<\/div>\n<p>&nbsp;<\/p>\n<\/div>\n<div class=\"mc-column content-text active-extra-styles \" data-block-type=\"unstyled\" data-block-weight=\"35\" data-block-id=\"33\">\n<p class=\"content-text__container \" data-track-category=\"Link no Texto\" data-track-links=\"\">De acordo com a assessoria da dupla, os corpos das v\u00edtimas j\u00e1 foram encaminhados para Curitiba (PR), mas ainda n\u00e3o h\u00e1 previs\u00e3o de hor\u00e1rio em que ser\u00e3o liberados para os respectivos vel\u00f3rios e sepultamentos.<\/p>\n<p data-track-category=\"Link no Texto\" data-track-links=\"\">\n<\/div>\n<div class=\"mc-column content-text active-extra-styles \" data-block-type=\"unstyled\" data-block-weight=\"48\" data-block-id=\"34\">\n<p class=\"content-text__container \" data-track-category=\"Link no Texto\" data-track-links=\"\">Em nota, a assessoria afirma que Aleksandro e Giovani ser\u00e3o velados no Gin\u00e1sio de Esportes Luiz Bom, na Avenida Serra do Flamengo, 28, no Jardim Bandeirantes, em Londrina (PR). Roger ser\u00e1 velado na Capela 2 da ACESF, na Avenida Juscelino Kubitscheck, 2948, no Centro, tamb\u00e9m em Londrina.<\/p>\n<p data-track-category=\"Link no Texto\" data-track-links=\"\">\n<\/div>\n<div class=\"bs-video-block mc-column content-media content-video\" data-block-type=\"backstage-video\" data-block-id=\"35\">\n<div class=\"content-media__container\">\n<div class=\"content-video__bigger-player-description-fixer\">\n<article class=\"content-video\">\n<section class=\"content-video__video-container\">\n<div class=\"content-video__video\">\n<div class=\"content-video__placeholder\" data-video-id=\"10554877\" data-video-has-viewport-play=\"True\">\n<figure style=\"width: 427px\" class=\"wp-caption aligncenter\"><img loading=\"lazy\" decoding=\"async\" class=\"content-video__placeholder__thumb\" title=\"\u00daltimo story publicado por Aleksandro mostra cantor na estrada\" src=\"https:\/\/s02.video.glbimg.com\/x240\/10554877.jpg\" alt=\"\u00daltimo story publicado por Aleksandro mostra cantor na estrada\" width=\"427\" height=\"240\" \/><figcaption class=\"wp-caption-text\">\u00daltimo story publicado por Aleksandro mostra cantor na estrada<\/figcaption><\/figure>\n<\/div>\n<\/div>\n<\/section>\n<\/article>\n<\/div>\n<\/div>\n<\/div>\n<div class=\"bs-video-block mc-column content-media content-video\" data-block-type=\"backstage-video\" data-block-id=\"35\">\n<div class=\"content-media__container\">\n<div class=\"content-video__bigger-player-description-fixer\">\n<article class=\"content-video\">\n<section class=\"content-video__video-container\">\n<div class=\"content-video__video\"><\/div>\n<\/section>\n<\/article>\n<\/div>\n<p class=\"content-media__description\">\n<\/div>\n<\/div>\n<div class=\"mc-column content-text active-extra-styles \" data-block-type=\"unstyled\" data-block-weight=\"29\" data-block-id=\"36\">\n<p class=\"content-text__container \" data-track-category=\"Link no Texto\" data-track-links=\"\">Marzio ser\u00e1 velado em Ibipor\u00e3 (PR), Wisley em Sandovalina (SP) e Gabriel em S\u00e3o Sebasti\u00e3o da Amoreira (PR). As informa\u00e7\u00f5es sobre os locais n\u00e3o foram divulgadas at\u00e9 momento.<\/p>\n<\/div>\n<div class=\"content-ads content-ads--reveal\" data-block-type=\"ads\" data-block-id=\"37\"><\/div>\n<div class=\"mc-column content-text active-extra-styles \" data-block-type=\"unstyled\" data-block-weight=\"25\" data-block-id=\"38\">\n<p class=\"content-text__container \" data-track-category=\"Link no Texto\" data-track-links=\"\">Ainda de acordo com a assessoria, Aleksandro ser\u00e1 sepultado no Cemit\u00e9rio e Cremat\u00f3rio Parque das Allamandas, na Rua Joana Rodrigues Jondral, no Cilo II.<\/p>\n<\/div>\n<div class=\"mc-column content-text active-extra-styles\" data-block-type=\"raw\" data-block-weight=\"2\" data-block-id=\"39\">\n<div class=\"content-intertitle\">\n<h2>Grave acidente<\/h2>\n<\/div>\n<p>&nbsp;<\/p>\n<\/div>\n<div class=\"mc-column content-text active-extra-styles \" data-block-type=\"unstyled\" data-block-weight=\"41\" data-block-id=\"40\">\n<p class=\"content-text__container \" data-track-category=\"Link no Texto\" data-track-links=\"\">O grave acidente com o \u00f4nibus da dupla sertaneja Conrado e Aleksandro, na manh\u00e3 de s\u00e1bado (7), na rodovia R\u00e9gis Bittencout, na altura de Miracatu, no interior de S\u00e3o Paulo. Entre os seis mortos, est\u00e1 o cantor Aleksandro Correa.<\/p>\n<p data-track-category=\"Link no Texto\" data-track-links=\"\">\n<\/div>\n<div class=\"mc-column content-text active-extra-styles \" data-block-type=\"unstyled\" data-block-weight=\"65\" data-block-id=\"41\">\n<p class=\"content-text__container \" data-track-category=\"Link no Texto\" data-track-links=\"\">Segundo \u00faltimo boletim m\u00e9dico, o m\u00fasico Jo\u00e3o Vitor Moreira Sales (Conrado) permanece internado no Hospital Regional de Registro ap\u00f3s o acidente. Ele foi a primeira v\u00edtima a ser socorrida e encaminhado \u00e0 unidade, aparentemente, com ferimentos leves. Ao dar entrada no hospital foi avaliada a necessidade de uma cirurgia geral. O cantor encontra-se na Unidade de Terapia Intensiva (UTI) em estado grave, mas est\u00e1vel.<\/p>\n<p data-track-category=\"Link no Texto\" data-track-links=\"\">\n<\/div>\n<div class=\"mc-column content-text active-extra-styles \" data-block-type=\"unstyled\" data-block-weight=\"43\" data-block-id=\"42\">\n<p class=\"content-text__container \" data-track-category=\"Link no Texto\" data-track-links=\"\">O acidente aconteceu por volta das 10h30, no km 402,2 da pista, no sentido S\u00e3o Paulo (SP). De acordo com a Arteris, concession\u00e1ria que administra o trecho, houve registro de 4km de congestionamento na pista sentido Curitiba e 2km no sentido S\u00e3o Paulo.<\/p>\n<p data-track-category=\"Link no Texto\" data-track-links=\"\">\n<\/div>\n<div class=\"mc-column content-text active-extra-styles \" data-block-type=\"unstyled\" data-block-weight=\"57\" data-block-id=\"43\">\n<p class=\"content-text__container \" data-track-category=\"Link no Texto\" data-track-links=\"\">Ao <strong>g1<\/strong>, o empres\u00e1rio da dupla, Jos\u00e9 Carlos Cassucce, afirmou que o ve\u00edculo da banda saiu de Tijucas do Sul (PR), onde a dupla fez um show na sexta-feira (6), e seguia com destino para S\u00e3o Pedro (SP), onde havia um show agendado para s\u00e1bado, mas o evento, mas a atra\u00e7\u00e3o foi substitu\u00edda pela casa de shows.<\/p>\n<p class=\"content-publication-data__from\" title=\"Brenda Bento, g1 Santos\">Por Brenda Bento, g1 Santos<\/p>\n<\/div>\n","protected":false},"excerpt":{"rendered":"<p>Al\u00e9m do cantor Aleksandro, dupla com Conrado, outros cinco integrantes da equipe dos m\u00fasicos morreram no grave acidente com o \u00f4nibus dos artistas na manh\u00e3 de s\u00e1bado (7), na rodovia R\u00e9gis Bittencourt, na altura de Miracatu, no interior de S\u00e3o Paulo. Segundo a assessoria de imprensa dos m\u00fasicos, al\u00e9m do cantor Luiz Aleksandro Talhari Correia, [&hellip;]<\/p>\n","protected":false},"author":5,"featured_media":205667,"comment_status":"closed","ping_status":"closed","sticky":false,"template":"","format":"standard","meta":{"footnotes":""},"categories":[38],"tags":[],"class_list":["post-205663","post","type-post","status-publish","format-standard","has-post-thumbnail","hentry","category-policia"],"_links":{"self":[{"href":"https:\/\/www.ocorreionews.com.br\/acervo-correio\/index.php?rest_route=\/wp\/v2\/posts\/205663","targetHints":{"allow":["GET"]}}],"collection":[{"href":"https:\/\/www.ocorreionews.com.br\/acervo-correio\/index.php?rest_route=\/wp\/v2\/posts"}],"about":[{"href":"https:\/\/www.ocorreionews.com.br\/acervo-correio\/index.php?rest_route=\/wp\/v2\/types\/post"}],"author":[{"embeddable":true,"href":"https:\/\/www.ocorreionews.com.br\/acervo-correio\/index.php?rest_route=\/wp\/v2\/users\/5"}],"replies":[{"embeddable":true,"href":"https:\/\/www.ocorreionews.com.br\/acervo-correio\/index.php?rest_route=%2Fwp%2Fv2%2Fcomments&post=205663"}],"version-history":[{"count":1,"href":"https:\/\/www.ocorreionews.com.br\/acervo-correio\/index.php?rest_route=\/wp\/v2\/posts\/205663\/revisions"}],"predecessor-version":[{"id":205671,"href":"https:\/\/www.ocorreionews.com.br\/acervo-correio\/index.php?rest_route=\/wp\/v2\/posts\/205663\/revisions\/205671"}],"wp:featuredmedia":[{"embeddable":true,"href":"https:\/\/www.ocorreionews.com.br\/acervo-correio\/index.php?rest_route=\/wp\/v2\/media\/205667"}],"wp:attachment":[{"href":"https:\/\/www.ocorreionews.com.br\/acervo-correio\/index.php?rest_route=%2Fwp%2Fv2%2Fmedia&parent=205663"}],"wp:term":[{"taxonomy":"category","embeddable":true,"href":"https:\/\/www.ocorreionews.com.br\/acervo-correio\/index.php?rest_route=%2Fwp%2Fv2%2Fcategories&post=205663"},{"taxonomy":"post_tag","embeddable":true,"href":"https:\/\/www.ocorreionews.com.br\/acervo-correio\/index.php?rest_route=%2Fwp%2Fv2%2Ftags&post=205663"}],"curies":[{"name":"wp","href":"https:\/\/api.w.org\/{rel}","templated":true}]}}