{"id":205666,"date":"2022-05-09T08:08:18","date_gmt":"2022-05-09T12:08:18","guid":{"rendered":"https:\/\/www.ocorreionews.com.br\/acervo-correio\/?p=205666"},"modified":"2022-05-09T08:16:33","modified_gmt":"2022-05-09T12:16:33","slug":"pm-de-paraiso-das-aguas-evitou-furto-de-caminhonete","status":"publish","type":"post","link":"https:\/\/www.ocorreionews.com.br\/acervo-correio\/?p=205666","title":{"rendered":"Suspeito furta S-10, desiste, abandona ve\u00edculo na frente da resid\u00eancia em Para\u00edso das \u00c1guas"},"content":{"rendered":"<p>Conforme ocorr\u00eancia lavrada pelo 3\u00ba Pelot\u00e3o de Pol\u00edcia Militar de Para\u00edso das \u00c1guas, na noite deste domingo (8), um ve\u00edculo Chevrolet S-10, ano 2009, cor prata, esta sendo furtado na Rua \u00c1frica.<\/p>\n<p>Ainda de acordo com a PM, a caminhonete foi encontrada no meio da rua, abandonada, quando uma testemunha avistou o autor saindo correndo.<\/p>\n<p>A pol\u00edcia j\u00e1 possui o nome do autor, que ser\u00e1 investigado.<\/p>\n<p>O ve\u00edculo pertence \u00e0 uma mulher de 38 anos.<\/p>\n<p><span style=\"font-family: Verdana;\">A ocorr\u00eancia foi entregue na delegacia de Pol\u00edcia Civil para prosseguimento ao caso.<\/span><\/p>\n<p>&nbsp;<\/p>\n<p>*BNC Noticias<\/p>\n","protected":false},"excerpt":{"rendered":"<p>Conforme ocorr\u00eancia lavrada pelo 3\u00ba Pelot\u00e3o de Pol\u00edcia Militar de Para\u00edso das \u00c1guas, na noite deste domingo (8), um ve\u00edculo Chevrolet S-10, ano 2009, cor prata, esta sendo furtado na Rua \u00c1frica. Ainda de acordo com a PM, a caminhonete foi encontrada no meio da rua, abandonada, quando uma testemunha avistou o autor saindo correndo. [&hellip;]<\/p>\n","protected":false},"author":4,"featured_media":205668,"comment_status":"closed","ping_status":"closed","sticky":false,"template":"","format":"standard","meta":{"footnotes":""},"categories":[36,37],"tags":[],"class_list":["post-205666","post","type-post","status-publish","format-standard","has-post-thumbnail","hentry","category-paraiso-das-aguas","category-politica"],"_links":{"self":[{"href":"https:\/\/www.ocorreionews.com.br\/acervo-correio\/index.php?rest_route=\/wp\/v2\/posts\/205666","targetHints":{"allow":["GET"]}}],"collection":[{"href":"https:\/\/www.ocorreionews.com.br\/acervo-correio\/index.php?rest_route=\/wp\/v2\/posts"}],"about":[{"href":"https:\/\/www.ocorreionews.com.br\/acervo-correio\/index.php?rest_route=\/wp\/v2\/types\/post"}],"author":[{"embeddable":true,"href":"https:\/\/www.ocorreionews.com.br\/acervo-correio\/index.php?rest_route=\/wp\/v2\/users\/4"}],"replies":[{"embeddable":true,"href":"https:\/\/www.ocorreionews.com.br\/acervo-correio\/index.php?rest_route=%2Fwp%2Fv2%2Fcomments&post=205666"}],"version-history":[{"count":1,"href":"https:\/\/www.ocorreionews.com.br\/acervo-correio\/index.php?rest_route=\/wp\/v2\/posts\/205666\/revisions"}],"predecessor-version":[{"id":205673,"href":"https:\/\/www.ocorreionews.com.br\/acervo-correio\/index.php?rest_route=\/wp\/v2\/posts\/205666\/revisions\/205673"}],"wp:featuredmedia":[{"embeddable":true,"href":"https:\/\/www.ocorreionews.com.br\/acervo-correio\/index.php?rest_route=\/wp\/v2\/media\/205668"}],"wp:attachment":[{"href":"https:\/\/www.ocorreionews.com.br\/acervo-correio\/index.php?rest_route=%2Fwp%2Fv2%2Fmedia&parent=205666"}],"wp:term":[{"taxonomy":"category","embeddable":true,"href":"https:\/\/www.ocorreionews.com.br\/acervo-correio\/index.php?rest_route=%2Fwp%2Fv2%2Fcategories&post=205666"},{"taxonomy":"post_tag","embeddable":true,"href":"https:\/\/www.ocorreionews.com.br\/acervo-correio\/index.php?rest_route=%2Fwp%2Fv2%2Ftags&post=205666"}],"curies":[{"name":"wp","href":"https:\/\/api.w.org\/{rel}","templated":true}]}}