{"id":205737,"date":"2022-05-09T14:39:02","date_gmt":"2022-05-09T18:39:02","guid":{"rendered":"https:\/\/www.ocorreionews.com.br\/acervo-correio\/?p=205737"},"modified":"2022-05-09T14:39:02","modified_gmt":"2022-05-09T18:39:02","slug":"jovem-e-preso-em-chapadao-do-sul-por-violencia-domesticas","status":"publish","type":"post","link":"https:\/\/www.ocorreionews.com.br\/acervo-correio\/?p=205737","title":{"rendered":"Jovem \u00e9 preso em Chapad\u00e3o do Sul por viol\u00eancia domesticas"},"content":{"rendered":"<p>Policias Militares de Chapad\u00e3o do Sul, foram acionados na noite do ultimo s\u00e1bado (07), para atender um caso de viol\u00eancia domestica no Bairro Planalto.<\/p>\n<p>Os militares realizaram a pris\u00e3o de um jovem de 24 anos por Viol\u00eancia Dom\u00e9stica ap\u00f3s familiares acionarem a PM, informando que ele estaria agredindo sua esposa de 26 anos. O autor foi localizado na resid\u00eancia dos familiares com uma crian\u00e7a de 06 meses de idade. O comunicante, identificado como padrasto do autor, relatou que ele chegou a sua resid\u00eancia alterada avisando que deixaria a crian\u00e7a no local e retornaria para casa para resolver pendencias com sua esposa.<\/p>\n<p>Os Policiais questionaram o autor sobre onde \u00e0 esposa estava, e o homem informou o endere\u00e7o da resid\u00eancia do casal. Em contato com a v\u00edtima ela relatou que discutiu com o autor, e que em dado momento ele passou a agredi-la, bem como a amea\u00e7ou de morte, disse ainda que tais fatos acontecem com frequ\u00eancia e que ela tem interesse em requerer medida protetiva de seguran\u00e7a contra o autor, diante disso ambos foram encaminhados para a delegacia de pol\u00edcia civil para provid\u00eancias.<\/p>\n<p>&nbsp;<\/p>\n<p>*O Correio News, com informa\u00e7\u00f5es da Assessoria da 4\u00aa CIPM<\/p>\n","protected":false},"excerpt":{"rendered":"<p>Policias Militares de Chapad\u00e3o do Sul, foram acionados na noite do ultimo s\u00e1bado (07), para atender um caso de viol\u00eancia domestica no Bairro Planalto. Os militares realizaram a pris\u00e3o de um jovem de 24 anos por Viol\u00eancia Dom\u00e9stica ap\u00f3s familiares acionarem a PM, informando que ele estaria agredindo sua esposa de 26 anos. O autor [&hellip;]<\/p>\n","protected":false},"author":5,"featured_media":158805,"comment_status":"closed","ping_status":"closed","sticky":false,"template":"","format":"standard","meta":{"footnotes":""},"categories":[23,38],"tags":[],"class_list":["post-205737","post","type-post","status-publish","format-standard","has-post-thumbnail","hentry","category-chapadao-do-sul","category-policia"],"_links":{"self":[{"href":"https:\/\/www.ocorreionews.com.br\/acervo-correio\/index.php?rest_route=\/wp\/v2\/posts\/205737","targetHints":{"allow":["GET"]}}],"collection":[{"href":"https:\/\/www.ocorreionews.com.br\/acervo-correio\/index.php?rest_route=\/wp\/v2\/posts"}],"about":[{"href":"https:\/\/www.ocorreionews.com.br\/acervo-correio\/index.php?rest_route=\/wp\/v2\/types\/post"}],"author":[{"embeddable":true,"href":"https:\/\/www.ocorreionews.com.br\/acervo-correio\/index.php?rest_route=\/wp\/v2\/users\/5"}],"replies":[{"embeddable":true,"href":"https:\/\/www.ocorreionews.com.br\/acervo-correio\/index.php?rest_route=%2Fwp%2Fv2%2Fcomments&post=205737"}],"version-history":[{"count":1,"href":"https:\/\/www.ocorreionews.com.br\/acervo-correio\/index.php?rest_route=\/wp\/v2\/posts\/205737\/revisions"}],"predecessor-version":[{"id":205738,"href":"https:\/\/www.ocorreionews.com.br\/acervo-correio\/index.php?rest_route=\/wp\/v2\/posts\/205737\/revisions\/205738"}],"wp:featuredmedia":[{"embeddable":true,"href":"https:\/\/www.ocorreionews.com.br\/acervo-correio\/index.php?rest_route=\/wp\/v2\/media\/158805"}],"wp:attachment":[{"href":"https:\/\/www.ocorreionews.com.br\/acervo-correio\/index.php?rest_route=%2Fwp%2Fv2%2Fmedia&parent=205737"}],"wp:term":[{"taxonomy":"category","embeddable":true,"href":"https:\/\/www.ocorreionews.com.br\/acervo-correio\/index.php?rest_route=%2Fwp%2Fv2%2Fcategories&post=205737"},{"taxonomy":"post_tag","embeddable":true,"href":"https:\/\/www.ocorreionews.com.br\/acervo-correio\/index.php?rest_route=%2Fwp%2Fv2%2Ftags&post=205737"}],"curies":[{"name":"wp","href":"https:\/\/api.w.org\/{rel}","templated":true}]}}