{"id":205741,"date":"2022-05-09T15:07:07","date_gmt":"2022-05-09T19:07:07","guid":{"rendered":"https:\/\/www.ocorreionews.com.br\/acervo-correio\/?p=205741"},"modified":"2022-05-09T15:27:00","modified_gmt":"2022-05-09T19:27:00","slug":"paranaiba-onca-parda-e-resgatada-as-margens-de-rodovia-apos-ser-atropelada","status":"publish","type":"post","link":"https:\/\/www.ocorreionews.com.br\/acervo-correio\/?p=205741","title":{"rendered":"Parana\u00edba: On\u00e7a-parda \u00e9 resgatada \u00e0s margens de rodovia ap\u00f3s ser atropelada"},"content":{"rendered":"<p>Uma on\u00e7a-parda adulta foi resgatada hoje (9) \u00e0s margens da rodovia BR-158 ap\u00f3s ter sido atropelada. Ela estava a cerca de 10 km da zona urbana de Parana\u00edba.<\/p>\n<p>O motorista de um \u00f4nibus passou pelo local, viu a on\u00e7a e acionou a pol\u00edcia. Foram, ent\u00e3o, deslocados policiais da PMA (Pol\u00edcia Militar Ambiental) de Aparecida do Taboado e de Cassil\u00e2ndia, que encontraram a f\u00eamea adulta muito ferida e que n\u00e3o conseguia se deslocar.<\/p>\n<p>De acordo com a PMA, o acidente que feriu a on\u00e7a ocorreu por volta das 6h da manh\u00e3. Os policiais tamb\u00e9m verificaram que, j\u00e1 que o felino estava muito agitado para a remo\u00e7\u00e3o, seria necess\u00e1ria seda\u00e7\u00e3o do animal, tamb\u00e9m em virtude da gravidade dos ferimentos.<\/p>\n<div style=\"width: 640px;\" class=\"wp-video\"><!--[if lt IE 9]><script>document.createElement('video');<\/script><![endif]-->\n<video class=\"wp-video-shortcode\" id=\"video-205741-1\" width=\"640\" height=\"360\" preload=\"metadata\" controls=\"controls\"><source type=\"video\/mp4\" src=\"https:\/\/cdnpp.azureedge.net\/pp-prod-container\/2022\/05\/ONCA-PARDA-ATROPELADA-SENDO-RESGATADA-PELA-PMA-MS.mp4?_=1\" \/><a href=\"https:\/\/cdnpp.azureedge.net\/pp-prod-container\/2022\/05\/ONCA-PARDA-ATROPELADA-SENDO-RESGATADA-PELA-PMA-MS.mp4\">https:\/\/cdnpp.azureedge.net\/pp-prod-container\/2022\/05\/ONCA-PARDA-ATROPELADA-SENDO-RESGATADA-PELA-PMA-MS.mp4<\/a><\/video><\/div>\n<p><a href=\"https:\/\/www.campograndenews.com.br\/meio-ambiente\/onca-parda-e-resgatada-as-margens-de-rodovia-apos-ser-atropelada#brid_cp_Brid_72b19cc01ffe5f4872fa273f8d\"><strong>VEJA O V\u00cdDEO AQUI DO RESGATE<\/strong><\/a><\/p>\n<p>Os policiais pediram ajuda de dois m\u00e9dicos veterin\u00e1rios, Mariane Lambl\u00e9m Garcia e Anderson Alves Vilela, da cidade de Parana\u00edba, que foram voluntariamente ao local para medicar a on\u00e7a-parda para que pudesse ser transportada.<\/p>\n<p>Ela foi capturada com uso de camb\u00f5es e colocada em uma caixa de conten\u00e7\u00e3o, onde foi medicada pelos veterin\u00e1rios. A on\u00e7a ser\u00e1 encaminhada pela pol\u00edcia ambiental ao Cras (Centro de Reabilita\u00e7\u00e3o de animais Silvestres) de Campo Grande para atendimento de urg\u00eancia e cuidados para uma poss\u00edvel reintrodu\u00e7\u00e3o na natureza.<\/p>\n<p><img loading=\"lazy\" decoding=\"async\" class=\"attachment-post-thumbnail size-post-thumbnail wp-post-image\" src=\"https:\/\/www.pm.ms.gov.br\/wp-content\/webpc-passthru.php?src=https:\/\/www.pm.ms.gov.br\/wp-content\/uploads\/2022\/05\/Onca-parada-regatada-Paranaiba-9-maio-2022-1.jpg&amp;nocache=1\" sizes=\"auto, (max-width: 640px) 100vw, 640px\" srcset=\"https:\/\/www.pm.ms.gov.br\/wp-content\/webpc-passthru.php?src=https:\/\/www.pm.ms.gov.br\/wp-content\/uploads\/2022\/05\/Onca-parada-regatada-Paranaiba-9-maio-2022-1.jpg&amp;nocache=1 640w, https:\/\/www.pm.ms.gov.br\/wp-content\/webpc-passthru.php?src=https:\/\/www.pm.ms.gov.br\/wp-content\/uploads\/2022\/05\/Onca-parada-regatada-Paranaiba-9-maio-2022-1-428x235.jpg&amp;nocache=1 428w, https:\/\/www.pm.ms.gov.br\/wp-content\/webpc-passthru.php?src=https:\/\/www.pm.ms.gov.br\/wp-content\/uploads\/2022\/05\/Onca-parada-regatada-Paranaiba-9-maio-2022-1-214x118.jpg&amp;nocache=1 214w\" alt=\"\" width=\"640\" height=\"352\" \/><\/p>\n<p>&nbsp;<\/p>\n<p>Por Liana Feitosa &#8211; CAMPO GRANDE NEWS<\/p>\n","protected":false},"excerpt":{"rendered":"<p>Uma on\u00e7a-parda adulta foi resgatada hoje (9) \u00e0s margens da rodovia BR-158 ap\u00f3s ter sido atropelada. Ela estava a cerca de 10 km da zona urbana de Parana\u00edba. O motorista de um \u00f4nibus passou pelo local, viu a on\u00e7a e acionou a pol\u00edcia. Foram, ent\u00e3o, deslocados policiais da PMA (Pol\u00edcia Militar Ambiental) de Aparecida do [&hellip;]<\/p>\n","protected":false},"author":5,"featured_media":205742,"comment_status":"closed","ping_status":"closed","sticky":false,"template":"","format":"standard","meta":{"footnotes":""},"categories":[38],"tags":[],"class_list":["post-205741","post","type-post","status-publish","format-standard","has-post-thumbnail","hentry","category-policia"],"_links":{"self":[{"href":"https:\/\/www.ocorreionews.com.br\/acervo-correio\/index.php?rest_route=\/wp\/v2\/posts\/205741","targetHints":{"allow":["GET"]}}],"collection":[{"href":"https:\/\/www.ocorreionews.com.br\/acervo-correio\/index.php?rest_route=\/wp\/v2\/posts"}],"about":[{"href":"https:\/\/www.ocorreionews.com.br\/acervo-correio\/index.php?rest_route=\/wp\/v2\/types\/post"}],"author":[{"embeddable":true,"href":"https:\/\/www.ocorreionews.com.br\/acervo-correio\/index.php?rest_route=\/wp\/v2\/users\/5"}],"replies":[{"embeddable":true,"href":"https:\/\/www.ocorreionews.com.br\/acervo-correio\/index.php?rest_route=%2Fwp%2Fv2%2Fcomments&post=205741"}],"version-history":[{"count":1,"href":"https:\/\/www.ocorreionews.com.br\/acervo-correio\/index.php?rest_route=\/wp\/v2\/posts\/205741\/revisions"}],"predecessor-version":[{"id":205753,"href":"https:\/\/www.ocorreionews.com.br\/acervo-correio\/index.php?rest_route=\/wp\/v2\/posts\/205741\/revisions\/205753"}],"wp:featuredmedia":[{"embeddable":true,"href":"https:\/\/www.ocorreionews.com.br\/acervo-correio\/index.php?rest_route=\/wp\/v2\/media\/205742"}],"wp:attachment":[{"href":"https:\/\/www.ocorreionews.com.br\/acervo-correio\/index.php?rest_route=%2Fwp%2Fv2%2Fmedia&parent=205741"}],"wp:term":[{"taxonomy":"category","embeddable":true,"href":"https:\/\/www.ocorreionews.com.br\/acervo-correio\/index.php?rest_route=%2Fwp%2Fv2%2Fcategories&post=205741"},{"taxonomy":"post_tag","embeddable":true,"href":"https:\/\/www.ocorreionews.com.br\/acervo-correio\/index.php?rest_route=%2Fwp%2Fv2%2Ftags&post=205741"}],"curies":[{"name":"wp","href":"https:\/\/api.w.org\/{rel}","templated":true}]}}