{"id":205754,"date":"2022-05-09T15:36:09","date_gmt":"2022-05-09T19:36:09","guid":{"rendered":"https:\/\/www.ocorreionews.com.br\/acervo-correio\/?p=205754"},"modified":"2022-05-09T15:38:23","modified_gmt":"2022-05-09T19:38:23","slug":"prefeito-joao-carlo-krug-ressalta-importancia-de-investimentos-na-br-060","status":"publish","type":"post","link":"https:\/\/www.ocorreionews.com.br\/acervo-correio\/?p=205754","title":{"rendered":"Prefeito Jo\u00e3o Carlo Krug ressalta import\u00e2ncia de investimentos na BR-060"},"content":{"rendered":"<p>O prefeito de Chapad\u00e3o do Sul, Jo\u00e3o Carlos Krug, esteve presente na Audi\u00eancia P\u00fablica para debater o futuro da BR-060 na Assembleia Legislativa de Mato Grosso do Sul, ALEMS. Assim, o pedido para investimentos na melhoria das condi\u00e7\u00f5es de trafegabilidade da rodovia BR-060, especialmente no trecho entre o trevo da BR-163 ao munic\u00edpio de Chapad\u00e3o do Sul, ganhou for\u00e7a nesta segunda-feira, 9, com a realiza\u00e7\u00e3o da Audi\u00eancia.<\/p>\n<p>Proposto pelo presidente da Casa de Leis, deputado Paulo Corr\u00eaa, o evento reuniu autoridades pol\u00edticas da regi\u00e3o, representantes da bancada federal, governo estadual, Defensoria P\u00fablica, Conselho Regional de Engenharia e Agronomia de Mato Grosso do Sul (Crea-MS), Pol\u00edcia Rodovi\u00e1ria Federal (PRF), Tribunal de Contas do Estado (TCE), Federa\u00e7\u00e3o da Agricultura e Pecu\u00e1ria de Mato Grosso do Sul (Famasul) e Departamento Nacional de Infraestrutura de Transportes (DNIT).<\/p>\n<p>O prefeito de Chapad\u00e3o do Sul, Jo\u00e3o Carlos Krug, ressaltou que somente o munic\u00edpio de Para\u00edso das \u00c1guas conta com aproximadamente 100 mil hectares de lavoura. \u201cA agricultura cresce a cada dia em nossa regi\u00e3o. S\u00e3o mais 30 mil caminh\u00f5es bitrens utilizando a rodovia. \u00c9 uma estrada importante para o desenvolvimento do Estado e tamb\u00e9m para o transporte de pacientes para Campo Grande. Temos a certeza que ainda em 2022, com esse movimento apoiado agora pela Assembleia, teremos uma solu\u00e7\u00e3o para BR-060\u201d, falou Krug.<\/p>\n<p>O presidente prop\u00f4s um &#8220;encontro de contas&#8221; a ser articulado entre o governador Reinaldo Azambuja (PSDB) e o Governo Federal. &#8220;Por que n\u00e3o? Em vez de pagarmos uma parcela da d\u00edvida, a gente usa esse recurso para recuperar a BR-060, entre Camapu\u00e3 e Chapad\u00e3o do Sul, que \u00e9 o pior trecho hoje&#8221;, sugeriu. Ele lembrou que a audi\u00eancia de hoje foi al\u00e9m nas discuss\u00f5es, ao destacar as condi\u00e7\u00f5es invi\u00e1veis de tr\u00e1fego em diversas rodovias que cortam Mato Grosso do Sul. Tamb\u00e9m citou a BR-262, entre Campo Grande e \u00c1gua Clara e Campo Grande e Corumb\u00e1. &#8220;\u00c9 simplesmente intransit\u00e1vel e temos que resolver isso&#8221;, enfatizou Paulo Corr\u00eaa.<\/p>\n<p><img decoding=\"async\" src=\"http:\/\/chapadaodosul.kinghost.net\/admin\/arquivos\/imagem\/2022_05_09_11_41_01_cab936bd-e0c9-4545-ba88-35286c2d22c8.jpg\" \/><\/p>\n<p>O presidente da C\u00e2mara de Vereadores de Chapad\u00e3o do Sul, Andr\u00e9 dos Anjos, explicou que s\u00e3o 230 quil\u00f4metros cr\u00edticos. \u201cPedimos socorro pela revitaliza\u00e7\u00e3o completa da rodovia. As regi\u00f5es do Bols\u00e3o e Norte do Estado est\u00e3o unidas, pedindo a intermedia\u00e7\u00e3o do Estado para relicita\u00e7\u00e3o da BR-060 e fazer em dois lotes a concess\u00e3o. Sabemos n\u00e3o ser uma tarefa simples, mas \u00e9 nosso dever somarmos for\u00e7as e buscarmos solu\u00e7\u00f5es\u201d, destacou o vereador. Al\u00e9m dele, estavam representando o Legislativo Municipal os vereadores: Vanderson Cardoso, Tucano, Emerson Sapo, Marcelo da Costa e Prof\u00aa. Almira.<\/p>\n<p>Ao final do Evento, o prefeito de Chapad\u00e3o do Sul, Jo\u00e3o Carlos Krug, avaliou como positiva a Audi\u00eancia P\u00fablica. \u201cA reuni\u00e3o que come\u00e7ou em Chapad\u00e3o do Sul, encabe\u00e7ada pelo Legislativo Municipal gerou frutos ap\u00f3s a Audi\u00eancia de hoje: nos pr\u00f3ximos dias j\u00e1 come\u00e7am reparos de microrrevestimento asf\u00e1ltico na rodovia, com um acr\u00e9scimo de R$ 15 milh\u00f5es. Mas, ainda est\u00e1 longe do nosso objetivo final que \u00e9 ter uma rodovia segura e de boa qualidade em todo ano. Com um trabalho pol\u00edtico de prefeitos e vereadores de todos os munic\u00edpios, com deputados estaduais, federais e senadores, junto com o DNIT temos a certeza que esse objetivo se tornar\u00e1 realidade. O primeiro passo j\u00e1 foi dado: j\u00e1 foi autorizado pelo DNIT que seja contratada a empresa para fazer o projeto de recupera\u00e7\u00e3o total da BR-060\u201d, explana.<\/p>\n<p><img decoding=\"async\" src=\"http:\/\/chapadaodosul.kinghost.net\/admin\/arquivos\/imagem\/2022_05_09_11_40_21_5fed5dc4-2134-47a5-9a2d-c83562eefc67.jpg\" \/>\u00a0<img decoding=\"async\" src=\"http:\/\/chapadaodosul.kinghost.net\/admin\/arquivos\/imagem\/2022_05_09_11_41_41_6ac757cd-af70-40d2-81bd-a657de789a2e.jpg\" \/>\u00a0\u00a0 <img decoding=\"async\" src=\"http:\/\/chapadaodosul.kinghost.net\/admin\/arquivos\/imagem\/2022_05_09_11_39_23_d71616ff-b851-43e5-bc54-3e939681448e.jpg\" \/><\/p>\n<p>Assecom<\/p>\n","protected":false},"excerpt":{"rendered":"<p>O prefeito de Chapad\u00e3o do Sul, Jo\u00e3o Carlos Krug, esteve presente na Audi\u00eancia P\u00fablica para debater o futuro da BR-060 na Assembleia Legislativa de Mato Grosso do Sul, ALEMS. Assim, o pedido para investimentos na melhoria das condi\u00e7\u00f5es de trafegabilidade da rodovia BR-060, especialmente no trecho entre o trevo da BR-163 ao munic\u00edpio de Chapad\u00e3o [&hellip;]<\/p>\n","protected":false},"author":4,"featured_media":205755,"comment_status":"closed","ping_status":"closed","sticky":false,"template":"","format":"standard","meta":{"footnotes":""},"categories":[23,41],"tags":[],"class_list":["post-205754","post","type-post","status-publish","format-standard","has-post-thumbnail","hentry","category-chapadao-do-sul","category-destaque"],"_links":{"self":[{"href":"https:\/\/www.ocorreionews.com.br\/acervo-correio\/index.php?rest_route=\/wp\/v2\/posts\/205754","targetHints":{"allow":["GET"]}}],"collection":[{"href":"https:\/\/www.ocorreionews.com.br\/acervo-correio\/index.php?rest_route=\/wp\/v2\/posts"}],"about":[{"href":"https:\/\/www.ocorreionews.com.br\/acervo-correio\/index.php?rest_route=\/wp\/v2\/types\/post"}],"author":[{"embeddable":true,"href":"https:\/\/www.ocorreionews.com.br\/acervo-correio\/index.php?rest_route=\/wp\/v2\/users\/4"}],"replies":[{"embeddable":true,"href":"https:\/\/www.ocorreionews.com.br\/acervo-correio\/index.php?rest_route=%2Fwp%2Fv2%2Fcomments&post=205754"}],"version-history":[{"count":1,"href":"https:\/\/www.ocorreionews.com.br\/acervo-correio\/index.php?rest_route=\/wp\/v2\/posts\/205754\/revisions"}],"predecessor-version":[{"id":205759,"href":"https:\/\/www.ocorreionews.com.br\/acervo-correio\/index.php?rest_route=\/wp\/v2\/posts\/205754\/revisions\/205759"}],"wp:featuredmedia":[{"embeddable":true,"href":"https:\/\/www.ocorreionews.com.br\/acervo-correio\/index.php?rest_route=\/wp\/v2\/media\/205755"}],"wp:attachment":[{"href":"https:\/\/www.ocorreionews.com.br\/acervo-correio\/index.php?rest_route=%2Fwp%2Fv2%2Fmedia&parent=205754"}],"wp:term":[{"taxonomy":"category","embeddable":true,"href":"https:\/\/www.ocorreionews.com.br\/acervo-correio\/index.php?rest_route=%2Fwp%2Fv2%2Fcategories&post=205754"},{"taxonomy":"post_tag","embeddable":true,"href":"https:\/\/www.ocorreionews.com.br\/acervo-correio\/index.php?rest_route=%2Fwp%2Fv2%2Ftags&post=205754"}],"curies":[{"name":"wp","href":"https:\/\/api.w.org\/{rel}","templated":true}]}}