{"id":20608,"date":"2016-02-16T07:22:29","date_gmt":"2016-02-16T10:22:29","guid":{"rendered":"https:\/\/ocorreionews.com.br\/?p=20608"},"modified":"2016-02-16T07:23:30","modified_gmt":"2016-02-16T10:23:30","slug":"prefeitura-de-paraiso-das-aguas-esta-construindo-o-porto-municipal-na-serra-sucuriu","status":"publish","type":"post","link":"https:\/\/www.ocorreionews.com.br\/acervo-correio\/?p=20608","title":{"rendered":"Prefeitura de Para\u00edso das \u00c1guas est\u00e1 construindo o Porto Municipal na Serra Sucuri\u00fa"},"content":{"rendered":"<p><span style=\"font-family: helvetica; font-size: small;\">A Prefeitura Municipal de Para\u00edso das \u00c1guas est\u00e1 realizando um dos maiores sonhos dos pescadores do munic\u00edpio, a constru\u00e7\u00e3o do Porto Municipal que dar\u00e1 acesso ao rio Sucuri\u00fa. H\u00e1 anos, o prefeito Ivan Xixi (PMDB), juntamente com os nove vereadores, vinham buscando apoio do Departamento Nacional de Infraestrutura e Transporte &#8211; DNIT, para que autorizasse o acesso pelas laterais da rodovia BR 060, o que s\u00f3 foi poss\u00edvel agora.<\/span><\/p>\n<div><span style=\"font-family: helvetica; font-size: small;\">Para Ivan Xixi \u00e9 uma grande satisfa\u00e7\u00e3o e compromisso cumprido ao entregar no dia 1\u00ba de mar\u00e7o deste ano, quando retorna a Piracema, esta importante obra, que fomentar\u00e1 a pr\u00e1tica da pesca e o turismo ao rio Sucuri\u00fa.<\/span><\/div>\n<div><span style=\"font-family: helvetica; font-size: small;\">Os pescadores que tanto almejavam esta importante obra, ressaltam que agora ter\u00e3o acesso livre e gratuito \u00e0 uma das maiores riquezas da nossa regi\u00e3o.\u00a0<\/span><\/div>\n<div><span style=\"font-family: helvetica; font-size: small;\"><img decoding=\"async\" src=\"http:\/\/i.imgur.com\/g0vDxg8.jpg\" alt=\"\" width=\"300\" \/><\/span><\/div>\n<div><span style=\"font-family: helvetica; font-size: small;\">A fim de oferecer seguran\u00e7a \u00e0 quem utilizar o porto, est\u00e1 sendo constru\u00eddo o acesso pelos dois lados da pista, entrada e sa\u00edda ao porto, al\u00e9m de um amplo espa\u00e7o para estacionamento dos ve\u00edculos e local para embarque e desembarque de barcos e motores.<\/span><\/div>\n<div><span style=\"font-family: helvetica; font-size: small;\">\u00a0<\/span><\/div>\n<div><\/div>\n<div><span style=\"font-family: helvetica; font-size: small;\">\u00a0<\/span><\/div>\n<div><span style=\"font-family: helvetica; font-size: small;\"><img decoding=\"async\" src=\"http:\/\/i.imgur.com\/UXoQG2t.jpg\" alt=\"\" width=\"300\" \/><\/span><\/div>\n<div><span style=\"font-family: helvetica; font-size: small;\">O maquin\u00e1rio da Prefeitura Municipal est\u00e1 trabalhando intensamente e cascalhando o acesso.<\/span><\/div>\n<div><span style=\"font-family: helvetica; font-size: small;\">\u00a0<\/span><\/div>\n<div><span style=\"font-family: helvetica; font-size: small;\"><img decoding=\"async\" src=\"http:\/\/i.imgur.com\/92scSzN.jpg\" alt=\"\" width=\"400\" \/><\/span><\/div>\n<div><span style=\"font-family: helvetica; font-size: small;\">Um dos lados do acesso j\u00e1 est\u00e1 praticamente pronto. A \u00e1rea j\u00e1 foi toda cascalhada.<\/span><\/div>\n<div>Britonews<\/div>\n","protected":false},"excerpt":{"rendered":"<p>A Prefeitura Municipal de Para\u00edso das \u00c1guas est\u00e1 realizando um dos maiores sonhos dos pescadores do munic\u00edpio, a constru\u00e7\u00e3o do Porto Municipal que dar\u00e1 acesso ao rio Sucuri\u00fa. H\u00e1 anos, o prefeito Ivan Xixi (PMDB), juntamente com os nove vereadores, vinham buscando apoio do Departamento Nacional de Infraestrutura e Transporte &#8211; DNIT, para que autorizasse [&hellip;]<\/p>\n","protected":false},"author":4,"featured_media":20609,"comment_status":"closed","ping_status":"closed","sticky":false,"template":"","format":"standard","meta":{"footnotes":""},"categories":[36],"tags":[],"class_list":["post-20608","post","type-post","status-publish","format-standard","has-post-thumbnail","hentry","category-paraiso-das-aguas"],"_links":{"self":[{"href":"https:\/\/www.ocorreionews.com.br\/acervo-correio\/index.php?rest_route=\/wp\/v2\/posts\/20608","targetHints":{"allow":["GET"]}}],"collection":[{"href":"https:\/\/www.ocorreionews.com.br\/acervo-correio\/index.php?rest_route=\/wp\/v2\/posts"}],"about":[{"href":"https:\/\/www.ocorreionews.com.br\/acervo-correio\/index.php?rest_route=\/wp\/v2\/types\/post"}],"author":[{"embeddable":true,"href":"https:\/\/www.ocorreionews.com.br\/acervo-correio\/index.php?rest_route=\/wp\/v2\/users\/4"}],"replies":[{"embeddable":true,"href":"https:\/\/www.ocorreionews.com.br\/acervo-correio\/index.php?rest_route=%2Fwp%2Fv2%2Fcomments&post=20608"}],"version-history":[{"count":0,"href":"https:\/\/www.ocorreionews.com.br\/acervo-correio\/index.php?rest_route=\/wp\/v2\/posts\/20608\/revisions"}],"wp:featuredmedia":[{"embeddable":true,"href":"https:\/\/www.ocorreionews.com.br\/acervo-correio\/index.php?rest_route=\/wp\/v2\/media\/20609"}],"wp:attachment":[{"href":"https:\/\/www.ocorreionews.com.br\/acervo-correio\/index.php?rest_route=%2Fwp%2Fv2%2Fmedia&parent=20608"}],"wp:term":[{"taxonomy":"category","embeddable":true,"href":"https:\/\/www.ocorreionews.com.br\/acervo-correio\/index.php?rest_route=%2Fwp%2Fv2%2Fcategories&post=20608"},{"taxonomy":"post_tag","embeddable":true,"href":"https:\/\/www.ocorreionews.com.br\/acervo-correio\/index.php?rest_route=%2Fwp%2Fv2%2Ftags&post=20608"}],"curies":[{"name":"wp","href":"https:\/\/api.w.org\/{rel}","templated":true}]}}