{"id":206277,"date":"2022-05-15T08:16:07","date_gmt":"2022-05-15T12:16:07","guid":{"rendered":"https:\/\/www.ocorreionews.com.br\/acervo-correio\/?p=206277"},"modified":"2022-05-15T08:16:07","modified_gmt":"2022-05-15T12:16:07","slug":"contadores-e-representantes-de-escritorios-estao-convidados-para-participar-de-palestra-sobre-atendimentos-do-pav-da-receita-federal-em-chapadao-do-sul","status":"publish","type":"post","link":"https:\/\/www.ocorreionews.com.br\/acervo-correio\/?p=206277","title":{"rendered":"Contadores e representantes de escrit\u00f3rios est\u00e3o convidados para participar de palestra sobre atendimentos do PAV da Receita Federal em Chapad\u00e3o do Sul"},"content":{"rendered":"<p>A Prefeitura de Chapad\u00e3o do Sul e a SEDEMA atrav\u00e9s do Ponto de Atendimento Virtual da Receita Federal, PAV, realizar\u00e1 na pr\u00f3xima sexta-feira, 20 de maio, \u00e0s 8h uma palestra explicativa a respeito do pr\u00f3prio PAV, apresentando:<\/p>\n<p>o prop\u00f3sito do PAV;<\/p>\n<p>quais s\u00e3o os servi\u00e7os realizados pelas servidoras;<\/p>\n<p>como s\u00e3o realizados os envios dos processos para Campo Grande;<\/p>\n<p>resolu\u00e7\u00e3o de d\u00favidas frequentes;<\/p>\n<p>A reuni\u00e3o acontecer\u00e1 na Sala de Treinamentos da SEDEMA, localizada na Rodovi\u00e1ria de Chapad\u00e3o do Sul e ser\u00e1 destinada a todos os escrit\u00f3rios de contabilidade do munic\u00edpio.<\/p>\n<p>O PAV convoca a presen\u00e7a de pelo menos um representante de cada escrit\u00f3rio para que as d\u00favidas sejam tiradas e informa\u00e7\u00f5es sejam levadas adiante para seus colegas de profiss\u00e3o.<\/p>\n<p>Aos contadores e representantes dos escrit\u00f3rios que quiserem tirar d\u00favidas a respeito da reuni\u00e3o, podem entrar em contato com as servidoras Amanda e Ingrid por meio do WhatsApp (67) 99836-5893 ou no e-mail rfbchapadao@gmail.com.<\/p>\n<p>&nbsp;<\/p>\n<p>&nbsp;<\/p>\n<p>*Assecom PMCS<\/p>\n","protected":false},"excerpt":{"rendered":"<p>A Prefeitura de Chapad\u00e3o do Sul e a SEDEMA atrav\u00e9s do Ponto de Atendimento Virtual da Receita Federal, PAV, realizar\u00e1 na pr\u00f3xima sexta-feira, 20 de maio, \u00e0s 8h uma palestra explicativa a respeito do pr\u00f3prio PAV, apresentando: o prop\u00f3sito do PAV; quais s\u00e3o os servi\u00e7os realizados pelas servidoras; como s\u00e3o realizados os envios dos processos [&hellip;]<\/p>\n","protected":false},"author":5,"featured_media":206278,"comment_status":"closed","ping_status":"closed","sticky":false,"template":"","format":"standard","meta":{"footnotes":""},"categories":[23],"tags":[],"class_list":["post-206277","post","type-post","status-publish","format-standard","has-post-thumbnail","hentry","category-chapadao-do-sul"],"_links":{"self":[{"href":"https:\/\/www.ocorreionews.com.br\/acervo-correio\/index.php?rest_route=\/wp\/v2\/posts\/206277","targetHints":{"allow":["GET"]}}],"collection":[{"href":"https:\/\/www.ocorreionews.com.br\/acervo-correio\/index.php?rest_route=\/wp\/v2\/posts"}],"about":[{"href":"https:\/\/www.ocorreionews.com.br\/acervo-correio\/index.php?rest_route=\/wp\/v2\/types\/post"}],"author":[{"embeddable":true,"href":"https:\/\/www.ocorreionews.com.br\/acervo-correio\/index.php?rest_route=\/wp\/v2\/users\/5"}],"replies":[{"embeddable":true,"href":"https:\/\/www.ocorreionews.com.br\/acervo-correio\/index.php?rest_route=%2Fwp%2Fv2%2Fcomments&post=206277"}],"version-history":[{"count":1,"href":"https:\/\/www.ocorreionews.com.br\/acervo-correio\/index.php?rest_route=\/wp\/v2\/posts\/206277\/revisions"}],"predecessor-version":[{"id":206280,"href":"https:\/\/www.ocorreionews.com.br\/acervo-correio\/index.php?rest_route=\/wp\/v2\/posts\/206277\/revisions\/206280"}],"wp:featuredmedia":[{"embeddable":true,"href":"https:\/\/www.ocorreionews.com.br\/acervo-correio\/index.php?rest_route=\/wp\/v2\/media\/206278"}],"wp:attachment":[{"href":"https:\/\/www.ocorreionews.com.br\/acervo-correio\/index.php?rest_route=%2Fwp%2Fv2%2Fmedia&parent=206277"}],"wp:term":[{"taxonomy":"category","embeddable":true,"href":"https:\/\/www.ocorreionews.com.br\/acervo-correio\/index.php?rest_route=%2Fwp%2Fv2%2Fcategories&post=206277"},{"taxonomy":"post_tag","embeddable":true,"href":"https:\/\/www.ocorreionews.com.br\/acervo-correio\/index.php?rest_route=%2Fwp%2Fv2%2Ftags&post=206277"}],"curies":[{"name":"wp","href":"https:\/\/api.w.org\/{rel}","templated":true}]}}