{"id":206282,"date":"2022-05-14T08:16:21","date_gmt":"2022-05-14T12:16:21","guid":{"rendered":"https:\/\/www.ocorreionews.com.br\/acervo-correio\/?p=206282"},"modified":"2022-05-15T08:18:00","modified_gmt":"2022-05-15T12:18:00","slug":"cras-parque-uniao-realiza-palestra-em-parceria-com-a-sanesul","status":"publish","type":"post","link":"https:\/\/www.ocorreionews.com.br\/acervo-correio\/?p=206282","title":{"rendered":"CRAS Parque Uni\u00e3o realiza palestra em parceria com a SANESUL"},"content":{"rendered":"<p>A Prefeitura Municipal de Chapad\u00e3o Do Sul, atrav\u00e9s da Secretaria de Assist\u00eancia Social, juntamente com o CRAS Parque Uni\u00e3o, Programa Crian\u00e7a Feliz, em parceria com MP Assessoria e Sanesul, realizaram na \u00faltima quarta-feira, 11, uma palestra no CRAS Parque Uni\u00e3o.<\/p>\n<p>Representando a secret\u00e1ria de Assist\u00eancia Social, Maria das Dores, as coordenadoras do CRAS PU Marisa Diogo e Yasmin Oliveira do Programa Auxilio Brasil e Josiane de Souza t\u00e9cnica do Programa Crian\u00e7a Feliz, deram as boas-vindas agradeceram a presen\u00e7a de todas as participantes, que explanaram sobre a import\u00e2ncia e o retorno das reuni\u00f5es s\u00f3cio educativas referentes aos programas sociais do ano de 2022.<\/p>\n<p>Participaram tamb\u00e9m os t\u00e9cnicos da MP Assessoria Silvana Braga Gil, Eliana Mamede e a assistente social Ana Paula Neris, que abordaram o tema: Sa\u00fade, Higiene e Esgotamento Sanit\u00e1rio, onde as 52 fam\u00edlias puderam sanar suas d\u00favidas quanto ao tema desenvolvido.<\/p>\n<p>Silvana Braga Gil, informou que o intuito do projeto de ciclo de palestras disponibilizados pela Sanesul, visa avan\u00e7ar o saneamento, efetuando visitas domiciliares as fam\u00edlias que est\u00e3o recebendo a rede de esgoto em suas casas, sendo realizado tamb\u00e9m palestras educativas, cursos de gera\u00e7\u00e3o de renda e campanhas nas escolas.<\/p>\n<p>A palestra contou com a participa\u00e7\u00e3o da equipe do Crian\u00e7a Feliz que realizaram pinturas faciais nas crian\u00e7as e brincadeiras, enquanto as m\u00e3es participavam da palestra.<\/p>\n<p>Os participantes receberam um material gr\u00e1fico explicativo, uma linda garrafinha de \u00e1gua personalizada e o lanche.<\/p>\n<p>&nbsp;<\/p>\n<p>&nbsp;<\/p>\n<p>*Assecom PMCS<\/p>\n","protected":false},"excerpt":{"rendered":"<p>A Prefeitura Municipal de Chapad\u00e3o Do Sul, atrav\u00e9s da Secretaria de Assist\u00eancia Social, juntamente com o CRAS Parque Uni\u00e3o, Programa Crian\u00e7a Feliz, em parceria com MP Assessoria e Sanesul, realizaram na \u00faltima quarta-feira, 11, uma palestra no CRAS Parque Uni\u00e3o. Representando a secret\u00e1ria de Assist\u00eancia Social, Maria das Dores, as coordenadoras do CRAS PU Marisa [&hellip;]<\/p>\n","protected":false},"author":5,"featured_media":206283,"comment_status":"closed","ping_status":"closed","sticky":false,"template":"","format":"standard","meta":{"footnotes":""},"categories":[23],"tags":[],"class_list":["post-206282","post","type-post","status-publish","format-standard","has-post-thumbnail","hentry","category-chapadao-do-sul"],"_links":{"self":[{"href":"https:\/\/www.ocorreionews.com.br\/acervo-correio\/index.php?rest_route=\/wp\/v2\/posts\/206282","targetHints":{"allow":["GET"]}}],"collection":[{"href":"https:\/\/www.ocorreionews.com.br\/acervo-correio\/index.php?rest_route=\/wp\/v2\/posts"}],"about":[{"href":"https:\/\/www.ocorreionews.com.br\/acervo-correio\/index.php?rest_route=\/wp\/v2\/types\/post"}],"author":[{"embeddable":true,"href":"https:\/\/www.ocorreionews.com.br\/acervo-correio\/index.php?rest_route=\/wp\/v2\/users\/5"}],"replies":[{"embeddable":true,"href":"https:\/\/www.ocorreionews.com.br\/acervo-correio\/index.php?rest_route=%2Fwp%2Fv2%2Fcomments&post=206282"}],"version-history":[{"count":1,"href":"https:\/\/www.ocorreionews.com.br\/acervo-correio\/index.php?rest_route=\/wp\/v2\/posts\/206282\/revisions"}],"predecessor-version":[{"id":206284,"href":"https:\/\/www.ocorreionews.com.br\/acervo-correio\/index.php?rest_route=\/wp\/v2\/posts\/206282\/revisions\/206284"}],"wp:featuredmedia":[{"embeddable":true,"href":"https:\/\/www.ocorreionews.com.br\/acervo-correio\/index.php?rest_route=\/wp\/v2\/media\/206283"}],"wp:attachment":[{"href":"https:\/\/www.ocorreionews.com.br\/acervo-correio\/index.php?rest_route=%2Fwp%2Fv2%2Fmedia&parent=206282"}],"wp:term":[{"taxonomy":"category","embeddable":true,"href":"https:\/\/www.ocorreionews.com.br\/acervo-correio\/index.php?rest_route=%2Fwp%2Fv2%2Fcategories&post=206282"},{"taxonomy":"post_tag","embeddable":true,"href":"https:\/\/www.ocorreionews.com.br\/acervo-correio\/index.php?rest_route=%2Fwp%2Fv2%2Ftags&post=206282"}],"curies":[{"name":"wp","href":"https:\/\/api.w.org\/{rel}","templated":true}]}}