{"id":206565,"date":"2022-05-17T13:46:18","date_gmt":"2022-05-17T17:46:18","guid":{"rendered":"https:\/\/www.ocorreionews.com.br\/acervo-correio\/?p=206565"},"modified":"2022-05-17T13:46:18","modified_gmt":"2022-05-17T17:46:18","slug":"mp-muda-tabela-do-preco-do-frete-rodoviario-de-carga","status":"publish","type":"post","link":"https:\/\/www.ocorreionews.com.br\/acervo-correio\/?p=206565","title":{"rendered":"MP muda tabela do pre\u00e7o do frete rodovi\u00e1rio de carga"},"content":{"rendered":"<div class=\"post-item-wrap\">\n<p>Foi publicada hoje (17) no <em>Di\u00e1rio Oficial da Uni\u00e3o (DOU)<\/em> a <a href=\"https:\/\/www.in.gov.br\/en\/web\/dou\/-\/medida-provisoria-n-1.117-de-16-de-maio-de-2022-400309305\" target=\"_blank\" rel=\"noopener\">Medida Provis\u00f3ria (MP) 1117\/2022<\/a> que altera uma regra para a elabora\u00e7\u00e3o da tabela de pre\u00e7o do piso m\u00ednimo de frete rodovi\u00e1rio de carga. A MP reduz de 10% para 5% o percentual de varia\u00e7\u00e3o no pre\u00e7o do diesel para a corre\u00e7\u00e3o dos valores da tabela. <a href=\"https:\/\/agenciabrasil.ebc.com.br\/economia\/noticia\/2022-05\/petrobras-aumenta-em-887-preco-do-diesel\" target=\"_blank\" rel=\"noopener\">A medida ocorre ap\u00f3s o an\u00fancio<\/a> de mais uma alta no pre\u00e7o do \u00f3leo diesel na semana passada.<img decoding=\"async\" src=\"https:\/\/agenciabrasil.ebc.com.br\/ebc.png?id=1460064&amp;o=node\" \/><img decoding=\"async\" src=\"https:\/\/agenciabrasil.ebc.com.br\/ebc.gif?id=1460064&amp;o=node\" \/><\/p>\n<p>Elaborada em 2018, ap\u00f3s a greve dos caminhoneiros, a legisla\u00e7\u00e3o sobre a Pol\u00edtica Nacional de Pisos M\u00ednimos do Transporte Rodovi\u00e1rio de Cargas estabelece que a Ag\u00eancia Nacional de Transportes Terrestres (ANTT) deve publicar a tabela a cada seis meses, at\u00e9 os dias 20 de janeiro e 20 de julho de cada ano, com os valores ser\u00e3o v\u00e1lidos de piso para o semestre.<\/p>\n<p>O texto prev\u00ea ainda que a tabela deve ser atualizada sempre que houver oscila\u00e7\u00e3o no pre\u00e7o do produto igual ou superior a 10%. Com a mudan\u00e7a introduzida pela MP, esse percentual foi reduzido para 5%.<\/p>\n<p>A partir de agora, sempre que ocorrer oscila\u00e7\u00e3o no pre\u00e7o do \u00f3leo diesel no mercado nacional superior a 5% em rela\u00e7\u00e3o ao pre\u00e7o considerado na planilha de c\u00e1lculos, a ANTT deve atualizar a tabela.<\/p>\n<p>&#8220;Com isso, pretende-se dar sustentabilidade ao setor do transporte rodovi\u00e1rio de cargas, e, em especial, do caminhoneiro aut\u00f4nomo, de modo a proporcionar uma remunera\u00e7\u00e3o justa e compat\u00edvel com os custos da atividade&#8221;, diz nota publicada pela Secretaria-Geral da Presid\u00eancia.<\/p>\n<p>Para a elabora\u00e7\u00e3o da tabela, al\u00e9m do pre\u00e7o do produto, tamb\u00e9m s\u00e3o considerados a quantidade de quil\u00f4metros rodados na realiza\u00e7\u00e3o de fretes, eixo carregado, consideradas as dist\u00e2ncias e as especificidades das cargas definidas, bem como planilha de c\u00e1lculos utilizada para a obten\u00e7\u00e3o dos respectivos pisos m\u00ednimos.<\/p>\n<p>Na semana passada, a Petrobras anunciou um reajuste de 8,87% no pre\u00e7o do diesel para as distribuidoras. De acordo com a empresa, o pre\u00e7o do litro do combust\u00edvel no atacado passou de R$ 4,51 para R$ 4,91, um aumento de R$ 0,40, que come\u00e7ou a ser cobrado a partir do dia 10.<\/p>\n<p>&nbsp;<\/p>\n<p>Por Luciano Nascimento &#8211; Rep\u00f3rter da Ag\u00eancia Brasil<\/p>\n<\/div>\n","protected":false},"excerpt":{"rendered":"<p>Foi publicada hoje (17) no Di\u00e1rio Oficial da Uni\u00e3o (DOU) a Medida Provis\u00f3ria (MP) 1117\/2022 que altera uma regra para a elabora\u00e7\u00e3o da tabela de pre\u00e7o do piso m\u00ednimo de frete rodovi\u00e1rio de carga. A MP reduz de 10% para 5% o percentual de varia\u00e7\u00e3o no pre\u00e7o do diesel para a corre\u00e7\u00e3o dos valores da [&hellip;]<\/p>\n","protected":false},"author":5,"featured_media":206566,"comment_status":"closed","ping_status":"closed","sticky":false,"template":"","format":"standard","meta":{"footnotes":""},"categories":[26],"tags":[],"class_list":["post-206565","post","type-post","status-publish","format-standard","has-post-thumbnail","hentry","category-economia"],"_links":{"self":[{"href":"https:\/\/www.ocorreionews.com.br\/acervo-correio\/index.php?rest_route=\/wp\/v2\/posts\/206565","targetHints":{"allow":["GET"]}}],"collection":[{"href":"https:\/\/www.ocorreionews.com.br\/acervo-correio\/index.php?rest_route=\/wp\/v2\/posts"}],"about":[{"href":"https:\/\/www.ocorreionews.com.br\/acervo-correio\/index.php?rest_route=\/wp\/v2\/types\/post"}],"author":[{"embeddable":true,"href":"https:\/\/www.ocorreionews.com.br\/acervo-correio\/index.php?rest_route=\/wp\/v2\/users\/5"}],"replies":[{"embeddable":true,"href":"https:\/\/www.ocorreionews.com.br\/acervo-correio\/index.php?rest_route=%2Fwp%2Fv2%2Fcomments&post=206565"}],"version-history":[{"count":1,"href":"https:\/\/www.ocorreionews.com.br\/acervo-correio\/index.php?rest_route=\/wp\/v2\/posts\/206565\/revisions"}],"predecessor-version":[{"id":206567,"href":"https:\/\/www.ocorreionews.com.br\/acervo-correio\/index.php?rest_route=\/wp\/v2\/posts\/206565\/revisions\/206567"}],"wp:featuredmedia":[{"embeddable":true,"href":"https:\/\/www.ocorreionews.com.br\/acervo-correio\/index.php?rest_route=\/wp\/v2\/media\/206566"}],"wp:attachment":[{"href":"https:\/\/www.ocorreionews.com.br\/acervo-correio\/index.php?rest_route=%2Fwp%2Fv2%2Fmedia&parent=206565"}],"wp:term":[{"taxonomy":"category","embeddable":true,"href":"https:\/\/www.ocorreionews.com.br\/acervo-correio\/index.php?rest_route=%2Fwp%2Fv2%2Fcategories&post=206565"},{"taxonomy":"post_tag","embeddable":true,"href":"https:\/\/www.ocorreionews.com.br\/acervo-correio\/index.php?rest_route=%2Fwp%2Fv2%2Ftags&post=206565"}],"curies":[{"name":"wp","href":"https:\/\/api.w.org\/{rel}","templated":true}]}}