{"id":206577,"date":"2022-05-17T15:12:37","date_gmt":"2022-05-17T19:12:37","guid":{"rendered":"https:\/\/www.ocorreionews.com.br\/acervo-correio\/?p=206577"},"modified":"2022-05-18T07:44:12","modified_gmt":"2022-05-18T11:44:12","slug":"acidente-grave-entre-onibus-e-carreta-deixa-11-mortos-na-br-163-em-mt","status":"publish","type":"post","link":"https:\/\/www.ocorreionews.com.br\/acervo-correio\/?p=206577","title":{"rendered":"Acidente grave entre \u00f4nibus e carreta deixa 11 mortos na BR-163 em MT"},"content":{"rendered":"<div class=\"mc-column content-text active-extra-styles \" data-block-type=\"unstyled\" data-block-weight=\"40\" data-block-id=\"2\">\n<p class=\"content-text__container \" data-track-category=\"Link no Texto\" data-track-links=\"\">Onze passageiros morreram em um acidente grave envolvendo um \u00f4nibus de viagem e uma carreta na BR-163, em Sorriso-MT, no norte do estado, nesta ter\u00e7a-feira (17). A Pol\u00edcia Rodovi\u00e1ria Federal (PRF) informou que h\u00e1 outras v\u00edtimas em estado grave.<\/p>\n<p data-track-category=\"Link no Texto\" data-track-links=\"\">\n<\/div>\n<div class=\"wall protected-content\">\n<div class=\"mc-column content-text active-extra-styles \" data-block-type=\"unstyled\" data-block-weight=\"36\" data-block-id=\"3\">\n<p class=\"content-text__container \" data-track-category=\"Link no Texto\" data-track-links=\"\">De acordo com a PRF, o \u00f4nibus transportava 45 passageiros. O motorista do ve\u00edculo ficou preso \u00e0s ferragens, teve o bra\u00e7o amputado no momento da batida, mas foi encontrado com vida. Ele est\u00e1 em estado grave. O motorista da carreta teve les\u00f5es leves.<\/p>\n<\/div>\n<div class=\"mc-column content-text active-extra-styles \" data-block-type=\"unstyled\" data-block-weight=\"8\" data-block-id=\"7\">\n<p data-track-category=\"Link no Texto\" data-track-links=\"\">\n<\/div>\n<div class=\"mc-column content-text active-extra-styles \" data-block-type=\"unstyled\" data-block-weight=\"37\" data-block-id=\"8\">\n<p class=\"content-text__container \" data-track-category=\"Link no Texto\" data-track-links=\"\">O \u00f4nibus saiu de Cuiab\u00e1 com destino a Sinop, a 503 km da capital, e faria a \u00faltima parada antes da chegada. O acidente ocorreu entre Sinop e Sorriso. J\u00e1 a carreta sa\u00eda de Sinop para Rondon\u00f3polis.<\/p>\n<p data-track-category=\"Link no Texto\" data-track-links=\"\">VEJA ABAIXO V\u00cdDEOS NO LOCAL DO ACIDENTE:<\/p>\n<p data-track-category=\"Link no Texto\" data-track-links=\"\"><a href=\"https:\/\/g1.globo.com\/mt\/mato-grosso\/video\/acidente-com-onibus-causa-mortes-em-mt-10584006.ghtml\"><strong>V\u00cdDEO 1<\/strong><\/a><\/p>\n<p data-track-category=\"Link no Texto\" data-track-links=\"\"><a href=\"https:\/\/g1.globo.com\/mt\/mato-grosso\/video\/grave-acidente-deixa-11-mortos-na-br-163-em-mato-grosso-envolvendo-um-onibus-e-uma-carreta-10583989.ghtml\"><strong>V\u00cdDEO 2<\/strong><\/a><\/p>\n<\/div>\n<\/div>\n<div class=\"bs-video-block mc-column content-media content-video\" data-block-type=\"backstage-video\" data-block-id=\"9\">\n<div class=\"content-media__container\">\n<p class=\"content-media__description\">\n<\/div>\n<\/div>\n<div class=\"mc-column content-text active-extra-styles \" data-block-type=\"unstyled\" data-block-weight=\"39\" data-block-id=\"10\">\n<p class=\"content-text__container \" data-track-category=\"Link no Texto\" data-track-links=\"\">O perito Leandro Valendorf disse que em uma das pistas tem uma marca de frenagem produzida pelo \u00f4nibus que indica que o coletivo invadiu a pista contr\u00e1ria. Ele explica que a velocidade n\u00e3o foi a causa do acidente.<\/p>\n<p data-track-category=\"Link no Texto\" data-track-links=\"\">\n<\/div>\n<div class=\"mc-column content-text active-extra-styles \" data-block-type=\"unstyled\" data-block-weight=\"19\" data-block-id=\"11\">\n<p class=\"content-text__container \" data-track-category=\"Link no Texto\" data-track-links=\"\">Segundo o superintendente da PRF, as informa\u00e7\u00f5es iniciais apontam que o motorista do \u00f4nibus teria dormido ao volante.<\/p>\n<\/div>\n<div class=\"content-ads content-ads--reveal\" data-block-type=\"ads\" data-block-id=\"12\"><\/div>\n<div class=\"row medium-uncollapsed content-media content-photo\" data-block-type=\"backstage-photo\" data-block-id=\"13\">\n<div class=\"mc-column content-media__container\">\n<div class=\"content-media-container glb-skeleton-box\">\n<figure class=\"content-media-figure\">\n<p><figure style=\"width: 647px\" class=\"wp-caption aligncenter\"><img loading=\"lazy\" decoding=\"async\" class=\"i-amphtml-fill-content i-amphtml-replaced-content\" src=\"https:\/\/s2.glbimg.com\/y_zc0TQjWkk09eE3qGYHxRotBE4=\/0x0:1024x579\/984x0\/smart\/filters:strip_icc()\/i.s3.glbimg.com\/v1\/AUTH_59edd422c0c84a879bd37670ae4f538a\/internal_photos\/bs\/2022\/B\/I\/DkBymmSLSkTqxBUWlH1g\/whatsapp-image-2022-05-17-at-14.20.24.jpeg\" sizes=\"auto, (max-width: 1366px) 648px, 100vw\" srcset=\"https:\/\/s2.glbimg.com\/lyN0WlhwczLA4wU17GhaspWSr_c=\/0x0:1024x579\/1000x0\/smart\/filters:strip_icc()\/i.s3.glbimg.com\/v1\/AUTH_59edd422c0c84a879bd37670ae4f538a\/internal_photos\/bs\/2022\/B\/I\/DkBymmSLSkTqxBUWlH1g\/whatsapp-image-2022-05-17-at-14.20.24.jpeg 1000w, https:\/\/s2.glbimg.com\/y_zc0TQjWkk09eE3qGYHxRotBE4=\/0x0:1024x579\/984x0\/smart\/filters:strip_icc()\/i.s3.glbimg.com\/v1\/AUTH_59edd422c0c84a879bd37670ae4f538a\/internal_photos\/bs\/2022\/B\/I\/DkBymmSLSkTqxBUWlH1g\/whatsapp-image-2022-05-17-at-14.20.24.jpeg 984w, https:\/\/s2.glbimg.com\/EFj2ZQ1o7uNjSvRMJUBZ9jVBV-E=\/0x0:1024x579\/640x0\/smart\/filters:strip_icc()\/i.s3.glbimg.com\/v1\/AUTH_59edd422c0c84a879bd37670ae4f538a\/internal_photos\/bs\/2022\/B\/I\/DkBymmSLSkTqxBUWlH1g\/whatsapp-image-2022-05-17-at-14.20.24.jpeg 640w, https:\/\/s2.glbimg.com\/p6URsBGrEHuH659i-PV7WNvg5f0=\/0x0:1024x579\/600x0\/smart\/filters:strip_icc()\/i.s3.glbimg.com\/v1\/AUTH_59edd422c0c84a879bd37670ae4f538a\/internal_photos\/bs\/2022\/B\/I\/DkBymmSLSkTqxBUWlH1g\/whatsapp-image-2022-05-17-at-14.20.24.jpeg 600w\" alt=\"V\u00edtimas foram resgatadas de helic\u00f3ptero e encaminhadas para Hospital Regional de Sinop em MT \u2014 Foto: Divulga\u00e7\u00e3o\" width=\"647\" height=\"366\" \/><figcaption class=\"wp-caption-text\">V\u00edtimas foram resgatadas de helic\u00f3ptero e encaminhadas para Hospital Regional de Sinop em MT \u2014 Foto: Divulga\u00e7\u00e3o<\/figcaption><\/figure><\/figure>\n<\/div>\n<p class=\"content-media__description \">\n<\/div>\n<\/div>\n<div class=\"mc-column content-text active-extra-styles \" data-block-type=\"unstyled\" data-block-weight=\"48\" data-block-id=\"14\">\n<p class=\"content-text__container \" data-track-category=\"Link no Texto\" data-track-links=\"\">At\u00e9 esta publica\u00e7\u00e3o, a pista estava totalmente interditada e as v\u00edtimas estavam sendo socorridas por equipes de resgate da concession\u00e1ria Rota do Oeste e Corpo de Bombeiros. Um helic\u00f3ptero do Centro Integrado de Opera\u00e7\u00f5es A\u00e9reas (CIOPAer) tamb\u00e9m foi encaminhado para o local para ajudar no resgate dos sobreviventes.<\/p>\n<p data-track-category=\"Link no Texto\" data-track-links=\"\">\n<\/div>\n<div class=\"row medium-uncollapsed content-media content-photo\" data-block-type=\"backstage-photo\" data-block-id=\"15\">\n<div class=\"mc-column content-media__container\">\n<div class=\"content-media-container glb-skeleton-box\">\n<figure class=\"content-media-figure\">\n<p><figure style=\"width: 647px\" class=\"wp-caption aligncenter\"><img loading=\"lazy\" decoding=\"async\" class=\"i-amphtml-fill-content i-amphtml-replaced-content\" src=\"https:\/\/s2.glbimg.com\/oYJs2xxXD-LhN4ZXmiQHY2LlyWM=\/0x0:1600x1200\/984x0\/smart\/filters:strip_icc()\/i.s3.glbimg.com\/v1\/AUTH_59edd422c0c84a879bd37670ae4f538a\/internal_photos\/bs\/2022\/U\/X\/cg5cIWSbyBlO2DIRLLZA\/whatsapp-image-2022-05-17-at-13.42.12.jpeg\" sizes=\"auto, (max-width: 1366px) 648px, 100vw\" srcset=\"https:\/\/s2.glbimg.com\/z6LWltdG4uxQnTt1ul-OI_vrxDs=\/0x0:1600x1200\/1000x0\/smart\/filters:strip_icc()\/i.s3.glbimg.com\/v1\/AUTH_59edd422c0c84a879bd37670ae4f538a\/internal_photos\/bs\/2022\/U\/X\/cg5cIWSbyBlO2DIRLLZA\/whatsapp-image-2022-05-17-at-13.42.12.jpeg 1000w, https:\/\/s2.glbimg.com\/oYJs2xxXD-LhN4ZXmiQHY2LlyWM=\/0x0:1600x1200\/984x0\/smart\/filters:strip_icc()\/i.s3.glbimg.com\/v1\/AUTH_59edd422c0c84a879bd37670ae4f538a\/internal_photos\/bs\/2022\/U\/X\/cg5cIWSbyBlO2DIRLLZA\/whatsapp-image-2022-05-17-at-13.42.12.jpeg 984w, https:\/\/s2.glbimg.com\/Y7DdhCAXucoS3v17lpSoFFweGmM=\/0x0:1600x1200\/640x0\/smart\/filters:strip_icc()\/i.s3.glbimg.com\/v1\/AUTH_59edd422c0c84a879bd37670ae4f538a\/internal_photos\/bs\/2022\/U\/X\/cg5cIWSbyBlO2DIRLLZA\/whatsapp-image-2022-05-17-at-13.42.12.jpeg 640w, https:\/\/s2.glbimg.com\/du3Fr9TZT1OiMKkEISGroCW39pg=\/0x0:1600x1200\/600x0\/smart\/filters:strip_icc()\/i.s3.glbimg.com\/v1\/AUTH_59edd422c0c84a879bd37670ae4f538a\/internal_photos\/bs\/2022\/U\/X\/cg5cIWSbyBlO2DIRLLZA\/whatsapp-image-2022-05-17-at-13.42.12.jpeg 600w\" alt=\"Acidente grave entre \u00f4nibus e carreta deixa 11 mortos na BR-163 em MT \u2014 Foto: PRF\" width=\"647\" height=\"485\" \/><figcaption class=\"wp-caption-text\">Acidente grave entre \u00f4nibus e carreta deixa 11 mortos na BR-163 em MT \u2014 Foto: PRF<\/figcaption><\/figure><\/figure>\n<\/div>\n<p class=\"content-media__description \">\n<\/div>\n<\/div>\n<div class=\"content-ads content-ads--reveal\" data-block-type=\"ads\" data-block-id=\"16\">\n<div id=\"banner_materia__a3e02abc-165e-4b78-8198-88f7e049b9d4\" class=\"tag-manager-publicidade-container mc-has-reveal mc-has-ad-lazyload tag-manager-publicidade-banner_materia__a3e02abc-165e-4b78-8198-88f7e049b9d4 tag-manager-publicidade-container--carregado tag-manager-publicidade-container--visivel\" data-id=\"banner_materia__a3e02abc-165e-4b78-8198-88f7e049b9d4\" data-req=\"true\" data-google-query-id=\"COrUwZ6d5_cCFT-8lQId8YoPww\" data-cid=\"null\" data-lid=\"null\">\n<div id=\"google_ads_iframe_\/95377733\/tvg_G1\/Sua_Regiao&gt;Centro_Oeste&gt;Mato_Grosso_7__container__\"><\/div>\n<\/div>\n<\/div>\n<div class=\"mc-column content-text active-extra-styles\" data-block-type=\"raw\" data-block-weight=\"35\" data-block-id=\"17\">\n<blockquote class=\"content-blockquote theme-border-color-primary-before\"><p>\u201cUm acidente muito tr\u00e1gico, muito triste. Talvez um dos maiores que j\u00e1 registramos nesse trecho. Temos v\u00e1rias pessoas que j\u00e1 foram removidas e encaminhadas ao hospital\u201d, disse o chefe da PRF de <a href=\"https:\/\/g1.globo.com\/mt\/mato-grosso\/cidade\/sorriso\/\">Sorriso<\/a>, Leonardo Ramos.<\/p><\/blockquote>\n<\/div>\n<div class=\"row medium-uncollapsed content-media content-photo\" data-block-type=\"backstage-photo\" data-block-id=\"18\">\n<div class=\"mc-column content-media__container\">\n<div class=\"content-media-container glb-skeleton-box\">\n<figure><\/figure>\n<figure class=\"content-media-figure\">\n<p><figure style=\"width: 647px\" class=\"wp-caption aligncenter\"><img loading=\"lazy\" decoding=\"async\" class=\"i-amphtml-fill-content i-amphtml-replaced-content\" src=\"https:\/\/s2.glbimg.com\/0U-0Kr0A0Vs9FdJZ1ynbfHfVegE=\/0x0:1600x900\/984x0\/smart\/filters:strip_icc()\/i.s3.glbimg.com\/v1\/AUTH_59edd422c0c84a879bd37670ae4f538a\/internal_photos\/bs\/2022\/4\/h\/WIHrp7RtGhUoOvZHpynQ\/whatsapp-image-2022-05-17-at-14.09.51.jpeg\" sizes=\"auto, (max-width: 1366px) 648px, 100vw\" srcset=\"https:\/\/s2.glbimg.com\/GtHnHdM8vDimLcgjag4nBBMYpnI=\/0x0:1600x900\/1000x0\/smart\/filters:strip_icc()\/i.s3.glbimg.com\/v1\/AUTH_59edd422c0c84a879bd37670ae4f538a\/internal_photos\/bs\/2022\/4\/h\/WIHrp7RtGhUoOvZHpynQ\/whatsapp-image-2022-05-17-at-14.09.51.jpeg 1000w, https:\/\/s2.glbimg.com\/0U-0Kr0A0Vs9FdJZ1ynbfHfVegE=\/0x0:1600x900\/984x0\/smart\/filters:strip_icc()\/i.s3.glbimg.com\/v1\/AUTH_59edd422c0c84a879bd37670ae4f538a\/internal_photos\/bs\/2022\/4\/h\/WIHrp7RtGhUoOvZHpynQ\/whatsapp-image-2022-05-17-at-14.09.51.jpeg 984w, https:\/\/s2.glbimg.com\/y1P12TyuRRvJ1qkIAiS-zVzc7FQ=\/0x0:1600x900\/640x0\/smart\/filters:strip_icc()\/i.s3.glbimg.com\/v1\/AUTH_59edd422c0c84a879bd37670ae4f538a\/internal_photos\/bs\/2022\/4\/h\/WIHrp7RtGhUoOvZHpynQ\/whatsapp-image-2022-05-17-at-14.09.51.jpeg 640w, https:\/\/s2.glbimg.com\/Iw4eMWFj5NytYnY9cQorTgOp0FQ=\/0x0:1600x900\/600x0\/smart\/filters:strip_icc()\/i.s3.glbimg.com\/v1\/AUTH_59edd422c0c84a879bd37670ae4f538a\/internal_photos\/bs\/2022\/4\/h\/WIHrp7RtGhUoOvZHpynQ\/whatsapp-image-2022-05-17-at-14.09.51.jpeg 600w\" alt=\"Acidente grav\u00edssimo aconteceu na BR-163 em MT \u2014 Foto: Divulga\u00e7\u00e3o\" width=\"647\" height=\"364\" \/><figcaption class=\"wp-caption-text\">Acidente grav\u00edssimo aconteceu na BR-163 em MT \u2014 Foto: Divulga\u00e7\u00e3o<\/figcaption><\/figure><\/figure>\n<\/div>\n<p class=\"content-media__description \">\n<\/div>\n<\/div>\n<div class=\"mc-column content-text active-extra-styles \" data-block-type=\"unstyled\" data-block-weight=\"14\" data-block-id=\"19\">\n<p class=\"content-text__container \" data-track-category=\"Link no Texto\" data-track-links=\"\">O chefe da PRF disse que as causas do acidente ainda ser\u00e3o apuradas.<\/p>\n<p data-track-category=\"Link no Texto\" data-track-links=\"\">\n<\/div>\n<div data-track-category=\"multicontent\" data-track-action=\"ultimo chunk conteudo\" data-track-noninteraction=\"false\" data-track-scroll=\"view\">\n<div class=\"mc-column content-text active-extra-styles \" data-block-type=\"unstyled\" data-block-weight=\"38\" data-block-id=\"20\">\n<p class=\"content-text__container \" data-track-category=\"Link no Texto\" data-track-links=\"\">\u201cServe de alerta para todos os motoristas que passam por essa regi\u00e3o. Esse \u00e9 um trecho extremamente perigoso, um show de imprud\u00eancias, de desrespeito \u00e0 sinaliza\u00e7\u00e3o, de excesso de velocidade, e o resultado, infelizmente, \u00e9 esse\u201d, pontuou.<\/p>\n<p data-track-category=\"Link no Texto\" data-track-links=\"\">\n<\/div>\n<\/div>\n<p>&nbsp;<\/p>\n<p>&nbsp;<\/p>\n<p class=\"content-publication-data__from\" title=\"g1 MT\">Por g1 MT<\/p>\n","protected":false},"excerpt":{"rendered":"<p>Onze passageiros morreram em um acidente grave envolvendo um \u00f4nibus de viagem e uma carreta na BR-163, em Sorriso-MT, no norte do estado, nesta ter\u00e7a-feira (17). A Pol\u00edcia Rodovi\u00e1ria Federal (PRF) informou que h\u00e1 outras v\u00edtimas em estado grave. De acordo com a PRF, o \u00f4nibus transportava 45 passageiros. O motorista do ve\u00edculo ficou preso [&hellip;]<\/p>\n","protected":false},"author":5,"featured_media":206578,"comment_status":"closed","ping_status":"closed","sticky":false,"template":"","format":"standard","meta":{"footnotes":""},"categories":[38],"tags":[],"class_list":["post-206577","post","type-post","status-publish","format-standard","has-post-thumbnail","hentry","category-policia"],"_links":{"self":[{"href":"https:\/\/www.ocorreionews.com.br\/acervo-correio\/index.php?rest_route=\/wp\/v2\/posts\/206577","targetHints":{"allow":["GET"]}}],"collection":[{"href":"https:\/\/www.ocorreionews.com.br\/acervo-correio\/index.php?rest_route=\/wp\/v2\/posts"}],"about":[{"href":"https:\/\/www.ocorreionews.com.br\/acervo-correio\/index.php?rest_route=\/wp\/v2\/types\/post"}],"author":[{"embeddable":true,"href":"https:\/\/www.ocorreionews.com.br\/acervo-correio\/index.php?rest_route=\/wp\/v2\/users\/5"}],"replies":[{"embeddable":true,"href":"https:\/\/www.ocorreionews.com.br\/acervo-correio\/index.php?rest_route=%2Fwp%2Fv2%2Fcomments&post=206577"}],"version-history":[{"count":1,"href":"https:\/\/www.ocorreionews.com.br\/acervo-correio\/index.php?rest_route=\/wp\/v2\/posts\/206577\/revisions"}],"predecessor-version":[{"id":206611,"href":"https:\/\/www.ocorreionews.com.br\/acervo-correio\/index.php?rest_route=\/wp\/v2\/posts\/206577\/revisions\/206611"}],"wp:featuredmedia":[{"embeddable":true,"href":"https:\/\/www.ocorreionews.com.br\/acervo-correio\/index.php?rest_route=\/wp\/v2\/media\/206578"}],"wp:attachment":[{"href":"https:\/\/www.ocorreionews.com.br\/acervo-correio\/index.php?rest_route=%2Fwp%2Fv2%2Fmedia&parent=206577"}],"wp:term":[{"taxonomy":"category","embeddable":true,"href":"https:\/\/www.ocorreionews.com.br\/acervo-correio\/index.php?rest_route=%2Fwp%2Fv2%2Fcategories&post=206577"},{"taxonomy":"post_tag","embeddable":true,"href":"https:\/\/www.ocorreionews.com.br\/acervo-correio\/index.php?rest_route=%2Fwp%2Fv2%2Ftags&post=206577"}],"curies":[{"name":"wp","href":"https:\/\/api.w.org\/{rel}","templated":true}]}}