{"id":206584,"date":"2022-05-17T16:10:42","date_gmt":"2022-05-17T20:10:42","guid":{"rendered":"https:\/\/www.ocorreionews.com.br\/acervo-correio\/?p=206584"},"modified":"2022-05-17T16:10:42","modified_gmt":"2022-05-17T20:10:42","slug":"chapadao-do-sul-tem-09-casos-de-covid-19","status":"publish","type":"post","link":"https:\/\/www.ocorreionews.com.br\/acervo-correio\/?p=206584","title":{"rendered":"Chapad\u00e3o do Sul tem 09 casos de Covid 19"},"content":{"rendered":"<p>A Secretaria Municipal de Sa\u00fade divulgou nessa tarde Boletim da Covid, onde mostra que o Covid 19, voltou a se manifestar na cidade. Ja s\u00e3o 09 casos de pessoas que est\u00e3o contaminadas e segundo informa\u00e7\u00f5es est\u00e3o em tratamento domiciliar.<\/p>\n<p>N\u00e3o ha informa\u00e7\u00f5es mais detalhadas, se essas pessoas foram ou n\u00e3o vacinadas.<\/p>\n<p><a href=\"https:\/\/www.ocorreionews.com.br\/acervo-correio\/wp-content\/uploads\/2022\/05\/bo-covi-17.jpg\"><img loading=\"lazy\" decoding=\"async\" class=\"alignnone size-full wp-image-206585\" src=\"https:\/\/www.ocorreionews.com.br\/acervo-correio\/wp-content\/uploads\/2022\/05\/bo-covi-17.jpg\" alt=\"\" width=\"570\" height=\"600\" \/><\/a><\/p>\n","protected":false},"excerpt":{"rendered":"<p>A Secretaria Municipal de Sa\u00fade divulgou nessa tarde Boletim da Covid, onde mostra que o Covid 19, voltou a se manifestar na cidade. Ja s\u00e3o 09 casos de pessoas que est\u00e3o contaminadas e segundo informa\u00e7\u00f5es est\u00e3o em tratamento domiciliar. N\u00e3o ha informa\u00e7\u00f5es mais detalhadas, se essas pessoas foram ou n\u00e3o vacinadas.<\/p>\n","protected":false},"author":4,"featured_media":0,"comment_status":"closed","ping_status":"closed","sticky":false,"template":"","format":"standard","meta":{"footnotes":""},"categories":[23],"tags":[],"class_list":["post-206584","post","type-post","status-publish","format-standard","hentry","category-chapadao-do-sul"],"_links":{"self":[{"href":"https:\/\/www.ocorreionews.com.br\/acervo-correio\/index.php?rest_route=\/wp\/v2\/posts\/206584","targetHints":{"allow":["GET"]}}],"collection":[{"href":"https:\/\/www.ocorreionews.com.br\/acervo-correio\/index.php?rest_route=\/wp\/v2\/posts"}],"about":[{"href":"https:\/\/www.ocorreionews.com.br\/acervo-correio\/index.php?rest_route=\/wp\/v2\/types\/post"}],"author":[{"embeddable":true,"href":"https:\/\/www.ocorreionews.com.br\/acervo-correio\/index.php?rest_route=\/wp\/v2\/users\/4"}],"replies":[{"embeddable":true,"href":"https:\/\/www.ocorreionews.com.br\/acervo-correio\/index.php?rest_route=%2Fwp%2Fv2%2Fcomments&post=206584"}],"version-history":[{"count":1,"href":"https:\/\/www.ocorreionews.com.br\/acervo-correio\/index.php?rest_route=\/wp\/v2\/posts\/206584\/revisions"}],"predecessor-version":[{"id":206586,"href":"https:\/\/www.ocorreionews.com.br\/acervo-correio\/index.php?rest_route=\/wp\/v2\/posts\/206584\/revisions\/206586"}],"wp:attachment":[{"href":"https:\/\/www.ocorreionews.com.br\/acervo-correio\/index.php?rest_route=%2Fwp%2Fv2%2Fmedia&parent=206584"}],"wp:term":[{"taxonomy":"category","embeddable":true,"href":"https:\/\/www.ocorreionews.com.br\/acervo-correio\/index.php?rest_route=%2Fwp%2Fv2%2Fcategories&post=206584"},{"taxonomy":"post_tag","embeddable":true,"href":"https:\/\/www.ocorreionews.com.br\/acervo-correio\/index.php?rest_route=%2Fwp%2Fv2%2Ftags&post=206584"}],"curies":[{"name":"wp","href":"https:\/\/api.w.org\/{rel}","templated":true}]}}