{"id":206614,"date":"2022-05-18T08:13:41","date_gmt":"2022-05-18T12:13:41","guid":{"rendered":"https:\/\/www.ocorreionews.com.br\/acervo-correio\/?p=206614"},"modified":"2022-05-18T08:13:41","modified_gmt":"2022-05-18T12:13:41","slug":"prefeito-e-vice-prefeito-apoiam-campanha-do-maio-amarelo","status":"publish","type":"post","link":"https:\/\/www.ocorreionews.com.br\/acervo-correio\/?p=206614","title":{"rendered":"Prefeito e vice-prefeito apoiam campanha do Maio Amarelo"},"content":{"rendered":"<p>Durante as a\u00e7\u00f5es do Maio Amarelo, o Departamento Municipal de Tr\u00e2nsito, Demutran, entregou a camisa de apoio a Campanha para o prefeito de Chapad\u00e3o do Sul, Jo\u00e3o Carlos Krug, e o vice-prefeito, Jo\u00e3o Buzoli. A a\u00e7\u00e3o visa dar maior visibilidade a campanha que combate as imprud\u00eancias no tr\u00e2nsito.<\/p>\n<p>Al\u00e9m do prefeito e vice, tamb\u00e9m receberam as camisetas os secret\u00e1rios e diversos servidores p\u00fablicos que utilizam durante o m\u00eas a camiseta com a mensagem: Maio Amarelo \u2013 Juntos Salvamos Vidas.<\/p>\n<p>O prefeito parabenizou o Demutran pela as a\u00e7\u00f5es realizadas em todo o Maio Amarelo e ressaltou a import\u00e2ncia de um tr\u00e2nsito mais humano. \u201cTodo mundo que dirige um carro, pilota uma moto, anda de bicicleta ou a p\u00e9 faz parte do tr\u00e2nsito. Por isso, precisamos ter consci\u00eancia e respeitar as nossas leis de tr\u00e2nsito. Assim, temos um tr\u00e2nsito melhor e logo uma cidade mais respeitosa e harm\u00f4nica\u201d, finaliza.<\/p>\n<p><b>A\u00e7\u00f5es<\/b><\/p>\n<p>Em Chapad\u00e3o do Sul, o Executivo Municipal atrav\u00e9s de Departamento Municipal de Tr\u00e2nsito, Demutran, realiza dezenas de a\u00e7\u00f5es durante todo m\u00eas de maio.<\/p>\n<p>Com entrevistas em r\u00e1dios, palestras nas Escolas municipais, estaduais e particulares, al\u00e9m de blitz educativas, visita aos com\u00e9rcios, o departamento realizar\u00e1 um passeio cicl\u00edstico com sorteio de quatro bicicletas.<\/p>\n<p>Fique atento as redes sociais da Prefeitura de Chapad\u00e3o do Sul para saber de todas as a\u00e7\u00f5es.<\/p>\n<p><b>Maio Amarelo<\/b><\/p>\n<p>O Movimento Maio Amarelo vai explorar bastante a reflex\u00e3o: Juntos Salvamos Vidas. Vai lembrar a sociedade, o recente desafio que a pandemia da Covid-19 nos trouxe: uma completa mudan\u00e7a de comportamento da noite para o dia.<\/p>\n<p>De repente, nos trancafiamos dentro de casa, passamos a ter medo de nos encontrar com as pessoas mais pr\u00f3ximas de toda nossa vida. Tivemos que abandonar os locais cotidianos como trabalho, escola, supermercado, sal\u00e3o de beleza, igreja e passar a cobrir o rosto e adotar o \u00e1lcool em gel como adotamos o celular: ou seja, o tempo todo com ele.<\/p>\n<p>Isto, porque entendemos a import\u00e2ncia de cumprir certas regras para a nossa e a seguran\u00e7a de quem amamos. Ent\u00e3o, em muito pouco tempo, aprendemos a fazer reuni\u00f5es online, palestras online, dar aulas online, fazer compras online, ou seja, mudamos radicalmente nosso dia a dia para nos proteger. Ser\u00e1 que, entendendo que o tr\u00e2nsito tem riscos e pode nos machucar seriamente, n\u00e3o conseguimos tamb\u00e9m passar a cumprir as regras e salvar vidas?<\/p>\n<p>Esse ser\u00e1 o grande desafio do Movimento para esse 9\u00ba ano de conscientiza\u00e7\u00e3o por um tr\u00e2nsito mais seguro: mostrar \u00e0 sociedade que todos n\u00f3s, independente do nosso of\u00edcio, podemos salvar vidas, conhecendo e cumprindo as regras. A partir do momento em que estou caminhando na cal\u00e7ada, procurando uma faixa para atravessar, esperando minha vez no sem\u00e1foro, com toda aten\u00e7\u00e3o e cuidado, estou preservando n\u00e3o s\u00f3 a minha vida, mas como a de todos que ali est\u00e3o comigo. E essa l\u00f3gica vale para quem est\u00e1 de bicicleta, de motocicleta ou num carro de passeio ou num ve\u00edculo grande.<\/p>\n<p>Assecom<\/p>\n","protected":false},"excerpt":{"rendered":"<p>Durante as a\u00e7\u00f5es do Maio Amarelo, o Departamento Municipal de Tr\u00e2nsito, Demutran, entregou a camisa de apoio a Campanha para o prefeito de Chapad\u00e3o do Sul, Jo\u00e3o Carlos Krug, e o vice-prefeito, Jo\u00e3o Buzoli. A a\u00e7\u00e3o visa dar maior visibilidade a campanha que combate as imprud\u00eancias no tr\u00e2nsito. Al\u00e9m do prefeito e vice, tamb\u00e9m receberam [&hellip;]<\/p>\n","protected":false},"author":4,"featured_media":206615,"comment_status":"closed","ping_status":"closed","sticky":false,"template":"","format":"standard","meta":{"footnotes":""},"categories":[23,41],"tags":[],"class_list":["post-206614","post","type-post","status-publish","format-standard","has-post-thumbnail","hentry","category-chapadao-do-sul","category-destaque"],"_links":{"self":[{"href":"https:\/\/www.ocorreionews.com.br\/acervo-correio\/index.php?rest_route=\/wp\/v2\/posts\/206614","targetHints":{"allow":["GET"]}}],"collection":[{"href":"https:\/\/www.ocorreionews.com.br\/acervo-correio\/index.php?rest_route=\/wp\/v2\/posts"}],"about":[{"href":"https:\/\/www.ocorreionews.com.br\/acervo-correio\/index.php?rest_route=\/wp\/v2\/types\/post"}],"author":[{"embeddable":true,"href":"https:\/\/www.ocorreionews.com.br\/acervo-correio\/index.php?rest_route=\/wp\/v2\/users\/4"}],"replies":[{"embeddable":true,"href":"https:\/\/www.ocorreionews.com.br\/acervo-correio\/index.php?rest_route=%2Fwp%2Fv2%2Fcomments&post=206614"}],"version-history":[{"count":1,"href":"https:\/\/www.ocorreionews.com.br\/acervo-correio\/index.php?rest_route=\/wp\/v2\/posts\/206614\/revisions"}],"predecessor-version":[{"id":206617,"href":"https:\/\/www.ocorreionews.com.br\/acervo-correio\/index.php?rest_route=\/wp\/v2\/posts\/206614\/revisions\/206617"}],"wp:featuredmedia":[{"embeddable":true,"href":"https:\/\/www.ocorreionews.com.br\/acervo-correio\/index.php?rest_route=\/wp\/v2\/media\/206615"}],"wp:attachment":[{"href":"https:\/\/www.ocorreionews.com.br\/acervo-correio\/index.php?rest_route=%2Fwp%2Fv2%2Fmedia&parent=206614"}],"wp:term":[{"taxonomy":"category","embeddable":true,"href":"https:\/\/www.ocorreionews.com.br\/acervo-correio\/index.php?rest_route=%2Fwp%2Fv2%2Fcategories&post=206614"},{"taxonomy":"post_tag","embeddable":true,"href":"https:\/\/www.ocorreionews.com.br\/acervo-correio\/index.php?rest_route=%2Fwp%2Fv2%2Ftags&post=206614"}],"curies":[{"name":"wp","href":"https:\/\/api.w.org\/{rel}","templated":true}]}}