{"id":206619,"date":"2022-05-18T08:25:45","date_gmt":"2022-05-18T12:25:45","guid":{"rendered":"https:\/\/www.ocorreionews.com.br\/acervo-correio\/?p=206619"},"modified":"2022-05-18T08:25:45","modified_gmt":"2022-05-18T12:25:45","slug":"video-ventania-tomba-caminhao-com-motorista-dentro-em-sc","status":"publish","type":"post","link":"https:\/\/www.ocorreionews.com.br\/acervo-correio\/?p=206619","title":{"rendered":"V\u00cdDEO: ventania tomba caminh\u00e3o com motorista dentro em SC"},"content":{"rendered":"<div class=\"mc-column content-text active-extra-styles \" data-block-type=\"unstyled\" data-block-weight=\"55\" data-block-id=\"2\">\n<p class=\"content-text__container \" data-track-category=\"Link no Texto\" data-track-links=\"\">Rajadas de vento derrubaram um caminh\u00e3o que estava estacionado em um posto da Pol\u00edcia Militar Rodovi\u00e1ria (PMRv) na Serra do Rio do Rastro, em Bom Jardim da Serra, na madrugada desta quarta-feira (18). O motorista do ve\u00edculo, um homem de 28 anos, estava dentro do autom\u00f3vel no momento do tombamento e n\u00e3o se feriu.<\/p>\n<p data-track-category=\"Link no Texto\" data-track-links=\"\">\n<\/div>\n<div class=\"wall protected-content\">\n<div class=\"mc-column content-text active-extra-styles \" data-block-type=\"unstyled\" data-block-weight=\"20\" data-block-id=\"3\">\n<p class=\"content-text__container \" data-track-category=\"Link no Texto\" data-track-links=\"\">De acordo com a corpora\u00e7\u00e3o, <span class=\"highlight highlighted\">a velocidade do vento na esta\u00e7\u00e3o meteorol\u00f3gica da cidade chegou a157 km\/h<\/span>. <a href=\"https:\/\/g1.globo.com\/sc\/santa-catarina\/video\/fortes-rajadas-derrubam-caminhao-em-sc-10585328.ghtml\"><strong>(<em>assista aqui o v\u00eddeo<\/em><\/strong><\/a>).<\/p>\n<p data-track-category=\"Link no Texto\" data-track-links=\"\">\n<\/div>\n<div class=\"mc-column content-text active-extra-styles \" data-block-type=\"unstyled\" data-block-weight=\"33\" data-block-id=\"4\">\n<p class=\"content-text__container \" data-track-category=\"Link no Texto\" data-track-links=\"\">Em Balne\u00e1rio Cambori\u00fa, no Litoral Norte, um outdoor caiu e atingiu uma casa. J\u00e1 em Cambori\u00fa, na mesma regi\u00e3o, uma placa cedeu e uma \u00e1rvore foi derrubada com a for\u00e7a da ventania.<\/p>\n<div class=\"mc-column content-text active-extra-styles \" data-block-type=\"unstyled\" data-block-weight=\"62\" data-block-id=\"7\">\n<p class=\"content-text__container \" data-track-category=\"Link no Texto\" data-track-links=\"\">Por conta da <span class=\"highlight highlighted\">previs\u00e3o de mais vento forte nesta quarta<\/span>, a Serra do Rio do Rastro chegou a ser fechada nesta manh\u00e3. Em comunicado nesta manh\u00e3, a PMRv afirmou que o trecho da SC-390 voltou a ser reaberto por volta das 7h20. Caminh\u00f5es, no entanto, n\u00e3o est\u00e3o autorizados a passar pelo local por conta do risco de novas rajadas de vento.<\/p>\n<p data-track-category=\"Link no Texto\" data-track-links=\"\">\n<\/div>\n<div class=\"row medium-uncollapsed content-media content-photo\" data-block-type=\"backstage-photo\" data-block-id=\"8\">\n<div class=\"mc-column content-media__container\">\n<p class=\"content-media__description \">\n<\/div>\n<\/div>\n<div class=\"mc-column content-text active-extra-styles \" data-block-type=\"unstyled\" data-block-weight=\"49\" data-block-id=\"9\">\n<p class=\"content-text__container \" data-track-category=\"Link no Texto\" data-track-links=\"\">A <strong>tempestade subtropical Yakecan<\/strong>, fen\u00f4meno atinge Santa Catarina desde ter\u00e7a-feira (17), <span class=\"highlight highlighted\">pode provocar rajadas de vento acima de 100 km\/h em cidades do Planalto Sul e litoral<\/span>. De acordo com o aviso da Defesa Civil, divulgado nesta manh\u00e3, <strong>o vento segue deixando a sensa\u00e7\u00e3o de frio ainda maior<\/strong>.<\/p>\n<\/div>\n<div class=\"content-ads content-ads--reveal\" data-block-type=\"ads\" data-block-id=\"10\">\n<div><\/div>\n<\/div>\n<div class=\"mc-column content-text active-extra-styles \" data-block-type=\"unstyled\" data-block-weight=\"45\" data-block-id=\"11\">\n<p class=\"content-text__container \" data-track-category=\"Link no Texto\" data-track-links=\"\">O risco \u00e9 <span class=\"highlight highlighted\">alto e muito alto para ocorr\u00eancias associadas aos ventos<\/span>. J\u00e1 a previs\u00e3o de neve continua para Santa Catarina nesta quarta. Segundo a Epagri\/Ciram, o fen\u00f4meno pode ocorrer n\u00e3o somente na Serra, mas tamb\u00e9m nas partes mais altas do Oeste e Norte catarinenses.<\/p>\n<p data-track-category=\"Link no Texto\" data-track-links=\"\">\n<\/div>\n<div class=\"mc-column content-text active-extra-styles \" data-block-type=\"unstyled\" data-block-weight=\"36\" data-block-id=\"12\">\n<p class=\"content-text__container \" data-track-category=\"Link no Texto\" data-track-links=\"\">Na ter\u00e7a, as cidades de Lages, Bom Jardim da Serra, Urubici, Urupema, Rio Rufino e S\u00e3o Joaquim, na Serra catarinense, registraram neve pela primeira vez em 2022 (<em>veja as imagens do frio mais abaixo<\/em>).<\/p>\n<\/div>\n<div class=\"mc-column content-text active-extra-styles\" data-block-type=\"raw\" data-block-weight=\"1\" data-block-id=\"13\">\n<p class=\"content-text__container\">\n<div class=\"content-intertitle\">\n<h2>Tempestade<\/h2>\n<\/div>\n<p>&nbsp;<\/p>\n<\/div>\n<div class=\"row medium-uncollapsed content-media content-photo\" data-block-type=\"backstage-photo\" data-block-id=\"14\">\n<div class=\"mc-column content-media__container\">\n<div class=\"content-media-container glb-skeleton-box\">\n<figure class=\"content-media-figure\">\n<p><figure style=\"width: 647px\" class=\"wp-caption aligncenter\"><img loading=\"lazy\" decoding=\"async\" class=\"i-amphtml-fill-content i-amphtml-replaced-content\" src=\"https:\/\/s2.glbimg.com\/trvdqzpUUuc9BEg7ioXXEKjcNAs=\/0x0:626x352\/984x0\/smart\/filters:strip_icc()\/i.s3.glbimg.com\/v1\/AUTH_59edd422c0c84a879bd37670ae4f538a\/internal_photos\/bs\/2022\/N\/r\/M7khD7Qx256Z83dp72VA\/yakecan.jpeg\" sizes=\"auto, (max-width: 1366px) 648px, 100vw\" srcset=\"https:\/\/s2.glbimg.com\/PaWGBCvKu7QwMXfmd_AqT8_H5DU=\/0x0:626x352\/1000x0\/smart\/filters:strip_icc()\/i.s3.glbimg.com\/v1\/AUTH_59edd422c0c84a879bd37670ae4f538a\/internal_photos\/bs\/2022\/N\/r\/M7khD7Qx256Z83dp72VA\/yakecan.jpeg 1000w, https:\/\/s2.glbimg.com\/trvdqzpUUuc9BEg7ioXXEKjcNAs=\/0x0:626x352\/984x0\/smart\/filters:strip_icc()\/i.s3.glbimg.com\/v1\/AUTH_59edd422c0c84a879bd37670ae4f538a\/internal_photos\/bs\/2022\/N\/r\/M7khD7Qx256Z83dp72VA\/yakecan.jpeg 984w, https:\/\/s2.glbimg.com\/vmaeL7DebKRDBhWnN_rZS1CJH80=\/0x0:626x352\/640x0\/smart\/filters:strip_icc()\/i.s3.glbimg.com\/v1\/AUTH_59edd422c0c84a879bd37670ae4f538a\/internal_photos\/bs\/2022\/N\/r\/M7khD7Qx256Z83dp72VA\/yakecan.jpeg 640w, https:\/\/s2.glbimg.com\/i2B3qbUPA4g_tPKOyb-6qJ6f72I=\/0x0:626x352\/600x0\/smart\/filters:strip_icc()\/i.s3.glbimg.com\/v1\/AUTH_59edd422c0c84a879bd37670ae4f538a\/internal_photos\/bs\/2022\/N\/r\/M7khD7Qx256Z83dp72VA\/yakecan.jpeg 600w\" alt=\"Tempestade Yakecan \u2014 Foto: Epagri\/Ciram\/Divulga\u00e7\u00e3o\" width=\"647\" height=\"364\" \/><figcaption class=\"wp-caption-text\">Tempestade Yakecan \u2014 Foto: Epagri\/Ciram\/Divulga\u00e7\u00e3o<\/figcaption><\/figure><\/figure>\n<\/div>\n<p class=\"content-media__description \">\n<p>&nbsp;<\/p>\n<\/div>\n<\/div>\n<div class=\"mc-column content-text active-extra-styles \" data-block-type=\"unstyled\" data-block-weight=\"43\" data-block-id=\"15\">\n<p class=\"content-text__container \" data-track-category=\"Link no Texto\" data-track-links=\"\">Yakecan significa &#8220;o som do c\u00e9u&#8221; em tupi-guarani e foi oficialmente estabelecido por meio do aviso especial n\u00ba 356, publicado no site do Centro de Hidrografia da Marinha. No Rio Grande do Sul, a tempestade fechou com\u00e9rcios, cancelou aulas e causou estragos.<\/p>\n<\/div>\n<div class=\"content-ads content-ads--reveal\" data-block-type=\"ads\" data-block-id=\"16\">\n<div><\/div>\n<\/div>\n<div class=\"mc-column content-text active-extra-styles \" data-block-type=\"unstyled\" data-block-weight=\"2\" data-block-id=\"17\">\n<p class=\"content-text__container \" data-track-category=\"Link no Texto\" data-track-links=\"\">\n<\/div>\n<div class=\"row medium-uncollapsed content-media content-photo\" data-block-type=\"backstage-photo\" data-block-id=\"19\">\n<div class=\"mc-column content-media__container\">\n<div class=\"content-media-container glb-skeleton-box\">\n<figure class=\"content-media-figure\">\n<p><figure style=\"width: 647px\" class=\"wp-caption aligncenter\"><img loading=\"lazy\" decoding=\"async\" class=\"i-amphtml-fill-content i-amphtml-replaced-content\" src=\"https:\/\/s2.glbimg.com\/_Fcf--3VqD0-f9YqvLGCan0yU3c=\/0x0:1280x850\/984x0\/smart\/filters:strip_icc()\/i.s3.glbimg.com\/v1\/AUTH_59edd422c0c84a879bd37670ae4f538a\/internal_photos\/bs\/2022\/D\/3\/CiAhAzQOaTJYgnWljVJQ\/neve-sao-joaquim-carro.jpeg\" sizes=\"auto, (max-width: 1366px) 648px, 100vw\" srcset=\"https:\/\/s2.glbimg.com\/N7u8M2_PUz39toKLZK9u18j1mNQ=\/0x0:1280x850\/1000x0\/smart\/filters:strip_icc()\/i.s3.glbimg.com\/v1\/AUTH_59edd422c0c84a879bd37670ae4f538a\/internal_photos\/bs\/2022\/D\/3\/CiAhAzQOaTJYgnWljVJQ\/neve-sao-joaquim-carro.jpeg 1000w, https:\/\/s2.glbimg.com\/_Fcf--3VqD0-f9YqvLGCan0yU3c=\/0x0:1280x850\/984x0\/smart\/filters:strip_icc()\/i.s3.glbimg.com\/v1\/AUTH_59edd422c0c84a879bd37670ae4f538a\/internal_photos\/bs\/2022\/D\/3\/CiAhAzQOaTJYgnWljVJQ\/neve-sao-joaquim-carro.jpeg 984w, https:\/\/s2.glbimg.com\/bBHXyhaeVqKqJ1SLAsbM4nXtxog=\/0x0:1280x850\/640x0\/smart\/filters:strip_icc()\/i.s3.glbimg.com\/v1\/AUTH_59edd422c0c84a879bd37670ae4f538a\/internal_photos\/bs\/2022\/D\/3\/CiAhAzQOaTJYgnWljVJQ\/neve-sao-joaquim-carro.jpeg 640w, https:\/\/s2.glbimg.com\/UevVfUQBa8OOi989OWtxmlZU5KE=\/0x0:1280x850\/600x0\/smart\/filters:strip_icc()\/i.s3.glbimg.com\/v1\/AUTH_59edd422c0c84a879bd37670ae4f538a\/internal_photos\/bs\/2022\/D\/3\/CiAhAzQOaTJYgnWljVJQ\/neve-sao-joaquim-carro.jpeg 600w\" alt=\"Neve cobre carro em S\u00e3o Joaquim na noite desta ter\u00e7a-feira (17) \u2014 Foto: Dionata Costa\/Arquivo pessoal\" width=\"647\" height=\"430\" \/><figcaption class=\"wp-caption-text\">Neve cobre carro em S\u00e3o Joaquim na noite desta ter\u00e7a-feira (17) \u2014 Foto: Dionata Costa\/Arquivo pessoal<\/figcaption><\/figure><\/figure>\n<\/div>\n<p class=\"content-media__description \">\n<\/div>\n<\/div>\n<div class=\"row medium-uncollapsed content-media content-photo\" data-block-type=\"backstage-photo\" data-block-id=\"20\">\n<div class=\"mc-column content-media__container\">\n<div class=\"content-media-container glb-skeleton-box\">\n<figure class=\"content-media-figure\">\n<p><figure style=\"width: 647px\" class=\"wp-caption aligncenter\"><img loading=\"lazy\" decoding=\"async\" class=\"i-amphtml-fill-content i-amphtml-replaced-content\" src=\"https:\/\/s2.glbimg.com\/DI2Q3FWVI8KkwICT6fDHIBRkMDE=\/0x0:1280x850\/984x0\/smart\/filters:strip_icc()\/i.s3.glbimg.com\/v1\/AUTH_59edd422c0c84a879bd37670ae4f538a\/internal_photos\/bs\/2022\/a\/2\/EAMAksTHWOpHs1O8jCvQ\/neve-em-sao-joaquim-caminho.jpeg\" sizes=\"auto, (max-width: 1366px) 648px, 100vw\" srcset=\"https:\/\/s2.glbimg.com\/ItDMyhE_8D5jbU9VbGP41B09YtA=\/0x0:1280x850\/1000x0\/smart\/filters:strip_icc()\/i.s3.glbimg.com\/v1\/AUTH_59edd422c0c84a879bd37670ae4f538a\/internal_photos\/bs\/2022\/a\/2\/EAMAksTHWOpHs1O8jCvQ\/neve-em-sao-joaquim-caminho.jpeg 1000w, https:\/\/s2.glbimg.com\/DI2Q3FWVI8KkwICT6fDHIBRkMDE=\/0x0:1280x850\/984x0\/smart\/filters:strip_icc()\/i.s3.glbimg.com\/v1\/AUTH_59edd422c0c84a879bd37670ae4f538a\/internal_photos\/bs\/2022\/a\/2\/EAMAksTHWOpHs1O8jCvQ\/neve-em-sao-joaquim-caminho.jpeg 984w, https:\/\/s2.glbimg.com\/Bttai3XAaw9588BXnmafqWf4JYg=\/0x0:1280x850\/640x0\/smart\/filters:strip_icc()\/i.s3.glbimg.com\/v1\/AUTH_59edd422c0c84a879bd37670ae4f538a\/internal_photos\/bs\/2022\/a\/2\/EAMAksTHWOpHs1O8jCvQ\/neve-em-sao-joaquim-caminho.jpeg 640w, https:\/\/s2.glbimg.com\/MyaDew9dRFgBqzodcoty-IL7qfs=\/0x0:1280x850\/600x0\/smart\/filters:strip_icc()\/i.s3.glbimg.com\/v1\/AUTH_59edd422c0c84a879bd37670ae4f538a\/internal_photos\/bs\/2022\/a\/2\/EAMAksTHWOpHs1O8jCvQ\/neve-em-sao-joaquim-caminho.jpeg 600w\" alt=\"Flocos de neve em S\u00e3o Joaquim na noite desta ter\u00e7a-feira (17) \u2014 Foto: Dionata Costa\/Arquivo pessoal\" width=\"647\" height=\"430\" \/><figcaption class=\"wp-caption-text\">Flocos de neve em S\u00e3o Joaquim na noite desta ter\u00e7a-feira (17) \u2014 Foto: Dionata Costa\/Arquivo pessoal<\/figcaption><\/figure><\/figure>\n<\/div>\n<p class=\"content-media__description \">\n<\/div>\n<\/div>\n<div class=\"content-ads content-ads--reveal\" data-block-type=\"ads\" data-block-id=\"21\">\n<div><\/div>\n<\/div>\n<div class=\"row medium-uncollapsed content-media content-photo\" data-block-type=\"backstage-photo\" data-block-id=\"22\">\n<div class=\"mc-column content-media__container\">\n<div class=\"content-media-container glb-skeleton-box\">\n<figure class=\"content-media-figure\">\n<p><figure style=\"width: 647px\" class=\"wp-caption aligncenter\"><img loading=\"lazy\" decoding=\"async\" class=\"i-amphtml-fill-content i-amphtml-replaced-content\" src=\"https:\/\/s2.glbimg.com\/8GyQ9iyk9HUR5b616sN9VQe-foE=\/0x0:768x1024\/984x0\/smart\/filters:strip_icc()\/i.s3.glbimg.com\/v1\/AUTH_59edd422c0c84a879bd37670ae4f538a\/internal_photos\/bs\/2022\/0\/E\/bq4xi2RJGdMs944czjOw\/neve-carro-pmrv-bom-jardim-da-serra.jpeg\" sizes=\"auto, (max-width: 1366px) 648px, 100vw\" srcset=\"https:\/\/s2.glbimg.com\/ZLXuVSK9qv_wgLcH-jlFhAQw4IQ=\/0x0:768x1024\/1000x0\/smart\/filters:strip_icc()\/i.s3.glbimg.com\/v1\/AUTH_59edd422c0c84a879bd37670ae4f538a\/internal_photos\/bs\/2022\/0\/E\/bq4xi2RJGdMs944czjOw\/neve-carro-pmrv-bom-jardim-da-serra.jpeg 1000w, https:\/\/s2.glbimg.com\/8GyQ9iyk9HUR5b616sN9VQe-foE=\/0x0:768x1024\/984x0\/smart\/filters:strip_icc()\/i.s3.glbimg.com\/v1\/AUTH_59edd422c0c84a879bd37670ae4f538a\/internal_photos\/bs\/2022\/0\/E\/bq4xi2RJGdMs944czjOw\/neve-carro-pmrv-bom-jardim-da-serra.jpeg 984w, https:\/\/s2.glbimg.com\/-30AML3Xq_psxzYHcfEjk2qE8J4=\/0x0:768x1024\/640x0\/smart\/filters:strip_icc()\/i.s3.glbimg.com\/v1\/AUTH_59edd422c0c84a879bd37670ae4f538a\/internal_photos\/bs\/2022\/0\/E\/bq4xi2RJGdMs944czjOw\/neve-carro-pmrv-bom-jardim-da-serra.jpeg 640w, https:\/\/s2.glbimg.com\/TtYksq1VL0HnE2g1XoJpwaeXHGw=\/0x0:768x1024\/600x0\/smart\/filters:strip_icc()\/i.s3.glbimg.com\/v1\/AUTH_59edd422c0c84a879bd37670ae4f538a\/internal_photos\/bs\/2022\/0\/E\/bq4xi2RJGdMs944czjOw\/neve-carro-pmrv-bom-jardim-da-serra.jpeg 600w\" alt=\"Neve em volta do carro da PMRv em Bom Jardim da Serra na noite de ter\u00e7a-feira (17) \u2014 Foto: PMRv\/Divulga\u00e7\u00e3o\" width=\"647\" height=\"863\" \/><figcaption class=\"wp-caption-text\">Neve em volta do carro da PMRv em Bom Jardim da Serra na noite de ter\u00e7a-feira (17) \u2014 Foto: PMRv\/Divulga\u00e7\u00e3o<\/figcaption><\/figure><\/figure>\n<\/div>\n<p class=\"content-media__description \">\n<\/div>\n<\/div>\n<div class=\"row medium-uncollapsed content-media content-photo\" data-block-type=\"backstage-photo\" data-block-id=\"23\">\n<div class=\"mc-column content-media__container\">\n<div class=\"content-media-container glb-skeleton-box\">\n<figure class=\"content-media-figure\">\n<p><figure style=\"width: 647px\" class=\"wp-caption aligncenter\"><img loading=\"lazy\" decoding=\"async\" class=\"i-amphtml-fill-content i-amphtml-replaced-content\" src=\"https:\/\/s2.glbimg.com\/VAuSDjkeEndB8FKth_Vqi3hSSKY=\/0x0:1599x899\/984x0\/smart\/filters:strip_icc()\/i.s3.glbimg.com\/v1\/AUTH_59edd422c0c84a879bd37670ae4f538a\/internal_photos\/bs\/2022\/i\/k\/nVVFZjQWWIEkwqEDyCvg\/neve-urupema.jpeg\" sizes=\"auto, (max-width: 1366px) 648px, 100vw\" srcset=\"https:\/\/s2.glbimg.com\/fI_JEfYs1TMAm1V81VTNRqdnO7M=\/0x0:1599x899\/1000x0\/smart\/filters:strip_icc()\/i.s3.glbimg.com\/v1\/AUTH_59edd422c0c84a879bd37670ae4f538a\/internal_photos\/bs\/2022\/i\/k\/nVVFZjQWWIEkwqEDyCvg\/neve-urupema.jpeg 1000w, https:\/\/s2.glbimg.com\/VAuSDjkeEndB8FKth_Vqi3hSSKY=\/0x0:1599x899\/984x0\/smart\/filters:strip_icc()\/i.s3.glbimg.com\/v1\/AUTH_59edd422c0c84a879bd37670ae4f538a\/internal_photos\/bs\/2022\/i\/k\/nVVFZjQWWIEkwqEDyCvg\/neve-urupema.jpeg 984w, https:\/\/s2.glbimg.com\/5ptpn6QUszU7c6Fw-O-mKy2Gbw0=\/0x0:1599x899\/640x0\/smart\/filters:strip_icc()\/i.s3.glbimg.com\/v1\/AUTH_59edd422c0c84a879bd37670ae4f538a\/internal_photos\/bs\/2022\/i\/k\/nVVFZjQWWIEkwqEDyCvg\/neve-urupema.jpeg 640w, https:\/\/s2.glbimg.com\/k8OQKjQpt0SUVRTFe6r_UeHzCTs=\/0x0:1599x899\/600x0\/smart\/filters:strip_icc()\/i.s3.glbimg.com\/v1\/AUTH_59edd422c0c84a879bd37670ae4f538a\/internal_photos\/bs\/2022\/i\/k\/nVVFZjQWWIEkwqEDyCvg\/neve-urupema.jpeg 600w\" alt=\"Pessoas curtem a neve em Urupema na noite de ter\u00e7a-feira (17) \u2014 Foto: Tiago Ghizoni\/NSC\" width=\"647\" height=\"364\" \/><figcaption class=\"wp-caption-text\">Pessoas curtem a neve em Urupema na noite de ter\u00e7a-feira (17) \u2014 Foto: Tiago Ghizoni\/NSC<\/figcaption><\/figure><\/figure>\n<\/div>\n<\/div>\n<\/div>\n<\/div>\n<\/div>\n<p>&nbsp;<\/p>\n<p class=\"content-publication-data__from\" title=\"Caroline Borges, g1 SC\">Por Caroline Borges, g1 SC<\/p>\n<div class=\"wall protected-content\">\n<div class=\"mc-column content-text active-extra-styles \" data-block-type=\"unstyled\" data-block-weight=\"33\" data-block-id=\"4\">\n<div class=\"row medium-uncollapsed content-media content-photo\" data-block-type=\"backstage-photo\" data-block-id=\"23\">\n<div class=\"mc-column content-media__container\">\n<div class=\"content-media-container glb-skeleton-box\">\n<p>&nbsp;<\/p>\n<\/div>\n<\/div>\n<p class=\"content-media__description \">\n<\/div>\n<\/div>\n<\/div>\n","protected":false},"excerpt":{"rendered":"<p>Rajadas de vento derrubaram um caminh\u00e3o que estava estacionado em um posto da Pol\u00edcia Militar Rodovi\u00e1ria (PMRv) na Serra do Rio do Rastro, em Bom Jardim da Serra, na madrugada desta quarta-feira (18). O motorista do ve\u00edculo, um homem de 28 anos, estava dentro do autom\u00f3vel no momento do tombamento e n\u00e3o se feriu. De [&hellip;]<\/p>\n","protected":false},"author":5,"featured_media":206620,"comment_status":"closed","ping_status":"closed","sticky":false,"template":"","format":"standard","meta":{"footnotes":""},"categories":[31],"tags":[],"class_list":["post-206619","post","type-post","status-publish","format-standard","has-post-thumbnail","hentry","category-geral"],"_links":{"self":[{"href":"https:\/\/www.ocorreionews.com.br\/acervo-correio\/index.php?rest_route=\/wp\/v2\/posts\/206619","targetHints":{"allow":["GET"]}}],"collection":[{"href":"https:\/\/www.ocorreionews.com.br\/acervo-correio\/index.php?rest_route=\/wp\/v2\/posts"}],"about":[{"href":"https:\/\/www.ocorreionews.com.br\/acervo-correio\/index.php?rest_route=\/wp\/v2\/types\/post"}],"author":[{"embeddable":true,"href":"https:\/\/www.ocorreionews.com.br\/acervo-correio\/index.php?rest_route=\/wp\/v2\/users\/5"}],"replies":[{"embeddable":true,"href":"https:\/\/www.ocorreionews.com.br\/acervo-correio\/index.php?rest_route=%2Fwp%2Fv2%2Fcomments&post=206619"}],"version-history":[{"count":1,"href":"https:\/\/www.ocorreionews.com.br\/acervo-correio\/index.php?rest_route=\/wp\/v2\/posts\/206619\/revisions"}],"predecessor-version":[{"id":206622,"href":"https:\/\/www.ocorreionews.com.br\/acervo-correio\/index.php?rest_route=\/wp\/v2\/posts\/206619\/revisions\/206622"}],"wp:featuredmedia":[{"embeddable":true,"href":"https:\/\/www.ocorreionews.com.br\/acervo-correio\/index.php?rest_route=\/wp\/v2\/media\/206620"}],"wp:attachment":[{"href":"https:\/\/www.ocorreionews.com.br\/acervo-correio\/index.php?rest_route=%2Fwp%2Fv2%2Fmedia&parent=206619"}],"wp:term":[{"taxonomy":"category","embeddable":true,"href":"https:\/\/www.ocorreionews.com.br\/acervo-correio\/index.php?rest_route=%2Fwp%2Fv2%2Fcategories&post=206619"},{"taxonomy":"post_tag","embeddable":true,"href":"https:\/\/www.ocorreionews.com.br\/acervo-correio\/index.php?rest_route=%2Fwp%2Fv2%2Ftags&post=206619"}],"curies":[{"name":"wp","href":"https:\/\/api.w.org\/{rel}","templated":true}]}}