{"id":20662,"date":"2016-02-16T13:19:37","date_gmt":"2016-02-16T16:19:37","guid":{"rendered":"https:\/\/ocorreionews.com.br\/?p=20662"},"modified":"2016-02-16T13:29:11","modified_gmt":"2016-02-16T16:29:11","slug":"bombeiros-de-costa-rica-resgatam-corpo-de-andarilho-que-estava-desaparecido-ha-tres-dias-no-rio-sucuriu","status":"publish","type":"post","link":"https:\/\/www.ocorreionews.com.br\/acervo-correio\/?p=20662","title":{"rendered":"Bombeiros de Costa Rica resgatam corpo de andarilho que estava desaparecido h\u00e1 tr\u00eas dias no Rio Sucuri\u00fa"},"content":{"rendered":"<p>Mergulhadores da equipe aqu\u00e1tica do Corpo de Bombeiros de Costa Rica \u2013 MS resgataram, no in\u00edcio da manh\u00e3 desta ter\u00e7a-feira (16), por volta das 8h30, o corpo de um andarilho, identificado apenas como &#8220;bei\u00e7ola&#8221;.<\/p>\n<p>Segundo informa\u00e7\u00f5es do Comandante do Corpo de Bombeiros, Major Aldinei Perez da Silva, o corpo da v\u00edtima boiou na madrugada desta ter\u00e7a-feira e foi encontrado pelos mergulhadores no in\u00edcio da manh\u00e3 no grande lago da usina.<\/p>\n<p>Ainda conforme o Major Aldinei, em pouco mais de um ano de instala\u00e7\u00e3o do Corpo de Bombeiros em Costa Rica a corpora\u00e7\u00e3o j\u00e1 atendeu 4 (quatro) afogamentos no Rio Sucuri\u00fa. Ele faz um apelo: &#8220;pe\u00e7o encarecidamente \u00e0 popula\u00e7\u00e3o que n\u00f3s ajudem, n\u00e3o usem o Rio Sucuri\u00fa para banho\u201d.<\/p>\n<p>O comandante do Corpo de Bombeiros tamb\u00e9m fez quest\u00e3o de registrar o apoio que recebeu para que essa opera\u00e7\u00e3o fosse conclu\u00edda e realizada com sucesso. \u201cN\u00e3o posso deixar de agradecer o apoio que recebemos do pessoal da usina, dos monitores ambientais, dos policiais Civis, Militares, da PMA \u2013 Pol\u00edcia Militar Ambiental \u2013 e principalmente da nossa equipe de bombeiros que trabalhou incansavelmente\u201d, finalizou o Major Aldinei da Silva.<\/p>\n<p><strong>Desaparecido<\/strong><\/p>\n<p>Conforme informa\u00e7\u00f5es apuradas pela nossa reportagem, no \u00faltimo domingo (14), por volta das 11h45, um grupo de andarilhos estavam no Parque Ecol\u00f3gico Vilibaldo Rodrigues Barbosa \u201cViliboldo\u201d, ingerindo bebida alco\u00f3lica quando um deles tentou fazer a travessia do rio e acabou desaparecendo.<\/p>\n<p>\u201cA v\u00edtima tentou atravessar o rio naquela regi\u00e3o que os populares chamam de prainha que curiosamente trata-se do mesmo local em que as duas meninas desapareceram\u201d, comentou o Major do Corpo de Bombeiros.<\/p>\n<p>Os investigadores da Delegacia de Pol\u00edcia Civil de Costa Rica est\u00e3o trabalhando no sentido de identificar a v\u00edtima, h\u00e1 informa\u00e7\u00f5es preliminares que o homem seria natural de Tr\u00eas Lagoas \u2013 MS.<\/p>\n<p>&nbsp;<\/p>\n<p>&nbsp;<\/p>\n<p>&nbsp;<\/p>\n<p>&nbsp;<\/p>\n<p>Costa Rica em Foco &#8211; Foto\u00a0Gazeta CR News<\/p>\n<p>&nbsp;<\/p>\n<p>&nbsp;<\/p>\n","protected":false},"excerpt":{"rendered":"<p>Mergulhadores da equipe aqu\u00e1tica do Corpo de Bombeiros de Costa Rica \u2013 MS resgataram, no in\u00edcio da manh\u00e3 desta ter\u00e7a-feira (16), por volta das 8h30, o corpo de um andarilho, identificado apenas como &#8220;bei\u00e7ola&#8221;. Segundo informa\u00e7\u00f5es do Comandante do Corpo de Bombeiros, Major Aldinei Perez da Silva, o corpo da v\u00edtima boiou na madrugada desta [&hellip;]<\/p>\n","protected":false},"author":4,"featured_media":20665,"comment_status":"closed","ping_status":"closed","sticky":false,"template":"","format":"standard","meta":{"footnotes":""},"categories":[25,38],"tags":[],"class_list":["post-20662","post","type-post","status-publish","format-standard","has-post-thumbnail","hentry","category-costa-rica","category-policia"],"_links":{"self":[{"href":"https:\/\/www.ocorreionews.com.br\/acervo-correio\/index.php?rest_route=\/wp\/v2\/posts\/20662","targetHints":{"allow":["GET"]}}],"collection":[{"href":"https:\/\/www.ocorreionews.com.br\/acervo-correio\/index.php?rest_route=\/wp\/v2\/posts"}],"about":[{"href":"https:\/\/www.ocorreionews.com.br\/acervo-correio\/index.php?rest_route=\/wp\/v2\/types\/post"}],"author":[{"embeddable":true,"href":"https:\/\/www.ocorreionews.com.br\/acervo-correio\/index.php?rest_route=\/wp\/v2\/users\/4"}],"replies":[{"embeddable":true,"href":"https:\/\/www.ocorreionews.com.br\/acervo-correio\/index.php?rest_route=%2Fwp%2Fv2%2Fcomments&post=20662"}],"version-history":[{"count":0,"href":"https:\/\/www.ocorreionews.com.br\/acervo-correio\/index.php?rest_route=\/wp\/v2\/posts\/20662\/revisions"}],"wp:featuredmedia":[{"embeddable":true,"href":"https:\/\/www.ocorreionews.com.br\/acervo-correio\/index.php?rest_route=\/wp\/v2\/media\/20665"}],"wp:attachment":[{"href":"https:\/\/www.ocorreionews.com.br\/acervo-correio\/index.php?rest_route=%2Fwp%2Fv2%2Fmedia&parent=20662"}],"wp:term":[{"taxonomy":"category","embeddable":true,"href":"https:\/\/www.ocorreionews.com.br\/acervo-correio\/index.php?rest_route=%2Fwp%2Fv2%2Fcategories&post=20662"},{"taxonomy":"post_tag","embeddable":true,"href":"https:\/\/www.ocorreionews.com.br\/acervo-correio\/index.php?rest_route=%2Fwp%2Fv2%2Ftags&post=20662"}],"curies":[{"name":"wp","href":"https:\/\/api.w.org\/{rel}","templated":true}]}}