{"id":206638,"date":"2022-05-18T07:38:06","date_gmt":"2022-05-18T11:38:06","guid":{"rendered":"https:\/\/www.ocorreionews.com.br\/acervo-correio\/?p=206638"},"modified":"2022-05-18T09:40:49","modified_gmt":"2022-05-18T13:40:49","slug":"prefeito-de-pedro-juan-caballero-no-paraguai-e-atingido-por-tiros-em-atentado-na-fronteira-com-brasil","status":"publish","type":"post","link":"https:\/\/www.ocorreionews.com.br\/acervo-correio\/?p=206638","title":{"rendered":"Prefeito de Pedro Juan Caballero, no Paraguai, \u00e9 atingido por tiros em atentado na fronteira com Brasil"},"content":{"rendered":"<div class=\"mc-column content-text active-extra-styles \" data-block-type=\"unstyled\" data-block-weight=\"54\" data-block-id=\"2\">\n<p class=\"content-text__container \" data-track-category=\"Link no Texto\" data-track-links=\"\">O prefeito de Pedro Juan Caballero (PY), Jos\u00e9 Carlos Acevedo, de 53 anos, teve o carro alvejado com diversos tiros no momento em que saia da prefeitura nesta ter\u00e7a-feira (17). Acevedo foi levado em estado grave para um hospital na cidade paraguaia, vizinha a Ponta Por\u00e3 (MS), regi\u00e3o de fronteira com o Brasil.<\/p>\n<\/div>\n<div class=\"wall protected-content\">\n<div class=\"mc-column content-text active-extra-styles \" data-block-type=\"unstyled\" data-block-weight=\"2\" data-block-id=\"3\"><\/div>\n<div class=\"mc-column content-text active-extra-styles\" data-block-type=\"raw\" data-block-weight=\"35\" data-block-id=\"4\">\n<p>&nbsp;<\/p>\n<p>&nbsp;<\/p>\n<\/div>\n<div class=\"mc-column content-text active-extra-styles \" data-block-type=\"unstyled\" data-block-weight=\"40\" data-block-id=\"5\">\n<p class=\"content-text__container \" data-track-category=\"Link no Texto\" data-track-links=\"\">Policiais e autoridades do setor de seguran\u00e7a est\u00e3o no local e investigam o caso. Conforme informa\u00e7\u00f5es apuradas no local do atentado, Acevedo estava dentro do carro quando os pistoleiros chegaram e efetuaram pelo menos 10 tiros contra o ve\u00edculo.<\/p>\n<\/div>\n<div class=\"content-ads content-ads--reveal\" data-block-type=\"ads\" data-block-id=\"6\">\n<div><\/div>\n<\/div>\n<div class=\"row medium-uncollapsed content-media content-photo\" data-block-type=\"backstage-photo\" data-block-id=\"7\">\n<div class=\"mc-column content-media__container\">\n<div class=\"content-media-container glb-skeleton-box\">\n<figure class=\"content-media-figure\">\n<p><figure style=\"width: 647px\" class=\"wp-caption aligncenter\"><img loading=\"lazy\" decoding=\"async\" class=\"i-amphtml-fill-content i-amphtml-replaced-content\" src=\"https:\/\/s2.glbimg.com\/KMFWwVssAEaRQT2brSoqfatpPVQ=\/0x0:1080x593\/984x0\/smart\/filters:strip_icc()\/i.s3.glbimg.com\/v1\/AUTH_59edd422c0c84a879bd37670ae4f538a\/internal_photos\/bs\/2022\/S\/v\/SDBKS3RNyTmqenOkM8gQ\/whatsapp-image-2022-05-17-at-17.17.09.jpeg\" sizes=\"auto, (max-width: 1366px) 648px, 100vw\" srcset=\"https:\/\/s2.glbimg.com\/nTvhyLjRb1d9--bDJCl0uWqX0M8=\/0x0:1080x593\/1000x0\/smart\/filters:strip_icc()\/i.s3.glbimg.com\/v1\/AUTH_59edd422c0c84a879bd37670ae4f538a\/internal_photos\/bs\/2022\/S\/v\/SDBKS3RNyTmqenOkM8gQ\/whatsapp-image-2022-05-17-at-17.17.09.jpeg 1000w, https:\/\/s2.glbimg.com\/KMFWwVssAEaRQT2brSoqfatpPVQ=\/0x0:1080x593\/984x0\/smart\/filters:strip_icc()\/i.s3.glbimg.com\/v1\/AUTH_59edd422c0c84a879bd37670ae4f538a\/internal_photos\/bs\/2022\/S\/v\/SDBKS3RNyTmqenOkM8gQ\/whatsapp-image-2022-05-17-at-17.17.09.jpeg 984w, https:\/\/s2.glbimg.com\/czrgQgXV4JEigQEEOftD3zViOpY=\/0x0:1080x593\/640x0\/smart\/filters:strip_icc()\/i.s3.glbimg.com\/v1\/AUTH_59edd422c0c84a879bd37670ae4f538a\/internal_photos\/bs\/2022\/S\/v\/SDBKS3RNyTmqenOkM8gQ\/whatsapp-image-2022-05-17-at-17.17.09.jpeg 640w, https:\/\/s2.glbimg.com\/CReDYi6-OI70yibpwZ1OJmvVvmE=\/0x0:1080x593\/600x0\/smart\/filters:strip_icc()\/i.s3.glbimg.com\/v1\/AUTH_59edd422c0c84a879bd37670ae4f538a\/internal_photos\/bs\/2022\/S\/v\/SDBKS3RNyTmqenOkM8gQ\/whatsapp-image-2022-05-17-at-17.17.09.jpeg 600w\" alt=\"Pol\u00edcia est\u00e1 no local do atentado.  \u2014 Foto: Reprodu\u00e7\u00e3o\" width=\"647\" height=\"355\" \/><figcaption class=\"wp-caption-text\">Pol\u00edcia est\u00e1 no local do atentado. \u2014 Foto: Reprodu\u00e7\u00e3o<\/figcaption><\/figure><\/figure>\n<\/div>\n<p class=\"content-media__description \">\n<\/div>\n<\/div>\n<div class=\"mc-column content-text active-extra-styles \" data-block-type=\"unstyled\" data-block-weight=\"28\" data-block-id=\"8\">\n<p class=\"content-text__container \" data-track-category=\"Link no Texto\" data-track-links=\"\">Acevedo foi retirado do carro, colocado em um maca e encaminhado imediatamente a um hospital na regi\u00e3o de fronteira. O atentado ocorreu em frente a um mercado.<\/p>\n<p data-track-category=\"Link no Texto\" data-track-links=\"\">\n<\/div>\n<div class=\"mc-column content-text active-extra-styles \" data-block-type=\"unstyled\" data-block-weight=\"34\" data-block-id=\"9\">\n<p class=\"content-text__container \" data-track-category=\"Link no Texto\" data-track-links=\"\">Jos\u00e9 Carlos Acevedo \u00e9 irm\u00e3o do governador de Amambay, Ronald Acevedo, e \u00e9 tio de Haylee Carolina Acevedo Yunis, jovem que morreu aos 21 anos em uma chacina, tamb\u00e9m em Pedro Juan Caballero.<\/p>\n<p data-track-category=\"Link no Texto\" data-track-links=\"\">\n<\/div>\n<div class=\"mc-column content-text active-extra-styles\" data-block-type=\"raw\" data-block-weight=\"1\" data-block-id=\"10\">\n<p class=\"content-text__container\">\n<div class=\"content-intertitle\">\n<h2>Execu\u00e7\u00f5es<\/h2>\n<\/div>\n<p>&nbsp;<\/p>\n<\/div>\n<div class=\"row medium-uncollapsed content-media content-photo\" data-block-type=\"backstage-photo\" data-block-id=\"11\">\n<div class=\"mc-column content-media__container\">\n<div class=\"content-media-container glb-skeleton-box\">\n<figure class=\"content-media-figure\">\n<p><figure style=\"width: 647px\" class=\"wp-caption aligncenter\"><img loading=\"lazy\" decoding=\"async\" class=\"i-amphtml-fill-content i-amphtml-replaced-content\" src=\"https:\/\/s2.glbimg.com\/E13WMB0D7DAvQrzDm1I92XAhYko=\/0x0:1536x864\/984x0\/smart\/filters:strip_icc()\/i.s3.glbimg.com\/v1\/AUTH_59edd422c0c84a879bd37670ae4f538a\/internal_photos\/bs\/2022\/t\/c\/nMeik5QXODmmjlfSodZw\/whatsapp-image-2022-05-17-at-17.04.15.jpeg\" sizes=\"auto, (max-width: 1366px) 648px, 100vw\" srcset=\"https:\/\/s2.glbimg.com\/tW9N3HKPMVpuUkbErP9njbKF7l4=\/0x0:1536x864\/1000x0\/smart\/filters:strip_icc()\/i.s3.glbimg.com\/v1\/AUTH_59edd422c0c84a879bd37670ae4f538a\/internal_photos\/bs\/2022\/t\/c\/nMeik5QXODmmjlfSodZw\/whatsapp-image-2022-05-17-at-17.04.15.jpeg 1000w, https:\/\/s2.glbimg.com\/E13WMB0D7DAvQrzDm1I92XAhYko=\/0x0:1536x864\/984x0\/smart\/filters:strip_icc()\/i.s3.glbimg.com\/v1\/AUTH_59edd422c0c84a879bd37670ae4f538a\/internal_photos\/bs\/2022\/t\/c\/nMeik5QXODmmjlfSodZw\/whatsapp-image-2022-05-17-at-17.04.15.jpeg 984w, https:\/\/s2.glbimg.com\/pgCarZ6eFwGhuelx7rekiiodOpU=\/0x0:1536x864\/640x0\/smart\/filters:strip_icc()\/i.s3.glbimg.com\/v1\/AUTH_59edd422c0c84a879bd37670ae4f538a\/internal_photos\/bs\/2022\/t\/c\/nMeik5QXODmmjlfSodZw\/whatsapp-image-2022-05-17-at-17.04.15.jpeg 640w, https:\/\/s2.glbimg.com\/Uqm21zQMMrHXXgAZi4AWgj-oz9o=\/0x0:1536x864\/600x0\/smart\/filters:strip_icc()\/i.s3.glbimg.com\/v1\/AUTH_59edd422c0c84a879bd37670ae4f538a\/internal_photos\/bs\/2022\/t\/c\/nMeik5QXODmmjlfSodZw\/whatsapp-image-2022-05-17-at-17.04.15.jpeg 600w\" alt=\"O carro em que os dois homens estavam.  \u2014 Foto: Reprodu\u00e7\u00e3o\" width=\"647\" height=\"364\" \/><figcaption class=\"wp-caption-text\">O carro em que os dois homens estavam. \u2014 Foto: Reprodu\u00e7\u00e3o<\/figcaption><\/figure><\/figure>\n<\/div>\n<p class=\"content-media__description \">\n<\/div>\n<\/div>\n<div class=\"content-ads content-ads--reveal\" data-block-type=\"ads\" data-block-id=\"12\">\n<div><\/div>\n<\/div>\n<div class=\"mc-column content-text active-extra-styles \" data-block-type=\"unstyled\" data-block-weight=\"40\" data-block-id=\"13\">\n<p class=\"content-text__container \" data-track-category=\"Link no Texto\" data-track-links=\"\">Um pouco antes do atentado contra o prefeito de Pedro Juan Caballero, dois homens, de 27 e 33 anos, foram executados, na tarde desta ter\u00e7a-feira (17), na cidade paraguaia de Pedro Juan Caballero. Ainda n\u00e3o h\u00e1 a identifica\u00e7\u00e3o do suspeito.<\/p>\n<p data-track-category=\"Link no Texto\" data-track-links=\"\">\n<\/div>\n<div class=\"mc-column content-text active-extra-styles \" data-block-type=\"unstyled\" data-block-weight=\"48\" data-block-id=\"14\">\n<p class=\"content-text__container \" data-track-category=\"Link no Texto\" data-track-links=\"\">As v\u00edtimas ocupavam um carro vermelho e foram executadas por volta das 15h30 no estacionamento de um mercado. O suspeito pelo crime chegou em uma motocicleta e atirou. Os dois executados s\u00e3o paraguaios e foram identificados como Denis Gabriel Pereira e Luis Enrique Arguello Meza Alias Carocho.<\/p>\n<p data-track-category=\"Link no Texto\" data-track-links=\"\">\n<p class=\"content-publication-data__from\" title=\"g1 MS\">Por g1 MS<\/p>\n<\/div>\n<\/div>\n","protected":false},"excerpt":{"rendered":"<p>O prefeito de Pedro Juan Caballero (PY), Jos\u00e9 Carlos Acevedo, de 53 anos, teve o carro alvejado com diversos tiros no momento em que saia da prefeitura nesta ter\u00e7a-feira (17). Acevedo foi levado em estado grave para um hospital na cidade paraguaia, vizinha a Ponta Por\u00e3 (MS), regi\u00e3o de fronteira com o Brasil. &nbsp; &nbsp; [&hellip;]<\/p>\n","protected":false},"author":5,"featured_media":206639,"comment_status":"closed","ping_status":"closed","sticky":false,"template":"","format":"standard","meta":{"footnotes":""},"categories":[38],"tags":[],"class_list":["post-206638","post","type-post","status-publish","format-standard","has-post-thumbnail","hentry","category-policia"],"_links":{"self":[{"href":"https:\/\/www.ocorreionews.com.br\/acervo-correio\/index.php?rest_route=\/wp\/v2\/posts\/206638","targetHints":{"allow":["GET"]}}],"collection":[{"href":"https:\/\/www.ocorreionews.com.br\/acervo-correio\/index.php?rest_route=\/wp\/v2\/posts"}],"about":[{"href":"https:\/\/www.ocorreionews.com.br\/acervo-correio\/index.php?rest_route=\/wp\/v2\/types\/post"}],"author":[{"embeddable":true,"href":"https:\/\/www.ocorreionews.com.br\/acervo-correio\/index.php?rest_route=\/wp\/v2\/users\/5"}],"replies":[{"embeddable":true,"href":"https:\/\/www.ocorreionews.com.br\/acervo-correio\/index.php?rest_route=%2Fwp%2Fv2%2Fcomments&post=206638"}],"version-history":[{"count":1,"href":"https:\/\/www.ocorreionews.com.br\/acervo-correio\/index.php?rest_route=\/wp\/v2\/posts\/206638\/revisions"}],"predecessor-version":[{"id":206640,"href":"https:\/\/www.ocorreionews.com.br\/acervo-correio\/index.php?rest_route=\/wp\/v2\/posts\/206638\/revisions\/206640"}],"wp:featuredmedia":[{"embeddable":true,"href":"https:\/\/www.ocorreionews.com.br\/acervo-correio\/index.php?rest_route=\/wp\/v2\/media\/206639"}],"wp:attachment":[{"href":"https:\/\/www.ocorreionews.com.br\/acervo-correio\/index.php?rest_route=%2Fwp%2Fv2%2Fmedia&parent=206638"}],"wp:term":[{"taxonomy":"category","embeddable":true,"href":"https:\/\/www.ocorreionews.com.br\/acervo-correio\/index.php?rest_route=%2Fwp%2Fv2%2Fcategories&post=206638"},{"taxonomy":"post_tag","embeddable":true,"href":"https:\/\/www.ocorreionews.com.br\/acervo-correio\/index.php?rest_route=%2Fwp%2Fv2%2Ftags&post=206638"}],"curies":[{"name":"wp","href":"https:\/\/api.w.org\/{rel}","templated":true}]}}