{"id":20670,"date":"2016-02-16T14:11:12","date_gmt":"2016-02-16T17:11:12","guid":{"rendered":"https:\/\/ocorreionews.com.br\/?p=20670"},"modified":"2016-02-16T14:11:12","modified_gmt":"2016-02-16T17:11:12","slug":"continuam-abertas-ate-1o-de-marco-as-inscricoes-para-o-programa-vale-universidade","status":"publish","type":"post","link":"https:\/\/www.ocorreionews.com.br\/acervo-correio\/?p=20670","title":{"rendered":"Continuam abertas at\u00e9 1\u00ba de mar\u00e7o as inscri\u00e7\u00f5es para o Programa Vale Universidade"},"content":{"rendered":"<p>Est\u00e3o abertas as inscri\u00e7\u00f5es do Programa Vale Universidade edi\u00e7\u00e3o de Ver\u00e3o. Os interessados devem realizar as inscri\u00e7\u00f5es at\u00e9 o dia 1\u00ba de mar\u00e7o pelo site da Secretaria de Estado de Direitos Humanos, Assist\u00eancia Social e Trabalho (Sedhast),\u00a0<a href=\"http:\/\/www.sedhast.ms.gov.br\/\">www.sedhast.ms.gov.br<\/a>. Foi o que fez a estudante Lissa Mayara dos Santos Andrade, 20 anos, que cursa psicologia na Unigran Capital. Em 2013 j\u00e1 no in\u00edcio do primeiro semestre ela fez a inscri\u00e7\u00e3o e foi selecionada para ser benefici\u00e1ria do programa. \u201cA op\u00e7\u00e3o pelo Vale Universidade foi a oportunidade de cursar uma faculdade com tranquilidade sem obter d\u00edvidas, pela seguran\u00e7a e estabilidade. Sem o benef\u00edcio eu n\u00e3o teria condi\u00e7\u00f5es de bancar o valor das mensalidades\u201d, assegura a acad\u00eamica.<\/p>\n<p>Com 500 vagas nesta edi\u00e7\u00e3o, o programa do Governo do Estado j\u00e1 beneficia 2 mil estudantes universit\u00e1rios de baixa renda com aux\u00edlio financeiro at\u00e9 a conclus\u00e3o do curso. No total s\u00e3o 90% de incentivos, sendo 70% pagos pelo Governo do Estado, mais 20% de desconto por parte da institui\u00e7\u00e3o de ensino superior.<\/p>\n<p>Para o acad\u00eamico que estuda em universidade p\u00fablica, o valor do benef\u00edcio social ser\u00e1 equivalente \u00e0 m\u00e9dia do valor do benef\u00edcio destinado aos acad\u00eamicos das institui\u00e7\u00f5es privadas. Nesse caso, o valor \u00e9 depositado diretamente na conta do estudante.<\/p>\n<p>Um grande atrativo do programa \u00e9 o est\u00e1gio de 20 horas semanais direcionado na \u00e1rea de atua\u00e7\u00e3o do acad\u00eamico. A futura psic\u00f3loga Lessa Andrade, estagia desde o in\u00edcio do curso e relata que essa experi\u00eancia proporciona bagagem para enfrentar o mercado de trabalho. \u201cO est\u00e1gio \u00e9 muito gratificante, pois aprendo todos os dias e isso \u00e9 uma \u00f3tima oportunidade para n\u00f3s futuros profissionais. J\u00e1 estagiei na Delegacia de Prote\u00e7\u00e3o a Crian\u00e7a e ao Adolescente (DPCA) e tamb\u00e9m na Promotoria de Justi\u00e7a da Inf\u00e2ncia e Juventude, locais em que pude conviver com grandes profissionais. Isso s\u00f3 me trouxe muitas experi\u00eancias\u201d, disse a estudante.<\/p>\n<p><strong>Crit\u00e9rios<\/strong><\/p>\n<p>Pode participar do programa o acad\u00eamico que comprove renda individual igual ou inferior a R$ 1.448,00 e renda familiar mensal de at\u00e9 R$ 2.896,00, al\u00e9m de estar matriculado em curso presencial de bacharelado ou licenciatura autorizado pelo Minist\u00e9rio da Educa\u00e7\u00e3o (MEC).<\/p>\n<p>O estudante n\u00e3o pode possuir diploma em outro curso superior; deve morar no Estado h\u00e1 mais de dois anos; n\u00e3o ser beneficiado por qualquer outro tipo de benef\u00edcio ou de aux\u00edlio financeiro com a mesma finalidade do Vale Universidade e n\u00e3o ter registro de reprova\u00e7\u00e3o de qualquer disciplina na data de inscri\u00e7\u00e3o e convoca\u00e7\u00e3o; n\u00e3o possuir, simultaneamente, outro membro da fam\u00edlia beneficiado neste programa.<\/p>\n<p><strong>Sele\u00e7\u00e3o<\/strong><\/p>\n<p>Encerradas as inscri\u00e7\u00f5es, ser\u00e1 feita a classifica\u00e7\u00e3o preliminar dos candidatos. Os nomes dos pr\u00e9-selecionados ser\u00e3o divulgados na internet, na p\u00e1gina eletr\u00f4nica da Sedhast e nas institui\u00e7\u00f5es de ensino superior conveniadas. O acad\u00eamico dever\u00e1 comparecer no dia, hora e local designados para apresentar a documenta\u00e7\u00e3o e passar por entrevista.<\/p>\n<p><em>Texto: Solange Mori<\/em><\/p>\n","protected":false},"excerpt":{"rendered":"<p>Est\u00e3o abertas as inscri\u00e7\u00f5es do Programa Vale Universidade edi\u00e7\u00e3o de Ver\u00e3o. Os interessados devem realizar as inscri\u00e7\u00f5es at\u00e9 o dia 1\u00ba de mar\u00e7o pelo site da Secretaria de Estado de Direitos Humanos, Assist\u00eancia Social e Trabalho (Sedhast),\u00a0www.sedhast.ms.gov.br. Foi o que fez a estudante Lissa Mayara dos Santos Andrade, 20 anos, que cursa psicologia na Unigran [&hellip;]<\/p>\n","protected":false},"author":4,"featured_media":20671,"comment_status":"closed","ping_status":"closed","sticky":false,"template":"","format":"standard","meta":{"footnotes":""},"categories":[27],"tags":[],"class_list":["post-20670","post","type-post","status-publish","format-standard","has-post-thumbnail","hentry","category-educacao"],"_links":{"self":[{"href":"https:\/\/www.ocorreionews.com.br\/acervo-correio\/index.php?rest_route=\/wp\/v2\/posts\/20670","targetHints":{"allow":["GET"]}}],"collection":[{"href":"https:\/\/www.ocorreionews.com.br\/acervo-correio\/index.php?rest_route=\/wp\/v2\/posts"}],"about":[{"href":"https:\/\/www.ocorreionews.com.br\/acervo-correio\/index.php?rest_route=\/wp\/v2\/types\/post"}],"author":[{"embeddable":true,"href":"https:\/\/www.ocorreionews.com.br\/acervo-correio\/index.php?rest_route=\/wp\/v2\/users\/4"}],"replies":[{"embeddable":true,"href":"https:\/\/www.ocorreionews.com.br\/acervo-correio\/index.php?rest_route=%2Fwp%2Fv2%2Fcomments&post=20670"}],"version-history":[{"count":0,"href":"https:\/\/www.ocorreionews.com.br\/acervo-correio\/index.php?rest_route=\/wp\/v2\/posts\/20670\/revisions"}],"wp:featuredmedia":[{"embeddable":true,"href":"https:\/\/www.ocorreionews.com.br\/acervo-correio\/index.php?rest_route=\/wp\/v2\/media\/20671"}],"wp:attachment":[{"href":"https:\/\/www.ocorreionews.com.br\/acervo-correio\/index.php?rest_route=%2Fwp%2Fv2%2Fmedia&parent=20670"}],"wp:term":[{"taxonomy":"category","embeddable":true,"href":"https:\/\/www.ocorreionews.com.br\/acervo-correio\/index.php?rest_route=%2Fwp%2Fv2%2Fcategories&post=20670"},{"taxonomy":"post_tag","embeddable":true,"href":"https:\/\/www.ocorreionews.com.br\/acervo-correio\/index.php?rest_route=%2Fwp%2Fv2%2Ftags&post=20670"}],"curies":[{"name":"wp","href":"https:\/\/api.w.org\/{rel}","templated":true}]}}