{"id":20673,"date":"2016-02-16T15:05:06","date_gmt":"2016-02-16T18:05:06","guid":{"rendered":"https:\/\/ocorreionews.com.br\/?p=20673"},"modified":"2016-02-16T15:05:06","modified_gmt":"2016-02-16T18:05:06","slug":"autoescolas-terao-que-instalar-camera-gps-e-biometria-em-veiculos","status":"publish","type":"post","link":"https:\/\/www.ocorreionews.com.br\/acervo-correio\/?p=20673","title":{"rendered":"Autoescolas ter\u00e3o que instalar c\u00e2mera, GPS e biometria em ve\u00edculos"},"content":{"rendered":"<p>A partir do m\u00eas que vem, as autoescolas de Mato Grosso do Sul ter\u00e3o que instalar em seus ve\u00edculos c\u00e2meras de monitoramento, aparelho GPS e sistema de biometria, que funcionar\u00e3o durante as aulas de instru\u00e7\u00e3o no tr\u00e2nsito. A exig\u00eancia do Departamento Estadual de Tr\u00e2nsito de Mato Grosso do Sul (Detran-MS) foi anunciada na manh\u00e3 desta ter\u00e7a-feira (16) pelo diretor-presidente da institui\u00e7\u00e3o, Gerson Claro Dino.<\/p>\n<p>\u201cEstamos trabalhando para que em mar\u00e7o j\u00e1 tenha esse monitoramento nas aulas\u201d, garantiu Gerson Claro, explicando que atualmente, o exame pr\u00e1tico aplicado junto ao Detran j\u00e1 \u00e9 controlado por c\u00e2mera, GPS e tamb\u00e9m biometria do instrutor, examinador e candidato submetido a prova.<\/p>\n<p>Diretor-presidente do Detran esclareceu, ainda, que a implementa\u00e7\u00e3o ocorrer\u00e1 de forma a atingir todas as aulas e Centro de Forma\u00e7\u00e3o de Condutores (CFCs). As despesas do monitoramento durante o exame s\u00e3o de responsabilidade do \u00f3rg\u00e3o p\u00fablico, enquanto a instala\u00e7\u00e3o dos sistemas nas aulas ser\u00e1 obriga\u00e7\u00e3o das autoescolas.<\/p>\n<p>Os dados captados durante as aulas ser\u00e3o enviados para uma central de monitoramento e a nova exig\u00eancia tem a finalidade de evitar fraude no processo de habilita\u00e7\u00e3o de condutores.<\/p>\n<p><strong>LOMBADA ELETR\u00d4NICA<\/strong><\/p>\n<p>O diretor do Detran tamb\u00e9m anunciou sistema de c\u00e2meras em lombadas eletr\u00f4nicas, que al\u00e9m da velocidade do ve\u00edculo, v\u00e3o fazer a leitura de qualquer tipo de irregularidade que o carro tiver, como notifica\u00e7\u00e3o de roubo, furto, documento ou seguro atrasados.<\/p>\n<p>&#8220;Num primeiro momento queremos interligar isso com o sistema da pol\u00edcia para que a pol\u00edcia receba o sinal dessa irregularidade por onde esse ve\u00edculo passou. Num segundo momento, esse ve\u00edculo irregular poder\u00e1 ser notificado e, se n\u00e3o regularizar em 30 dias pode ser autuado porque n\u00f3s vamos poder identificar o tr\u00e2nsito dele nas vias&#8221;, afirmou o diretor.<\/p>\n<p>Atualmente, apenas 10 lombadas no Estado funcionam com o sistema de c\u00e2meras que podem fazer a &#8220;varredura&#8221; nos ve\u00edculos. O Detran n\u00e3o informou quantas ter\u00e3o depois da amplia\u00e7\u00e3o do servi\u00e7o.<\/p>\n<p>&nbsp;<\/p>\n<p>&nbsp;<\/p>\n<p>&nbsp;<\/p>\n<p>Correio do Estado<\/p>\n","protected":false},"excerpt":{"rendered":"<p>A partir do m\u00eas que vem, as autoescolas de Mato Grosso do Sul ter\u00e3o que instalar em seus ve\u00edculos c\u00e2meras de monitoramento, aparelho GPS e sistema de biometria, que funcionar\u00e3o durante as aulas de instru\u00e7\u00e3o no tr\u00e2nsito. A exig\u00eancia do Departamento Estadual de Tr\u00e2nsito de Mato Grosso do Sul (Detran-MS) foi anunciada na manh\u00e3 desta [&hellip;]<\/p>\n","protected":false},"author":4,"featured_media":20674,"comment_status":"closed","ping_status":"closed","sticky":false,"template":"","format":"standard","meta":{"footnotes":""},"categories":[31],"tags":[],"class_list":["post-20673","post","type-post","status-publish","format-standard","has-post-thumbnail","hentry","category-geral"],"_links":{"self":[{"href":"https:\/\/www.ocorreionews.com.br\/acervo-correio\/index.php?rest_route=\/wp\/v2\/posts\/20673","targetHints":{"allow":["GET"]}}],"collection":[{"href":"https:\/\/www.ocorreionews.com.br\/acervo-correio\/index.php?rest_route=\/wp\/v2\/posts"}],"about":[{"href":"https:\/\/www.ocorreionews.com.br\/acervo-correio\/index.php?rest_route=\/wp\/v2\/types\/post"}],"author":[{"embeddable":true,"href":"https:\/\/www.ocorreionews.com.br\/acervo-correio\/index.php?rest_route=\/wp\/v2\/users\/4"}],"replies":[{"embeddable":true,"href":"https:\/\/www.ocorreionews.com.br\/acervo-correio\/index.php?rest_route=%2Fwp%2Fv2%2Fcomments&post=20673"}],"version-history":[{"count":0,"href":"https:\/\/www.ocorreionews.com.br\/acervo-correio\/index.php?rest_route=\/wp\/v2\/posts\/20673\/revisions"}],"wp:featuredmedia":[{"embeddable":true,"href":"https:\/\/www.ocorreionews.com.br\/acervo-correio\/index.php?rest_route=\/wp\/v2\/media\/20674"}],"wp:attachment":[{"href":"https:\/\/www.ocorreionews.com.br\/acervo-correio\/index.php?rest_route=%2Fwp%2Fv2%2Fmedia&parent=20673"}],"wp:term":[{"taxonomy":"category","embeddable":true,"href":"https:\/\/www.ocorreionews.com.br\/acervo-correio\/index.php?rest_route=%2Fwp%2Fv2%2Fcategories&post=20673"},{"taxonomy":"post_tag","embeddable":true,"href":"https:\/\/www.ocorreionews.com.br\/acervo-correio\/index.php?rest_route=%2Fwp%2Fv2%2Ftags&post=20673"}],"curies":[{"name":"wp","href":"https:\/\/api.w.org\/{rel}","templated":true}]}}