{"id":20695,"date":"2016-02-17T09:03:56","date_gmt":"2016-02-17T12:03:56","guid":{"rendered":"https:\/\/ocorreionews.com.br\/?p=20695"},"modified":"2016-02-17T09:03:56","modified_gmt":"2016-02-17T12:03:56","slug":"comissoes-permanentes-sao-formadas-para-a-sessao-legislativa-de-2016","status":"publish","type":"post","link":"https:\/\/www.ocorreionews.com.br\/acervo-correio\/?p=20695","title":{"rendered":"Comiss\u00f5es permanentes s\u00e3o formadas para a sess\u00e3o legislativa de 2016"},"content":{"rendered":"<p style=\"text-align: justify;\">Iniciados os trabalhos do Poder Legislativo De Chapad\u00e3o do Sul, na tarde da \u00faltima segunda-feira (15), os vereadores reuniram-se para composi\u00e7\u00e3o dos membros das comiss\u00f5es permanentes desta casa de leis para a sess\u00e3o legislativa de 2016.<\/p>\n<p style=\"text-align: justify;\">Durante a reuni\u00e3o, o bloco parlamentar formado pelos vereadores Abel Lemes (PSDB), Dr. Quaranta (DEM), Rosemari Cruz (PMDB), T\u00e2nia Francini (PTdoB), Prainha (PTN) e liderados pelo vereador Teacher Wagner (PHS) e lideran\u00e7a partid\u00e1ria do PR, composta pelos vereadores Sonia Maran (l\u00edder) e Elton Silva constitu\u00edram as comiss\u00f5es permanentes da C\u00e2mara Municipal, que ficou com a seguinte composi\u00e7\u00e3o:<\/p>\n<p style=\"text-align: justify;\">\n<p style=\"text-align: justify;\"><strong>Comiss\u00e3o de Justi\u00e7a e Reda\u00e7\u00e3o<\/strong><\/p>\n<p style=\"text-align: justify;\">Presidente: Vereadora T\u00e2nia Francini<\/p>\n<p style=\"text-align: justify;\">Relator: Vereador Teacher Wagner<\/p>\n<p style=\"text-align: justify;\">Membro: Vereador Prainha<\/p>\n<p style=\"text-align: justify;\">Suplente: Vereadora Sonia Maran<\/p>\n<p style=\"text-align: justify;\">\n<p style=\"text-align: justify;\"><strong>Comiss\u00e3o de Finan\u00e7as, Or\u00e7amento e Fiscaliza\u00e7\u00e3o<\/strong><\/p>\n<p style=\"text-align: justify;\">Presidente: Vereadora Rosemari Cruz<\/p>\n<p style=\"text-align: justify;\">Relator: Vereador Abel Lemes<\/p>\n<p style=\"text-align: justify;\">Membro: Vereadora Sonia Maran<\/p>\n<p style=\"text-align: justify;\">Suplente: Vereador Prainha<\/p>\n<p style=\"text-align: justify;\">\n<p style=\"text-align: justify;\"><strong>Comiss\u00e3o de Urbanismo e Infraestrutura<\/strong><\/p>\n<p style=\"text-align: justify;\">Presidente: Vereador Abel Lemes<\/p>\n<p style=\"text-align: justify;\">Relator: Vereadora Rosemari Cruz<\/p>\n<p style=\"text-align: justify;\">Membro: Vereador Elton Silva<\/p>\n<p style=\"text-align: justify;\">Suplente: Vereador Dr. Quaranta<\/p>\n<p style=\"text-align: justify;\">\n<p style=\"text-align: justify;\"><strong>Comiss\u00e3o de Educa\u00e7\u00e3o, Cultura, Sa\u00fade e Meio Ambiente<\/strong><\/p>\n<p style=\"text-align: justify;\">Presidente: Vereador Teacher Wagner<\/p>\n<p style=\"text-align: justify;\">Relator: Vereador Dr. Quaranta<\/p>\n<p style=\"text-align: justify;\">Membro: Vereadora T\u00e2nia Francini<\/p>\n<p style=\"text-align: justify;\">Suplente: Vereador Elton Silva<\/p>\n","protected":false},"excerpt":{"rendered":"<p>Iniciados os trabalhos do Poder Legislativo De Chapad\u00e3o do Sul, na tarde da \u00faltima segunda-feira (15), os vereadores reuniram-se para composi\u00e7\u00e3o dos membros das comiss\u00f5es permanentes desta casa de leis para a sess\u00e3o legislativa de 2016. Durante a reuni\u00e3o, o bloco parlamentar formado pelos vereadores Abel Lemes (PSDB), Dr. Quaranta (DEM), Rosemari Cruz (PMDB), T\u00e2nia [&hellip;]<\/p>\n","protected":false},"author":4,"featured_media":20696,"comment_status":"closed","ping_status":"closed","sticky":false,"template":"","format":"standard","meta":{"footnotes":""},"categories":[20],"tags":[],"class_list":["post-20695","post","type-post","status-publish","format-standard","has-post-thumbnail","hentry","category-camara-municipal"],"_links":{"self":[{"href":"https:\/\/www.ocorreionews.com.br\/acervo-correio\/index.php?rest_route=\/wp\/v2\/posts\/20695","targetHints":{"allow":["GET"]}}],"collection":[{"href":"https:\/\/www.ocorreionews.com.br\/acervo-correio\/index.php?rest_route=\/wp\/v2\/posts"}],"about":[{"href":"https:\/\/www.ocorreionews.com.br\/acervo-correio\/index.php?rest_route=\/wp\/v2\/types\/post"}],"author":[{"embeddable":true,"href":"https:\/\/www.ocorreionews.com.br\/acervo-correio\/index.php?rest_route=\/wp\/v2\/users\/4"}],"replies":[{"embeddable":true,"href":"https:\/\/www.ocorreionews.com.br\/acervo-correio\/index.php?rest_route=%2Fwp%2Fv2%2Fcomments&post=20695"}],"version-history":[{"count":0,"href":"https:\/\/www.ocorreionews.com.br\/acervo-correio\/index.php?rest_route=\/wp\/v2\/posts\/20695\/revisions"}],"wp:featuredmedia":[{"embeddable":true,"href":"https:\/\/www.ocorreionews.com.br\/acervo-correio\/index.php?rest_route=\/wp\/v2\/media\/20696"}],"wp:attachment":[{"href":"https:\/\/www.ocorreionews.com.br\/acervo-correio\/index.php?rest_route=%2Fwp%2Fv2%2Fmedia&parent=20695"}],"wp:term":[{"taxonomy":"category","embeddable":true,"href":"https:\/\/www.ocorreionews.com.br\/acervo-correio\/index.php?rest_route=%2Fwp%2Fv2%2Fcategories&post=20695"},{"taxonomy":"post_tag","embeddable":true,"href":"https:\/\/www.ocorreionews.com.br\/acervo-correio\/index.php?rest_route=%2Fwp%2Fv2%2Ftags&post=20695"}],"curies":[{"name":"wp","href":"https:\/\/api.w.org\/{rel}","templated":true}]}}