{"id":20698,"date":"2016-02-17T09:30:37","date_gmt":"2016-02-17T12:30:37","guid":{"rendered":"https:\/\/ocorreionews.com.br\/?p=20698"},"modified":"2016-02-17T09:30:37","modified_gmt":"2016-02-17T12:30:37","slug":"aprovados-no-processo-seletivo-da-assistencia-social-sao-convocados-para-entrevista","status":"publish","type":"post","link":"https:\/\/www.ocorreionews.com.br\/acervo-correio\/?p=20698","title":{"rendered":"Aprovados no Processo Seletivo da Assist\u00eancia Social s\u00e3o convocados para entrevista"},"content":{"rendered":"<p>A Secretaria de Assist\u00eancia Social divulgou edital no Di\u00e1rio Oficial desta ter\u00e7a-feira, 16, convocando os candidatos aprovados no Processo Seletivo para a entrevista pessoal.<\/p>\n<p>As entrevistas acontecer\u00e3o dias 22 e 23 de fevereiro na sede da Secretaria, localizada na Rua Sete, n\u00ba 371, Centro.<\/p>\n<p>Neste processo seletivo, a Assist\u00eancia Social est\u00e1 ofertando 11 vagas, mais cadastro de reserva.<\/p>\n<p><a href=\"http:\/\/www.chapadaodosul.ms.gov.br\/admin\/arquivos\/files\/1455657961.pdf\" target=\"_blank\"><em><strong>CLIQUE AQUI<\/strong><\/em>,<\/a> e veja a rela\u00e7\u00e3o dos convocados e o hor\u00e1rio das entrevistas.<\/p>\n<p>&nbsp;<\/p>\n<p>&nbsp;<\/p>\n<p>Assessoria<\/p>\n","protected":false},"excerpt":{"rendered":"<p>A Secretaria de Assist\u00eancia Social divulgou edital no Di\u00e1rio Oficial desta ter\u00e7a-feira, 16, convocando os candidatos aprovados no Processo Seletivo para a entrevista pessoal. As entrevistas acontecer\u00e3o dias 22 e 23 de fevereiro na sede da Secretaria, localizada na Rua Sete, n\u00ba 371, Centro. Neste processo seletivo, a Assist\u00eancia Social est\u00e1 ofertando 11 vagas, mais [&hellip;]<\/p>\n","protected":false},"author":4,"featured_media":2749,"comment_status":"closed","ping_status":"closed","sticky":false,"template":"","format":"standard","meta":{"footnotes":""},"categories":[23],"tags":[],"class_list":["post-20698","post","type-post","status-publish","format-standard","has-post-thumbnail","hentry","category-chapadao-do-sul"],"_links":{"self":[{"href":"https:\/\/www.ocorreionews.com.br\/acervo-correio\/index.php?rest_route=\/wp\/v2\/posts\/20698","targetHints":{"allow":["GET"]}}],"collection":[{"href":"https:\/\/www.ocorreionews.com.br\/acervo-correio\/index.php?rest_route=\/wp\/v2\/posts"}],"about":[{"href":"https:\/\/www.ocorreionews.com.br\/acervo-correio\/index.php?rest_route=\/wp\/v2\/types\/post"}],"author":[{"embeddable":true,"href":"https:\/\/www.ocorreionews.com.br\/acervo-correio\/index.php?rest_route=\/wp\/v2\/users\/4"}],"replies":[{"embeddable":true,"href":"https:\/\/www.ocorreionews.com.br\/acervo-correio\/index.php?rest_route=%2Fwp%2Fv2%2Fcomments&post=20698"}],"version-history":[{"count":0,"href":"https:\/\/www.ocorreionews.com.br\/acervo-correio\/index.php?rest_route=\/wp\/v2\/posts\/20698\/revisions"}],"wp:featuredmedia":[{"embeddable":true,"href":"https:\/\/www.ocorreionews.com.br\/acervo-correio\/index.php?rest_route=\/wp\/v2\/media\/2749"}],"wp:attachment":[{"href":"https:\/\/www.ocorreionews.com.br\/acervo-correio\/index.php?rest_route=%2Fwp%2Fv2%2Fmedia&parent=20698"}],"wp:term":[{"taxonomy":"category","embeddable":true,"href":"https:\/\/www.ocorreionews.com.br\/acervo-correio\/index.php?rest_route=%2Fwp%2Fv2%2Fcategories&post=20698"},{"taxonomy":"post_tag","embeddable":true,"href":"https:\/\/www.ocorreionews.com.br\/acervo-correio\/index.php?rest_route=%2Fwp%2Fv2%2Ftags&post=20698"}],"curies":[{"name":"wp","href":"https:\/\/api.w.org\/{rel}","templated":true}]}}