{"id":20701,"date":"2016-02-17T09:38:41","date_gmt":"2016-02-17T12:38:41","guid":{"rendered":"https:\/\/ocorreionews.com.br\/?p=20701"},"modified":"2016-02-17T09:38:41","modified_gmt":"2016-02-17T12:38:41","slug":"adolescente-morre-apos-cair-da-carroceria-de-caminhonete","status":"publish","type":"post","link":"https:\/\/www.ocorreionews.com.br\/acervo-correio\/?p=20701","title":{"rendered":"Adolescente morre ap\u00f3s cair da carroceria de caminhonete"},"content":{"rendered":"<p>O adolescente Jo\u00e3o Vitor de Souza Costa, de 13 anos, morreu na tarde desta ter\u00e7a-feira (16), ap\u00f3s cair da carroceria de uma caminhonete na fazenda Morada da Lua, localizada na zona rural, a aproximadamente 60 quil\u00f4metros de Coxim.<\/p>\n<p>Segundo o trabalhador rural P.C.M, de 28 anos, sua esposa L.B de 19 anos, conduzia a Toyota Hilux, com placas de Coxim, e levava a fam\u00edlia para a fazenda.<\/p>\n<p>Jo\u00e3o Vitor seguia na carroceria da caminhonete, por\u00e9m ao passarem por uma curva, j\u00e1 pr\u00f3ximo \u00e0 sede da fazenda, o garoto acabou despencando do ve\u00edculo e come\u00e7ou a sangrar muito.<\/p>\n<p>Desesperados, os familiares colocaram Jo\u00e3o Vitor dento do ve\u00edculo, seguiram de volta para a cidade e acionaram o Corpo de Bombeiros. Os militares encontraram a v\u00edtima pr\u00f3ximo a regi\u00e3o conhecida como \u201cCurva da Rosa\u201d, por\u00e9m o garoto j\u00e1 n\u00e3o tinha mais sinais vitais. A suspeita \u00e9 de que ele tenha quebrado o pesco\u00e7o.<\/p>\n<p>O corpo foi encaminhado para o IML (Instituto M\u00e9dico Legal) de Coxim. A Pol\u00edcia Civil e a PRF (Pol\u00edcia Rodovi\u00e1ria Federal) estiveram no local acompanhando o caso.<\/p>\n<div class=\"imagem_noticia center img640_480\"><a href=\"http:\/\/edicaoms.com.br\/uploads\/images\/noticias\/b526123664ff81e67d4fce957a32e5b5.jpg\" data-lightbox=\"example-2\" data-title=\"Foto: Angela Bezerra\"><img decoding=\"async\" title=\"\" src=\"http:\/\/edicaoms.com.br\/uploads\/images\/noticias\/b526123664ff81e67d4fce957a32e5b5.jpg\" alt=\"\" \/><\/a><\/p>\n<div class=\"foto_legenda\"><\/div>\n<div class=\"foto_legenda\"><\/div>\n<div class=\"foto_legenda\"><\/div>\n<div class=\"foto_legenda\">iEdi\u00e7\u00e3o de Noticias &#8211; Foto: Angela Bezerra<\/div>\n<\/div>\n","protected":false},"excerpt":{"rendered":"<p>O adolescente Jo\u00e3o Vitor de Souza Costa, de 13 anos, morreu na tarde desta ter\u00e7a-feira (16), ap\u00f3s cair da carroceria de uma caminhonete na fazenda Morada da Lua, localizada na zona rural, a aproximadamente 60 quil\u00f4metros de Coxim. Segundo o trabalhador rural P.C.M, de 28 anos, sua esposa L.B de 19 anos, conduzia a Toyota [&hellip;]<\/p>\n","protected":false},"author":4,"featured_media":20702,"comment_status":"closed","ping_status":"closed","sticky":false,"template":"","format":"standard","meta":{"footnotes":""},"categories":[38],"tags":[],"class_list":["post-20701","post","type-post","status-publish","format-standard","has-post-thumbnail","hentry","category-policia"],"_links":{"self":[{"href":"https:\/\/www.ocorreionews.com.br\/acervo-correio\/index.php?rest_route=\/wp\/v2\/posts\/20701","targetHints":{"allow":["GET"]}}],"collection":[{"href":"https:\/\/www.ocorreionews.com.br\/acervo-correio\/index.php?rest_route=\/wp\/v2\/posts"}],"about":[{"href":"https:\/\/www.ocorreionews.com.br\/acervo-correio\/index.php?rest_route=\/wp\/v2\/types\/post"}],"author":[{"embeddable":true,"href":"https:\/\/www.ocorreionews.com.br\/acervo-correio\/index.php?rest_route=\/wp\/v2\/users\/4"}],"replies":[{"embeddable":true,"href":"https:\/\/www.ocorreionews.com.br\/acervo-correio\/index.php?rest_route=%2Fwp%2Fv2%2Fcomments&post=20701"}],"version-history":[{"count":0,"href":"https:\/\/www.ocorreionews.com.br\/acervo-correio\/index.php?rest_route=\/wp\/v2\/posts\/20701\/revisions"}],"wp:featuredmedia":[{"embeddable":true,"href":"https:\/\/www.ocorreionews.com.br\/acervo-correio\/index.php?rest_route=\/wp\/v2\/media\/20702"}],"wp:attachment":[{"href":"https:\/\/www.ocorreionews.com.br\/acervo-correio\/index.php?rest_route=%2Fwp%2Fv2%2Fmedia&parent=20701"}],"wp:term":[{"taxonomy":"category","embeddable":true,"href":"https:\/\/www.ocorreionews.com.br\/acervo-correio\/index.php?rest_route=%2Fwp%2Fv2%2Fcategories&post=20701"},{"taxonomy":"post_tag","embeddable":true,"href":"https:\/\/www.ocorreionews.com.br\/acervo-correio\/index.php?rest_route=%2Fwp%2Fv2%2Ftags&post=20701"}],"curies":[{"name":"wp","href":"https:\/\/api.w.org\/{rel}","templated":true}]}}