{"id":20704,"date":"2016-02-17T09:41:33","date_gmt":"2016-02-17T12:41:33","guid":{"rendered":"https:\/\/ocorreionews.com.br\/?p=20704"},"modified":"2016-02-17T09:41:33","modified_gmt":"2016-02-17T12:41:33","slug":"palestra-a-importancia-da-autoestima-para-a-gestante-abre-as-atividades-do-projeto-berco-da-vida","status":"publish","type":"post","link":"https:\/\/www.ocorreionews.com.br\/acervo-correio\/?p=20704","title":{"rendered":"Palestra \u201ca import\u00e2ncia da autoestima para a gestante\u201d abre as atividades do Projeto Ber\u00e7o da Vida"},"content":{"rendered":"<div class=\"marginBottom30px link-Internas\">\n<p>Com a palestra \u201ca import\u00e2ncia da autoestima para a gestante\u201d, teve in\u00edcio na tarde de ter\u00e7a-feira, 16 de fevereiro de 2016, as atividades do Projeto Ber\u00e7o da Vida, desenvolvido pela Secretaria de Assist\u00eancia Social de Costa Rica &#8211; MS e a Pastoral da Crian\u00e7a em parceria com a Secretaria Municipal de Sa\u00fade.<\/p>\n<p>Participaram da primeira reuni\u00e3o do semestre, 16 gestantes e uma rec\u00e9m-mam\u00e3e, al\u00e9m do secret\u00e1rio da pasta Waldomiro Bocalan \u2018Biri\u2019, a gestora do CRAS \u2013 Centro de Refer\u00eancia em Assist\u00eancia Social, Mirian Rodrigues Ribeiro e a coordenadora da Pastoral da Crian\u00e7a, Maria Lucia Nicolodi.<\/p>\n<p>A coordenadora do CRAS explica que o projeto busca acolher mulheres durante o per\u00edodo gestacional e ajuda-las a educarem seus filhos da melhor maneira poss\u00edvel. \u201cO Ber\u00e7o da Vida oferece gratuitamente palestras de orienta\u00e7\u00e3o \u00e0s m\u00e3es do Mun\u00edcipio. As reuni\u00f5es s\u00e3o realizadas todas as ter\u00e7as-feiras \u00e0s 14h onde as m\u00e3es podem levar seus filhos que ser\u00e3o assistidos por profissionais capacitados\u201d, complementa Mirian Rodrigues.<\/p>\n<p>Por sua vez, a coordenadora da Pastoral da Crian\u00e7a complementou que o objetivo do projeto \u201c\u00e9 direcionar o apoio para auxiliar as futuras mam\u00e3es a cuidar de forma adequada do filho, para que ele tenha um desenvolvimento saud\u00e1vel\u201d. A previs\u00e3o de t\u00e9rmino das reuni\u00f5es \u00e9 no m\u00eas de julho. \u201cNenhuma gestante sai daqui dos nossos encontros como entrou. Sempre aprendemos muito e podemos aplicar tudo isso em nosso dia a dia. Na \u00faltima reuni\u00e3o, elas contam experi\u00eancias de como o Ber\u00e7o da Vida ajudou na vida delas\u201d, concluiu Maria Lucia.<\/p>\n<p>Ap\u00f3s a apresenta\u00e7\u00e3o do projeto, a psic\u00f3loga do NASF &#8211; N\u00facleo de Apoio a Sa\u00fade da Fam\u00edlia &#8211; Anamaria Carvalho, ministrou uma palestra abordando o tema: \u201ca import\u00e2ncia da autoestima para a gestante\u201d. \u201cNesse primeiro encontro levamos informa\u00e7\u00f5es importantes \u00e0s futuras m\u00e3es como a import\u00e2ncia do pr\u00e9-natal, o preparo para o parto, os cuidados com o beb\u00ea e a autoestima da mulher\u201d.<\/p>\n<p>No encerramento do encontro foi realizado como de costume em todas as reuni\u00f5es, um sorteio e um lanche com frutas, alimento recomendado para as gestantes.<\/p>\n<p>O transporte \u00e0s m\u00e3es participantes do projeto \u00e9 garantido gratuitamente pela Administra\u00e7\u00e3o Municipal. \u201cAs interessadas devem aguardar na ESF &#8211; Estrat\u00e9gia de Sa\u00fade da Fam\u00edlia &#8211; do bairro onde mora, pois o ve\u00edculo estar\u00e1 passando para busc\u00e1-las por volta das 13 horas\u201d, ressalta o secret\u00e1rio Biri.<\/p>\n<p>O Projeto Ber\u00e7o da Vida tem suas atividades desenvolvidas na sede do CRAS localizado na Rua Jos\u00e9 Pereira da Silva, N\u00b0. 603, Centro de Costa Rica \u2013 MS. Para mais informa\u00e7\u00f5es no telefone (67) 3247 7089 e\/ou 3247 7096.<\/p>\n<p>&nbsp;<\/p>\n<\/div>\n<div class=\"marginBottom30px link-Internas\">ASSECOM\/PMCR<\/div>\n","protected":false},"excerpt":{"rendered":"<p>Com a palestra \u201ca import\u00e2ncia da autoestima para a gestante\u201d, teve in\u00edcio na tarde de ter\u00e7a-feira, 16 de fevereiro de 2016, as atividades do Projeto Ber\u00e7o da Vida, desenvolvido pela Secretaria de Assist\u00eancia Social de Costa Rica &#8211; MS e a Pastoral da Crian\u00e7a em parceria com a Secretaria Municipal de Sa\u00fade. Participaram da primeira [&hellip;]<\/p>\n","protected":false},"author":4,"featured_media":20705,"comment_status":"closed","ping_status":"closed","sticky":false,"template":"","format":"standard","meta":{"footnotes":""},"categories":[25],"tags":[],"class_list":["post-20704","post","type-post","status-publish","format-standard","has-post-thumbnail","hentry","category-costa-rica"],"_links":{"self":[{"href":"https:\/\/www.ocorreionews.com.br\/acervo-correio\/index.php?rest_route=\/wp\/v2\/posts\/20704","targetHints":{"allow":["GET"]}}],"collection":[{"href":"https:\/\/www.ocorreionews.com.br\/acervo-correio\/index.php?rest_route=\/wp\/v2\/posts"}],"about":[{"href":"https:\/\/www.ocorreionews.com.br\/acervo-correio\/index.php?rest_route=\/wp\/v2\/types\/post"}],"author":[{"embeddable":true,"href":"https:\/\/www.ocorreionews.com.br\/acervo-correio\/index.php?rest_route=\/wp\/v2\/users\/4"}],"replies":[{"embeddable":true,"href":"https:\/\/www.ocorreionews.com.br\/acervo-correio\/index.php?rest_route=%2Fwp%2Fv2%2Fcomments&post=20704"}],"version-history":[{"count":0,"href":"https:\/\/www.ocorreionews.com.br\/acervo-correio\/index.php?rest_route=\/wp\/v2\/posts\/20704\/revisions"}],"wp:featuredmedia":[{"embeddable":true,"href":"https:\/\/www.ocorreionews.com.br\/acervo-correio\/index.php?rest_route=\/wp\/v2\/media\/20705"}],"wp:attachment":[{"href":"https:\/\/www.ocorreionews.com.br\/acervo-correio\/index.php?rest_route=%2Fwp%2Fv2%2Fmedia&parent=20704"}],"wp:term":[{"taxonomy":"category","embeddable":true,"href":"https:\/\/www.ocorreionews.com.br\/acervo-correio\/index.php?rest_route=%2Fwp%2Fv2%2Fcategories&post=20704"},{"taxonomy":"post_tag","embeddable":true,"href":"https:\/\/www.ocorreionews.com.br\/acervo-correio\/index.php?rest_route=%2Fwp%2Fv2%2Ftags&post=20704"}],"curies":[{"name":"wp","href":"https:\/\/api.w.org\/{rel}","templated":true}]}}