{"id":20710,"date":"2016-02-17T10:51:28","date_gmt":"2016-02-17T13:51:28","guid":{"rendered":"https:\/\/ocorreionews.com.br\/?p=20710"},"modified":"2016-02-17T10:51:28","modified_gmt":"2016-02-17T13:51:28","slug":"jovens-agridem-irma-em-costa-rica-por-causa-de-peca-de-roupa","status":"publish","type":"post","link":"https:\/\/www.ocorreionews.com.br\/acervo-correio\/?p=20710","title":{"rendered":"Jovens agridem irm\u00e3 em Costa Rica por causa de pe\u00e7a de roupa"},"content":{"rendered":"<p>Mulher de 28 anos foi agredida pelos irm\u00e3os de 21 anos e 19 anos ap\u00f3s desentendimento em uma resid\u00eancia, localizada no centro da cidade de Costa Rica, distante a 384 quil\u00f4metros de Campo Grande.<\/p>\n<p>A v\u00edtima relatou em ocorr\u00eancia policial que a discuss\u00e3o com os irm\u00e3os por parte de pai, come\u00e7ou por causa de uma camiseta\u00a0e que sem mais motivos, come\u00e7ou a ser violentamente agredida com chutes e socos, a deixando com os l\u00e1bios e rosto machucados., fato confirmado por uma testemunha que estava presente.<\/p>\n<p>Ainda de acordo com o boletim de ocorr\u00eancia, o irm\u00e3o\u00a0da v\u00edtima, o jovem de 21 anos,\u00a0\u00e0 amea\u00e7ou de morte dizendo: \u201cisso n\u00e3o vai ficar assim, eu vou te matar\u201d. O caso foi registrado como les\u00e3o corporal dolosa e amea\u00e7a. A pol\u00edcia segue investigando o caso para as devidas provid\u00eancias.<\/p>\n<p>&nbsp;<\/p>\n<p>&nbsp;<\/p>\n<p>&nbsp;<\/p>\n<p>Correio do Estado<\/p>\n","protected":false},"excerpt":{"rendered":"<p>Mulher de 28 anos foi agredida pelos irm\u00e3os de 21 anos e 19 anos ap\u00f3s desentendimento em uma resid\u00eancia, localizada no centro da cidade de Costa Rica, distante a 384 quil\u00f4metros de Campo Grande. A v\u00edtima relatou em ocorr\u00eancia policial que a discuss\u00e3o com os irm\u00e3os por parte de pai, come\u00e7ou por causa de uma [&hellip;]<\/p>\n","protected":false},"author":4,"featured_media":20711,"comment_status":"closed","ping_status":"closed","sticky":false,"template":"","format":"standard","meta":{"footnotes":""},"categories":[25,38],"tags":[],"class_list":["post-20710","post","type-post","status-publish","format-standard","has-post-thumbnail","hentry","category-costa-rica","category-policia"],"_links":{"self":[{"href":"https:\/\/www.ocorreionews.com.br\/acervo-correio\/index.php?rest_route=\/wp\/v2\/posts\/20710","targetHints":{"allow":["GET"]}}],"collection":[{"href":"https:\/\/www.ocorreionews.com.br\/acervo-correio\/index.php?rest_route=\/wp\/v2\/posts"}],"about":[{"href":"https:\/\/www.ocorreionews.com.br\/acervo-correio\/index.php?rest_route=\/wp\/v2\/types\/post"}],"author":[{"embeddable":true,"href":"https:\/\/www.ocorreionews.com.br\/acervo-correio\/index.php?rest_route=\/wp\/v2\/users\/4"}],"replies":[{"embeddable":true,"href":"https:\/\/www.ocorreionews.com.br\/acervo-correio\/index.php?rest_route=%2Fwp%2Fv2%2Fcomments&post=20710"}],"version-history":[{"count":0,"href":"https:\/\/www.ocorreionews.com.br\/acervo-correio\/index.php?rest_route=\/wp\/v2\/posts\/20710\/revisions"}],"wp:featuredmedia":[{"embeddable":true,"href":"https:\/\/www.ocorreionews.com.br\/acervo-correio\/index.php?rest_route=\/wp\/v2\/media\/20711"}],"wp:attachment":[{"href":"https:\/\/www.ocorreionews.com.br\/acervo-correio\/index.php?rest_route=%2Fwp%2Fv2%2Fmedia&parent=20710"}],"wp:term":[{"taxonomy":"category","embeddable":true,"href":"https:\/\/www.ocorreionews.com.br\/acervo-correio\/index.php?rest_route=%2Fwp%2Fv2%2Fcategories&post=20710"},{"taxonomy":"post_tag","embeddable":true,"href":"https:\/\/www.ocorreionews.com.br\/acervo-correio\/index.php?rest_route=%2Fwp%2Fv2%2Ftags&post=20710"}],"curies":[{"name":"wp","href":"https:\/\/api.w.org\/{rel}","templated":true}]}}