{"id":20716,"date":"2016-02-17T13:30:36","date_gmt":"2016-02-17T16:30:36","guid":{"rendered":"https:\/\/ocorreionews.com.br\/?p=20716"},"modified":"2016-02-17T13:30:36","modified_gmt":"2016-02-17T16:30:36","slug":"sem-coleta-moradores-jogam-lixo-na-sede-da-prefeitura-de-cidade-de-mt","status":"publish","type":"post","link":"https:\/\/www.ocorreionews.com.br\/acervo-correio\/?p=20716","title":{"rendered":"Sem coleta, moradores jogam lixo na sede da prefeitura de cidade de MT"},"content":{"rendered":"<p>Revoltados com a falta de coleta de lixo no munic\u00edpio, moradores de Pontes e Lacerda, a 483 km de Cuiab\u00e1, jogaram sacos de lixo na porta da sede da prefeitura. O protesto ocorreu na manh\u00e3 do \u00faltimo s\u00e1bado (13). Ao <strong>G1<\/strong>, a assessoria de imprensa disse que a situa\u00e7\u00e3o da coleta j\u00e1 est\u00e1 sendo resolvida.<\/p>\n<p>Um morador de Pontes e Lacerda, que pediu para n\u00e3o o nome revelado, disse que o lixo n\u00e3o estava sendo coletado nos bairros do munic\u00edpio havia uma semana. &#8220;S\u00f3 estava tendo coleta no Centro. No resto da cidade, n\u00e3o estavam recolhendo&#8221;, disse. Ele vive no munic\u00edpio h\u00e1 dois anos.<\/p>\n<p>O morador contou ainda que horas depois do protesto, o lixo foi recolhido da frente da sede da prefeitura e que, na segunda-feira (15), o caminh\u00e3o que faz a coleta j\u00e1 havia passado em alguns bairros do munic\u00edpio.<\/p>\n<p>&nbsp;<\/p>\n<p>&nbsp;<\/p>\n<p>&nbsp;<\/p>\n<p>G1 MT<\/p>\n","protected":false},"excerpt":{"rendered":"<p>Revoltados com a falta de coleta de lixo no munic\u00edpio, moradores de Pontes e Lacerda, a 483 km de Cuiab\u00e1, jogaram sacos de lixo na porta da sede da prefeitura. O protesto ocorreu na manh\u00e3 do \u00faltimo s\u00e1bado (13). Ao G1, a assessoria de imprensa disse que a situa\u00e7\u00e3o da coleta j\u00e1 est\u00e1 sendo resolvida. [&hellip;]<\/p>\n","protected":false},"author":4,"featured_media":20719,"comment_status":"closed","ping_status":"closed","sticky":false,"template":"","format":"standard","meta":{"footnotes":""},"categories":[31],"tags":[],"class_list":["post-20716","post","type-post","status-publish","format-standard","has-post-thumbnail","hentry","category-geral"],"_links":{"self":[{"href":"https:\/\/www.ocorreionews.com.br\/acervo-correio\/index.php?rest_route=\/wp\/v2\/posts\/20716","targetHints":{"allow":["GET"]}}],"collection":[{"href":"https:\/\/www.ocorreionews.com.br\/acervo-correio\/index.php?rest_route=\/wp\/v2\/posts"}],"about":[{"href":"https:\/\/www.ocorreionews.com.br\/acervo-correio\/index.php?rest_route=\/wp\/v2\/types\/post"}],"author":[{"embeddable":true,"href":"https:\/\/www.ocorreionews.com.br\/acervo-correio\/index.php?rest_route=\/wp\/v2\/users\/4"}],"replies":[{"embeddable":true,"href":"https:\/\/www.ocorreionews.com.br\/acervo-correio\/index.php?rest_route=%2Fwp%2Fv2%2Fcomments&post=20716"}],"version-history":[{"count":0,"href":"https:\/\/www.ocorreionews.com.br\/acervo-correio\/index.php?rest_route=\/wp\/v2\/posts\/20716\/revisions"}],"wp:featuredmedia":[{"embeddable":true,"href":"https:\/\/www.ocorreionews.com.br\/acervo-correio\/index.php?rest_route=\/wp\/v2\/media\/20719"}],"wp:attachment":[{"href":"https:\/\/www.ocorreionews.com.br\/acervo-correio\/index.php?rest_route=%2Fwp%2Fv2%2Fmedia&parent=20716"}],"wp:term":[{"taxonomy":"category","embeddable":true,"href":"https:\/\/www.ocorreionews.com.br\/acervo-correio\/index.php?rest_route=%2Fwp%2Fv2%2Fcategories&post=20716"},{"taxonomy":"post_tag","embeddable":true,"href":"https:\/\/www.ocorreionews.com.br\/acervo-correio\/index.php?rest_route=%2Fwp%2Fv2%2Ftags&post=20716"}],"curies":[{"name":"wp","href":"https:\/\/api.w.org\/{rel}","templated":true}]}}