{"id":20717,"date":"2016-02-17T13:32:37","date_gmt":"2016-02-17T16:32:37","guid":{"rendered":"https:\/\/ocorreionews.com.br\/?p=20717"},"modified":"2016-02-17T13:32:37","modified_gmt":"2016-02-17T16:32:37","slug":"empresario-morre-em-capotamento-causado-por-aquaplanagem-na-br-163","status":"publish","type":"post","link":"https:\/\/www.ocorreionews.com.br\/acervo-correio\/?p=20717","title":{"rendered":"Empres\u00e1rio morre em capotamento causado por aquaplanagem na BR-163"},"content":{"rendered":"<p>O empres\u00e1rio Ant\u00f4nio dos Reis Lemos, de 62 anos, morreu num capotamento causado por uma aquaplanagem, ocorrido por volta das 12h55 desta ter\u00e7a-feira (16), no quil\u00f4metro 657 da BR-163, entre Rio Verde e S\u00e3o Gabriel.<\/p>\n<p>Segundo informa\u00e7\u00f5es repassadas a nossa reportagem, Lemos conduzia uma caminhonete GM S-10, com placas de Ilha Solteira (SP), e tinha como passageiros Luiz Germano Junior, o engenheiro agr\u00f4nomo Reginaldo Alves C\u00e2ndido, de 45 anos, e Ant\u00f4nio Tib\u00farcio da Silva, de 61 anos.<\/p>\n<p>O grupo seguia no sentido norte quando o ve\u00edculo aquaplanou fazendo com que o motorista perdesse o controle. Em seguida a caminhonete bateu numa valeta, saiu da pista e capotou fora da rodovia.<\/p>\n<p>Lemos n\u00e3o resistiu e morreu na hora, j\u00e1 Junior sofreu poss\u00edveis fraturas no ombro e nas costelas, foi socorrido pela CCR MSVia e levado para o Hospital Municipal de S\u00e3o Gabriel. Silva e C\u00e2ndido sa\u00edram ilesos do acidente.<\/p>\n<p>A PRF (Pol\u00edcia Rodovi\u00e1ria Federal) esteve no local registrando o acidente e controlando o tr\u00e1fego.<\/p>\n<div class=\"imagem_noticia center img640_480\"><a href=\"http:\/\/www.edicaoms.com.br\/uploads\/images\/noticias\/fcf111d9b6087e9d51667dce5d8f1f8f.jpg\" data-lightbox=\"example-2\" data-title=\"Foto: Alisson Silva\"><img decoding=\"async\" title=\"\" src=\"http:\/\/www.edicaoms.com.br\/uploads\/images\/noticias\/fcf111d9b6087e9d51667dce5d8f1f8f.jpg\" alt=\"\" \/><\/a><\/p>\n<div class=\"foto_legenda\">Foto: Alisson Silva\/ Angela Bezerra<\/div>\n<div class=\"foto_legenda\">edi\u00e7\u00e3oms<\/div>\n<\/div>\n","protected":false},"excerpt":{"rendered":"<p>O empres\u00e1rio Ant\u00f4nio dos Reis Lemos, de 62 anos, morreu num capotamento causado por uma aquaplanagem, ocorrido por volta das 12h55 desta ter\u00e7a-feira (16), no quil\u00f4metro 657 da BR-163, entre Rio Verde e S\u00e3o Gabriel. Segundo informa\u00e7\u00f5es repassadas a nossa reportagem, Lemos conduzia uma caminhonete GM S-10, com placas de Ilha Solteira (SP), e tinha [&hellip;]<\/p>\n","protected":false},"author":4,"featured_media":20718,"comment_status":"closed","ping_status":"closed","sticky":false,"template":"","format":"standard","meta":{"footnotes":""},"categories":[38],"tags":[],"class_list":["post-20717","post","type-post","status-publish","format-standard","has-post-thumbnail","hentry","category-policia"],"_links":{"self":[{"href":"https:\/\/www.ocorreionews.com.br\/acervo-correio\/index.php?rest_route=\/wp\/v2\/posts\/20717","targetHints":{"allow":["GET"]}}],"collection":[{"href":"https:\/\/www.ocorreionews.com.br\/acervo-correio\/index.php?rest_route=\/wp\/v2\/posts"}],"about":[{"href":"https:\/\/www.ocorreionews.com.br\/acervo-correio\/index.php?rest_route=\/wp\/v2\/types\/post"}],"author":[{"embeddable":true,"href":"https:\/\/www.ocorreionews.com.br\/acervo-correio\/index.php?rest_route=\/wp\/v2\/users\/4"}],"replies":[{"embeddable":true,"href":"https:\/\/www.ocorreionews.com.br\/acervo-correio\/index.php?rest_route=%2Fwp%2Fv2%2Fcomments&post=20717"}],"version-history":[{"count":0,"href":"https:\/\/www.ocorreionews.com.br\/acervo-correio\/index.php?rest_route=\/wp\/v2\/posts\/20717\/revisions"}],"wp:featuredmedia":[{"embeddable":true,"href":"https:\/\/www.ocorreionews.com.br\/acervo-correio\/index.php?rest_route=\/wp\/v2\/media\/20718"}],"wp:attachment":[{"href":"https:\/\/www.ocorreionews.com.br\/acervo-correio\/index.php?rest_route=%2Fwp%2Fv2%2Fmedia&parent=20717"}],"wp:term":[{"taxonomy":"category","embeddable":true,"href":"https:\/\/www.ocorreionews.com.br\/acervo-correio\/index.php?rest_route=%2Fwp%2Fv2%2Fcategories&post=20717"},{"taxonomy":"post_tag","embeddable":true,"href":"https:\/\/www.ocorreionews.com.br\/acervo-correio\/index.php?rest_route=%2Fwp%2Fv2%2Ftags&post=20717"}],"curies":[{"name":"wp","href":"https:\/\/api.w.org\/{rel}","templated":true}]}}