{"id":20722,"date":"2016-02-17T13:35:25","date_gmt":"2016-02-17T16:35:25","guid":{"rendered":"https:\/\/ocorreionews.com.br\/?p=20722"},"modified":"2016-02-17T15:46:48","modified_gmt":"2016-02-17T18:46:48","slug":"eduardo-peixoto-confirma-que-e-pre-candidato-a-prefeito-em-chapadao-do-ceu","status":"publish","type":"post","link":"https:\/\/www.ocorreionews.com.br\/acervo-correio\/?p=20722","title":{"rendered":"Eduardo Peixoto confirma que \u00e9 pr\u00e9-candidato a prefeito em Chapad\u00e3o do C\u00e9u"},"content":{"rendered":"<p style=\"text-align: justify;\">Na manh\u00e3 esta quarta-feira 17, o empres\u00e1rio e produtor rural do munic\u00edpio de Chapad\u00e3o do C\u00e9u, Eduardo Peixoto, confirmou a nossa reportagem que \u00e9 candidato a prefeito.<\/p>\n<p style=\"text-align: justify;\">Eduardo Peixoto \u00e9 filiado ao PV, j\u00e1 foi vereador e prefeito do munic\u00edpio e disse que ap\u00f3s ouvir v\u00e1rias lideran\u00e7as da pol\u00edtica do munic\u00edpio e o clamor da popula\u00e7\u00e3o, colocou mais uma vez seu nome para ser analisado pelos c\u00e9u-chapadenses.<\/p>\n<p style=\"text-align: justify;\">A partir de agora, Eduardo come\u00e7a as negocia\u00e7\u00f5es, para a forma\u00e7\u00e3o de um bloco partid\u00e1rio, para a escolha do nome do seu vice. Peixoto esclareceu que o nome ser\u00e1 escolhido dentro de um consenso de todos.<\/p>\n","protected":false},"excerpt":{"rendered":"<p>Na manh\u00e3 esta quarta-feira 17, o empres\u00e1rio e produtor rural do munic\u00edpio de Chapad\u00e3o do C\u00e9u, Eduardo Peixoto, confirmou a nossa reportagem que \u00e9 candidato a prefeito. Eduardo Peixoto \u00e9 filiado ao PV, j\u00e1 foi vereador e prefeito do munic\u00edpio e disse que ap\u00f3s ouvir v\u00e1rias lideran\u00e7as da pol\u00edtica do munic\u00edpio e o clamor da [&hellip;]<\/p>\n","protected":false},"author":4,"featured_media":20735,"comment_status":"closed","ping_status":"closed","sticky":false,"template":"","format":"standard","meta":{"footnotes":""},"categories":[22],"tags":[],"class_list":["post-20722","post","type-post","status-publish","format-standard","has-post-thumbnail","hentry","category-chapadao-do-ceu"],"_links":{"self":[{"href":"https:\/\/www.ocorreionews.com.br\/acervo-correio\/index.php?rest_route=\/wp\/v2\/posts\/20722","targetHints":{"allow":["GET"]}}],"collection":[{"href":"https:\/\/www.ocorreionews.com.br\/acervo-correio\/index.php?rest_route=\/wp\/v2\/posts"}],"about":[{"href":"https:\/\/www.ocorreionews.com.br\/acervo-correio\/index.php?rest_route=\/wp\/v2\/types\/post"}],"author":[{"embeddable":true,"href":"https:\/\/www.ocorreionews.com.br\/acervo-correio\/index.php?rest_route=\/wp\/v2\/users\/4"}],"replies":[{"embeddable":true,"href":"https:\/\/www.ocorreionews.com.br\/acervo-correio\/index.php?rest_route=%2Fwp%2Fv2%2Fcomments&post=20722"}],"version-history":[{"count":0,"href":"https:\/\/www.ocorreionews.com.br\/acervo-correio\/index.php?rest_route=\/wp\/v2\/posts\/20722\/revisions"}],"wp:featuredmedia":[{"embeddable":true,"href":"https:\/\/www.ocorreionews.com.br\/acervo-correio\/index.php?rest_route=\/wp\/v2\/media\/20735"}],"wp:attachment":[{"href":"https:\/\/www.ocorreionews.com.br\/acervo-correio\/index.php?rest_route=%2Fwp%2Fv2%2Fmedia&parent=20722"}],"wp:term":[{"taxonomy":"category","embeddable":true,"href":"https:\/\/www.ocorreionews.com.br\/acervo-correio\/index.php?rest_route=%2Fwp%2Fv2%2Fcategories&post=20722"},{"taxonomy":"post_tag","embeddable":true,"href":"https:\/\/www.ocorreionews.com.br\/acervo-correio\/index.php?rest_route=%2Fwp%2Fv2%2Ftags&post=20722"}],"curies":[{"name":"wp","href":"https:\/\/api.w.org\/{rel}","templated":true}]}}