{"id":20725,"date":"2016-02-17T13:39:41","date_gmt":"2016-02-17T16:39:41","guid":{"rendered":"https:\/\/ocorreionews.com.br\/?p=20725"},"modified":"2016-02-17T13:40:35","modified_gmt":"2016-02-17T16:40:35","slug":"apos-dias-sem-coleta-moradores-jogam-lixo-na-porta-da-prefeitura-em-cidade-do-mt","status":"publish","type":"post","link":"https:\/\/www.ocorreionews.com.br\/acervo-correio\/?p=20725","title":{"rendered":"Ap\u00f3s dias sem coleta, moradores jogam lixo na porta da prefeitura em cidade do MT"},"content":{"rendered":"<h5 class=\"linha-fina\">Causa e consequ\u00eancia: horas depois do protesto, prefeitura recolhe lixo jogado e, nesta segunda-feira, retomou os trabalhos de coleta em Pontes e Lacerda, a 483 km de Cuiab\u00e1<\/h5>\n<p>O Brasil que acordou para a pol\u00edtica em 2013, ap\u00f3s as jornadas de junho daquele ano, segue dando sinais do seu despertar. Como por exemplo, na cidade de Pontes e Lacerda, a 483 km de Cuiab\u00e1 (MT), onde os moradores, revoltados com a falta de coleta de lixo no munic\u00edpio, resolveram protestar do jeito mais efetivo poss\u00edvel: jogando seus detritos na porta da prefeitura local. Tudo isso aconteceu no \u00faltimo s\u00e1bado, 13 de fevereiro.<\/p>\n<p>Em nota divulgada pelo G1 nesta segunda-feira, 15, a assessoria de imprensa do munic\u00edpio afirmou que a situa\u00e7\u00e3o da coleta est\u00e1 sendo resolvida e que nos pr\u00f3ximos dias a prefeitura se posicionar\u00e1 sobre o assunto.<\/p>\n<p>De acordo com relatos de moradores, a coleta do lixo n\u00e3o era realizada nos bairros h\u00e1, pelo menos, uma semana. Apesar disso, horas depois do protesto, o lixo foi recolhido da frente da prefeitura e, nesta segunda-feira, o caminh\u00e3o da coleta j\u00e1 havia percorrido por alguns bairros da cidade.<\/p>\n<p>Catraca Livre<\/p>\n","protected":false},"excerpt":{"rendered":"<p>Causa e consequ\u00eancia: horas depois do protesto, prefeitura recolhe lixo jogado e, nesta segunda-feira, retomou os trabalhos de coleta em Pontes e Lacerda, a 483 km de Cuiab\u00e1 O Brasil que acordou para a pol\u00edtica em 2013, ap\u00f3s as jornadas de junho daquele ano, segue dando sinais do seu despertar. Como por exemplo, na cidade [&hellip;]<\/p>\n","protected":false},"author":4,"featured_media":20726,"comment_status":"closed","ping_status":"closed","sticky":false,"template":"","format":"standard","meta":{"footnotes":""},"categories":[37],"tags":[],"class_list":["post-20725","post","type-post","status-publish","format-standard","has-post-thumbnail","hentry","category-politica"],"_links":{"self":[{"href":"https:\/\/www.ocorreionews.com.br\/acervo-correio\/index.php?rest_route=\/wp\/v2\/posts\/20725","targetHints":{"allow":["GET"]}}],"collection":[{"href":"https:\/\/www.ocorreionews.com.br\/acervo-correio\/index.php?rest_route=\/wp\/v2\/posts"}],"about":[{"href":"https:\/\/www.ocorreionews.com.br\/acervo-correio\/index.php?rest_route=\/wp\/v2\/types\/post"}],"author":[{"embeddable":true,"href":"https:\/\/www.ocorreionews.com.br\/acervo-correio\/index.php?rest_route=\/wp\/v2\/users\/4"}],"replies":[{"embeddable":true,"href":"https:\/\/www.ocorreionews.com.br\/acervo-correio\/index.php?rest_route=%2Fwp%2Fv2%2Fcomments&post=20725"}],"version-history":[{"count":0,"href":"https:\/\/www.ocorreionews.com.br\/acervo-correio\/index.php?rest_route=\/wp\/v2\/posts\/20725\/revisions"}],"wp:featuredmedia":[{"embeddable":true,"href":"https:\/\/www.ocorreionews.com.br\/acervo-correio\/index.php?rest_route=\/wp\/v2\/media\/20726"}],"wp:attachment":[{"href":"https:\/\/www.ocorreionews.com.br\/acervo-correio\/index.php?rest_route=%2Fwp%2Fv2%2Fmedia&parent=20725"}],"wp:term":[{"taxonomy":"category","embeddable":true,"href":"https:\/\/www.ocorreionews.com.br\/acervo-correio\/index.php?rest_route=%2Fwp%2Fv2%2Fcategories&post=20725"},{"taxonomy":"post_tag","embeddable":true,"href":"https:\/\/www.ocorreionews.com.br\/acervo-correio\/index.php?rest_route=%2Fwp%2Fv2%2Ftags&post=20725"}],"curies":[{"name":"wp","href":"https:\/\/api.w.org\/{rel}","templated":true}]}}