{"id":20729,"date":"2016-02-17T13:59:11","date_gmt":"2016-02-17T16:59:11","guid":{"rendered":"https:\/\/ocorreionews.com.br\/?p=20729"},"modified":"2016-02-18T14:04:17","modified_gmt":"2016-02-18T17:04:17","slug":"prefeito-de-figueirao-participa-da-sessao-solene-de-abertura-do-ano-camara","status":"publish","type":"post","link":"https:\/\/www.ocorreionews.com.br\/acervo-correio\/?p=20729","title":{"rendered":"Prefeito de Figueir\u00e3o participa da Sess\u00e3o Solene de abertura do ano C\u00e2mara"},"content":{"rendered":"<p>Na noite do dia 15 de fevereiro, no Plen\u00e1rio da C\u00e2mara Municipal, aconteceu a Sess\u00e3o Solene de in\u00edcio dos trabalhos legislativos do exerc\u00edcio de 2016, com a presen\u00e7a do prefeito Rog\u00e9rio Rosalin e outras autoridades locais, al\u00e9m de secret\u00e1rios municipais e membros da popula\u00e7\u00e3o em geral.<\/p>\n<p>Na Sess\u00e3o Solene, como de praxe, o prefeito Rog\u00e9rio fez a leitura da Mensagem do Executivo, onde explanou sobre sua gest\u00e3o durante o ano de 2015 e detalhou sua programa\u00e7\u00e3o de a\u00e7\u00f5es para o ano de 2016.<\/p>\n<p>Na ocasi\u00e3o, o prefeito entregou a cada um dos vereadores um Kit contendo a Mensagem 001\/2016, de 15 de fevereiro; o Volume 9 das Leis Complementares (de 04 de fevereiro a 09 de dezembro de 2015); e os Volumes 12 e 13 das Leis Ordin\u00e1rias (de 4 de fevereiro de 2015 a 15 de dezembro de 2015), do comp\u00eandio de Leis que a prefeitura faz desde o ano de 2005.<\/p>\n<p>Todos os vereadores usaram da palavra para prestigiar e parabenizar o prefeito pela presta\u00e7\u00e3o de contas de suas a\u00e7\u00f5es e garantiram que pretendem caminhar lado a lado com a administra\u00e7\u00e3o municipal, visando o desenvolvimento do munic\u00edpio e o bem-estar geral de sua popula\u00e7\u00e3o.<\/p>\n<p><img decoding=\"async\" src=\"http:\/\/figueirao.ms.gov.br\/uploads\/ckeditor\/pictures\/715\/content_DSC_8914.JPG\" alt=\"\" \/><img decoding=\"async\" src=\"http:\/\/figueirao.ms.gov.br\/uploads\/ckeditor\/pictures\/717\/content_DSC_8918.JPG\" alt=\"\" \/><img decoding=\"async\" src=\"http:\/\/figueirao.ms.gov.br\/uploads\/ckeditor\/pictures\/716\/content_DSC_8917.JPG\" alt=\"\" \/><img decoding=\"async\" src=\"http:\/\/figueirao.ms.gov.br\/uploads\/ckeditor\/pictures\/713\/content_DSC_8915.JPG\" alt=\"\" \/><img decoding=\"async\" src=\"http:\/\/figueirao.ms.gov.br\/uploads\/ckeditor\/pictures\/712\/content_DSC_8916.JPG\" alt=\"\" \/><\/p>\n<p>&nbsp;<\/p>\n<p>Texto e Fotos: Rubem Vasconcellos<\/p>\n","protected":false},"excerpt":{"rendered":"<p>Na noite do dia 15 de fevereiro, no Plen\u00e1rio da C\u00e2mara Municipal, aconteceu a Sess\u00e3o Solene de in\u00edcio dos trabalhos legislativos do exerc\u00edcio de 2016, com a presen\u00e7a do prefeito Rog\u00e9rio Rosalin e outras autoridades locais, al\u00e9m de secret\u00e1rios municipais e membros da popula\u00e7\u00e3o em geral. Na Sess\u00e3o Solene, como de praxe, o prefeito Rog\u00e9rio [&hellip;]<\/p>\n","protected":false},"author":4,"featured_media":20730,"comment_status":"closed","ping_status":"closed","sticky":false,"template":"","format":"standard","meta":{"footnotes":""},"categories":[30],"tags":[],"class_list":["post-20729","post","type-post","status-publish","format-standard","has-post-thumbnail","hentry","category-figueirao"],"_links":{"self":[{"href":"https:\/\/www.ocorreionews.com.br\/acervo-correio\/index.php?rest_route=\/wp\/v2\/posts\/20729","targetHints":{"allow":["GET"]}}],"collection":[{"href":"https:\/\/www.ocorreionews.com.br\/acervo-correio\/index.php?rest_route=\/wp\/v2\/posts"}],"about":[{"href":"https:\/\/www.ocorreionews.com.br\/acervo-correio\/index.php?rest_route=\/wp\/v2\/types\/post"}],"author":[{"embeddable":true,"href":"https:\/\/www.ocorreionews.com.br\/acervo-correio\/index.php?rest_route=\/wp\/v2\/users\/4"}],"replies":[{"embeddable":true,"href":"https:\/\/www.ocorreionews.com.br\/acervo-correio\/index.php?rest_route=%2Fwp%2Fv2%2Fcomments&post=20729"}],"version-history":[{"count":0,"href":"https:\/\/www.ocorreionews.com.br\/acervo-correio\/index.php?rest_route=\/wp\/v2\/posts\/20729\/revisions"}],"wp:featuredmedia":[{"embeddable":true,"href":"https:\/\/www.ocorreionews.com.br\/acervo-correio\/index.php?rest_route=\/wp\/v2\/media\/20730"}],"wp:attachment":[{"href":"https:\/\/www.ocorreionews.com.br\/acervo-correio\/index.php?rest_route=%2Fwp%2Fv2%2Fmedia&parent=20729"}],"wp:term":[{"taxonomy":"category","embeddable":true,"href":"https:\/\/www.ocorreionews.com.br\/acervo-correio\/index.php?rest_route=%2Fwp%2Fv2%2Fcategories&post=20729"},{"taxonomy":"post_tag","embeddable":true,"href":"https:\/\/www.ocorreionews.com.br\/acervo-correio\/index.php?rest_route=%2Fwp%2Fv2%2Ftags&post=20729"}],"curies":[{"name":"wp","href":"https:\/\/api.w.org\/{rel}","templated":true}]}}