{"id":207819,"date":"2022-05-30T17:49:58","date_gmt":"2022-05-30T21:49:58","guid":{"rendered":"https:\/\/www.ocorreionews.com.br\/acervo-correio\/?p=207819"},"modified":"2022-05-30T17:49:58","modified_gmt":"2022-05-30T21:49:58","slug":"paulo-correa-destaca-a-forca-do-empreendedorismo-para-economia-de-ms","status":"publish","type":"post","link":"https:\/\/www.ocorreionews.com.br\/acervo-correio\/?p=207819","title":{"rendered":"Paulo Corr\u00eaa destaca a for\u00e7a do empreendedorismo para economia de MS"},"content":{"rendered":"<p>\u201cO empreendedorismo \u00e9 fundamental para o desenvolvimento do nosso Estado, porque os pequenos neg\u00f3cios ajudam a criar novos postos de trabalho e renda para a popula\u00e7\u00e3o, principalmente nos bairros que \u00e9 onde moram as pessoas\u201d, afirmou o deputado estadual Paulo Corr\u00eaa (PSDB),<\/p>\n<p>Corr\u00eaa participou do lan\u00e7amento do programa \u201cRede de Agentes do Sebrae\u201d, no Centro de Conven\u00e7\u00f5es Albano Franco, na manh\u00e3 desta segunda-feira (30).<\/p>\n<p>A a\u00e7\u00e3o conta com uma equipe de 250 novos agentes, que atender\u00e3o pequenos neg\u00f3cios de Mato Grosso do Sul. Os profissionais v\u00e3o oferecer orienta\u00e7\u00e3o empresarial e acompanhamento para pequenas empresas reduzirem custos e aumentarem seu faturamento.<\/p>\n<p>\u201cEu fico feliz de poder participar com voc\u00eas deste momento. Voc\u00eas v\u00e3o pegar nas m\u00e3os das pessoas que t\u00eam um pequeno neg\u00f3cio , que querem investir, aprimorar, loja por loja, neg\u00f3cio por neg\u00f3cio, pisando no ch\u00e3o da f\u00e1brica, da ind\u00fastria\u201d, disse o presidente da Assembleia Legislativa aos 250 agentes que atuar\u00e3o no programa.<\/p>\n<p>O parlamentar destacou a necessidade do trabalho humanizado a ser realizado pelos agentes, sobretudo neste momento em que as pessoas ainda sentem o sofrimento e os impactos da pandemia, mas que est\u00e3o retomando as rotinas e as atividades econ\u00f4micas. \u201cAs pessoas est\u00e3o precisando de carinho, de aten\u00e7\u00e3o, que humanizemos o atendimento. E nesta humaniza\u00e7\u00e3o, voc\u00eas precisam estar bem, para cumprirem a miss\u00e3o de voc\u00eas, que \u00e9 uma miss\u00e3o de cora\u00e7\u00e3o, de amor, de paz\u201d, enfatizou Paulo Corr\u00eaa.<\/p>\n<p><strong>\u201cRede de agentes\u201d<\/strong><\/p>\n<p>Dos 250 novos agentes do Sebrae-MS, 179 s\u00e3o Agente de Orienta\u00e7\u00e3o e ir\u00e3o atuar nas \u00e1reas de orienta\u00e7\u00e3o empresarial, nas tem\u00e1ticas de finan\u00e7as e cr\u00e9dito, ecoturismo, mercado, roteiros tur\u00edsticos e territoriais. J\u00e1 os demais, 71, s\u00e3o Agentes Locais de Inova\u00e7\u00e3o (ALI) que v\u00e3o focar no acompanhamento de empresas, nas \u00e1reas rurais, transforma\u00e7\u00e3o digital, educa\u00e7\u00e3o empreendedora e ecossistemas.<\/p>\n<p><strong>Doa\u00e7\u00f5es para a Prefeitura de Campo Grande<\/strong><\/p>\n<p>Tamb\u00e9m na manh\u00e3 desta segunda-feira, o deputado Paulo Corr\u00eaa representou a ALEMS em evento na Prefeitura de Campo Greande. Na ocasi\u00e3o, a Federa\u00e7\u00e3o das Ind\u00fastrias de Mato Grosso do Sul (Fiems) e a concession\u00e1ria Energisa entregaram 90 aparelhos de ar condicionado, dez lixeiras pl\u00e1sticas e 75 term\u00f4metros cl\u00ednicos para o munic\u00edpio. A doa\u00e7\u00e3o faz parte das a\u00e7\u00f5es do \u201cUnidos pela Vacina\u201d, movimento coordenado pelas duas entidades e que mobiliza a iniciativa privada para ajudar os munic\u00edpios no enfrentamento \u00e0 pandemia de covid-19.<\/p>\n<p>O deputado Paulo Corr\u00eaa parabenizou a iniciativa. \u201cAcompanhei o come\u00e7o do movimento e o quanto as entregas fizeram diferen\u00e7a para os munic\u00edpios. Muitas cidades precisavam de equipamentos e o \u2018Unidos pela Vacina\u2019 ajudou a fortalecer as campanhas de vacina\u00e7\u00e3o em todo o Estado\u201d, comentou o presidente da Casa de Leis.<\/p>\n<p><strong>Movimento<\/strong><\/p>\n<p>O \u201cUnidos pela Vacina\u201d foi lan\u00e7ado oficialmente em abril de 2021 para apoiar os munic\u00edpios com doa\u00e7\u00e3o de insumos para auxiliar na vacina\u00e7\u00e3o contra a Covid-19. S\u00f3 na Capital, o movimento j\u00e1 entregou, al\u00e9m das doa\u00e7\u00f5es desta segunda-feira, 13 capacetes elmos, dez cilindros de oxig\u00eanio, 320 caixas coletoras para materiais perfurocortantes, 23 caixas t\u00e9rmicas com term\u00f4metro, 4.050 pacotes de algod\u00e3o, 75 term\u00f4metros cl\u00ednicos e dez lixeiras pl\u00e1sticas.<\/p>\n<p><em>(Com informa\u00e7\u00f5es da Assessoria de Comunica\u00e7\u00e3o da Fiems)<\/em><\/p>\n","protected":false},"excerpt":{"rendered":"<p>\u201cO empreendedorismo \u00e9 fundamental para o desenvolvimento do nosso Estado, porque os pequenos neg\u00f3cios ajudam a criar novos postos de trabalho e renda para a popula\u00e7\u00e3o, principalmente nos bairros que \u00e9 onde moram as pessoas\u201d, afirmou o deputado estadual Paulo Corr\u00eaa (PSDB), Corr\u00eaa participou do lan\u00e7amento do programa \u201cRede de Agentes do Sebrae\u201d, no Centro [&hellip;]<\/p>\n","protected":false},"author":4,"featured_media":207820,"comment_status":"closed","ping_status":"closed","sticky":false,"template":"","format":"standard","meta":{"footnotes":""},"categories":[37],"tags":[],"class_list":["post-207819","post","type-post","status-publish","format-standard","has-post-thumbnail","hentry","category-politica"],"_links":{"self":[{"href":"https:\/\/www.ocorreionews.com.br\/acervo-correio\/index.php?rest_route=\/wp\/v2\/posts\/207819","targetHints":{"allow":["GET"]}}],"collection":[{"href":"https:\/\/www.ocorreionews.com.br\/acervo-correio\/index.php?rest_route=\/wp\/v2\/posts"}],"about":[{"href":"https:\/\/www.ocorreionews.com.br\/acervo-correio\/index.php?rest_route=\/wp\/v2\/types\/post"}],"author":[{"embeddable":true,"href":"https:\/\/www.ocorreionews.com.br\/acervo-correio\/index.php?rest_route=\/wp\/v2\/users\/4"}],"replies":[{"embeddable":true,"href":"https:\/\/www.ocorreionews.com.br\/acervo-correio\/index.php?rest_route=%2Fwp%2Fv2%2Fcomments&post=207819"}],"version-history":[{"count":1,"href":"https:\/\/www.ocorreionews.com.br\/acervo-correio\/index.php?rest_route=\/wp\/v2\/posts\/207819\/revisions"}],"predecessor-version":[{"id":207821,"href":"https:\/\/www.ocorreionews.com.br\/acervo-correio\/index.php?rest_route=\/wp\/v2\/posts\/207819\/revisions\/207821"}],"wp:featuredmedia":[{"embeddable":true,"href":"https:\/\/www.ocorreionews.com.br\/acervo-correio\/index.php?rest_route=\/wp\/v2\/media\/207820"}],"wp:attachment":[{"href":"https:\/\/www.ocorreionews.com.br\/acervo-correio\/index.php?rest_route=%2Fwp%2Fv2%2Fmedia&parent=207819"}],"wp:term":[{"taxonomy":"category","embeddable":true,"href":"https:\/\/www.ocorreionews.com.br\/acervo-correio\/index.php?rest_route=%2Fwp%2Fv2%2Fcategories&post=207819"},{"taxonomy":"post_tag","embeddable":true,"href":"https:\/\/www.ocorreionews.com.br\/acervo-correio\/index.php?rest_route=%2Fwp%2Fv2%2Ftags&post=207819"}],"curies":[{"name":"wp","href":"https:\/\/api.w.org\/{rel}","templated":true}]}}