{"id":207850,"date":"2022-05-31T08:31:27","date_gmt":"2022-05-31T12:31:27","guid":{"rendered":"https:\/\/www.ocorreionews.com.br\/acervo-correio\/?p=207850"},"modified":"2022-05-31T08:31:27","modified_gmt":"2022-05-31T12:31:27","slug":"nova-cnh-comeca-a-ser-emitida-em-ms-nesta-quarta-veja-o-que-muda","status":"publish","type":"post","link":"https:\/\/www.ocorreionews.com.br\/acervo-correio\/?p=207850","title":{"rendered":"Nova CNH come\u00e7a a ser emitida em MS nesta quarta; veja o que muda"},"content":{"rendered":"<div class=\"mc-column content-text active-extra-styles \" data-block-type=\"unstyled\" data-block-weight=\"29\" data-block-id=\"2\">\n<p class=\"content-text__container \" data-track-category=\"Link no Texto\" data-track-links=\"\">A nova Carteira Nacional de Habilita\u00e7\u00e3o (CNH) come\u00e7a a ser emitida em Mato Grosso do Sul nesta quarta-feira (1\u00ba). N\u00e3o h\u00e1 necessidade de troca imediata para o novo padr\u00e3o.<\/p>\n<p data-track-category=\"Link no Texto\" data-track-links=\"\">\n<\/div>\n<div class=\"wall protected-content\">\n<div class=\"mc-column content-text active-extra-styles \" data-block-type=\"unstyled\" data-block-weight=\"19\" data-block-id=\"3\">\n<p class=\"content-text__container \" data-track-category=\"Link no Texto\" data-track-links=\"\">O novo formato do documento atende a resolu\u00e7\u00e3o do Conselho Nacional de Tr\u00e2nsito (Contran), de dezembro do ano passado.<\/p>\n<\/div>\n<div class=\"mc-column content-text active-extra-styles \" data-block-type=\"unstyled\" data-block-weight=\"35\" data-block-id=\"4\">\n<p class=\"content-text__container \" data-track-category=\"Link no Texto\" data-track-links=\"\">Agora, a CNH conta com tinta que brilha no escuro, holograma e impress\u00e3o reativa a luz ultravioleta, dificultando falsifica\u00e7\u00f5es. Incorpora c\u00f3digo MRZ, possibilitando que seja aceita em todos os pa\u00edses signat\u00e1rios do Acordo de Viena.<\/p>\n<p data-track-category=\"Link no Texto\" data-track-links=\"\">\n<\/div>\n<div class=\"mc-column content-text active-extra-styles \" data-block-type=\"unstyled\" data-block-weight=\"29\" data-block-id=\"5\">\n<p class=\"content-text__container \" data-track-category=\"Link no Texto\" data-track-links=\"\">A nova CNH tamb\u00e9m traz a op\u00e7\u00e3o de utilizar o nome social do condutor e os nomes dos pais afetivos, campos disponibilizados pelo Registro Nacional de Condutores Habilitados (Renach).<\/p>\n<p data-track-category=\"Link no Texto\" data-track-links=\"\">\n<\/div>\n<div class=\"content-ads content-ads--reveal\" data-block-type=\"ads\" data-block-id=\"6\">\n<div><\/div>\n<\/div>\n<div class=\"mc-column content-text active-extra-styles \" data-block-type=\"unstyled\" data-block-weight=\"63\" data-block-id=\"7\">\n<p class=\"content-text__container \" data-track-category=\"Link no Texto\" data-track-links=\"\">Outra novidade \u00e9 a cor da carteira que traz predominantemente as cores verde e amarelo. A assinatura do motorista tamb\u00e9m mudou de lugar, ficando abaixo da foto. As categorias para as quais cada motorista est\u00e1 habilitado ficar\u00e1 marcada por desenhos de ve\u00edculos, j\u00e1 a indica\u00e7\u00e3o de CNH tempor\u00e1ria ou definitiva ser\u00e1 indicada no canto superior direito pela letra P ou D, respectivamente.<\/p>\n<p data-track-category=\"Link no Texto\" data-track-links=\"\">\n<\/div>\n<div class=\"mc-column content-text active-extra-styles \" data-block-type=\"unstyled\" data-block-weight=\"21\" data-block-id=\"8\">\n<p class=\"content-text__container \" data-track-category=\"Link no Texto\" data-track-links=\"\">O documento poder\u00e1 ser expedido em meios f\u00edsico, digital ou ambos. &#8220;A escolha fica \u00e0 crit\u00e9rio do condutor&#8221;, diz a resolu\u00e7\u00e3o.<\/p>\n<\/div>\n<div class=\"mc-column content-text active-extra-styles \" data-block-type=\"unstyled\" data-block-weight=\"34\" data-block-id=\"9\">\n<p class=\"content-text__container \" data-track-category=\"Link no Texto\" data-track-links=\"\">A nova CNH mant\u00e9m o QR Code, j\u00e1 dispon\u00edvel nos documentos emitidos a partir de 2017. O c\u00f3digo vai armazenar todas as informa\u00e7\u00f5es do documento, inclusive a fotografia, com exce\u00e7\u00e3o da assinatura do motorista.<\/p>\n<\/div>\n<\/div>\n<figure id=\"attachment_205484\" aria-describedby=\"caption-attachment-205484\" style=\"width: 452px\" class=\"wp-caption alignnone\"><a href=\"https:\/\/www.ocorreionews.com.br\/acervo-correio\/wp-content\/uploads\/2022\/05\/nova-cnh.webp\"><img loading=\"lazy\" decoding=\"async\" class=\"size-full wp-image-205484\" src=\"https:\/\/www.ocorreionews.com.br\/acervo-correio\/wp-content\/uploads\/2022\/05\/nova-cnh.webp\" alt=\"\" width=\"452\" height=\"640\" srcset=\"https:\/\/www.ocorreionews.com.br\/acervo-correio\/wp-content\/uploads\/2022\/05\/nova-cnh.webp 452w, https:\/\/www.ocorreionews.com.br\/acervo-correio\/wp-content\/uploads\/2022\/05\/nova-cnh-212x300.webp 212w\" sizes=\"auto, (max-width: 452px) 100vw, 452px\" \/><\/a><figcaption id=\"caption-attachment-205484\" class=\"wp-caption-text\">Nova Carteira Nacional de Habilita\u00e7\u00e3o \u2014 Foto: Contran\/Reprodu\u00e7\u00e3o<\/figcaption><\/figure>\n<p data-track-category=\"Link no Texto\" data-track-links=\"\">\n<p class=\"content-publication-data__from\" title=\"g1 ms\">Por g1 ms<\/p>\n","protected":false},"excerpt":{"rendered":"<p>A nova Carteira Nacional de Habilita\u00e7\u00e3o (CNH) come\u00e7a a ser emitida em Mato Grosso do Sul nesta quarta-feira (1\u00ba). N\u00e3o h\u00e1 necessidade de troca imediata para o novo padr\u00e3o. O novo formato do documento atende a resolu\u00e7\u00e3o do Conselho Nacional de Tr\u00e2nsito (Contran), de dezembro do ano passado. Agora, a CNH conta com tinta que [&hellip;]<\/p>\n","protected":false},"author":5,"featured_media":194430,"comment_status":"closed","ping_status":"closed","sticky":false,"template":"","format":"standard","meta":{"footnotes":""},"categories":[31],"tags":[],"class_list":["post-207850","post","type-post","status-publish","format-standard","has-post-thumbnail","hentry","category-geral"],"_links":{"self":[{"href":"https:\/\/www.ocorreionews.com.br\/acervo-correio\/index.php?rest_route=\/wp\/v2\/posts\/207850","targetHints":{"allow":["GET"]}}],"collection":[{"href":"https:\/\/www.ocorreionews.com.br\/acervo-correio\/index.php?rest_route=\/wp\/v2\/posts"}],"about":[{"href":"https:\/\/www.ocorreionews.com.br\/acervo-correio\/index.php?rest_route=\/wp\/v2\/types\/post"}],"author":[{"embeddable":true,"href":"https:\/\/www.ocorreionews.com.br\/acervo-correio\/index.php?rest_route=\/wp\/v2\/users\/5"}],"replies":[{"embeddable":true,"href":"https:\/\/www.ocorreionews.com.br\/acervo-correio\/index.php?rest_route=%2Fwp%2Fv2%2Fcomments&post=207850"}],"version-history":[{"count":1,"href":"https:\/\/www.ocorreionews.com.br\/acervo-correio\/index.php?rest_route=\/wp\/v2\/posts\/207850\/revisions"}],"predecessor-version":[{"id":207851,"href":"https:\/\/www.ocorreionews.com.br\/acervo-correio\/index.php?rest_route=\/wp\/v2\/posts\/207850\/revisions\/207851"}],"wp:featuredmedia":[{"embeddable":true,"href":"https:\/\/www.ocorreionews.com.br\/acervo-correio\/index.php?rest_route=\/wp\/v2\/media\/194430"}],"wp:attachment":[{"href":"https:\/\/www.ocorreionews.com.br\/acervo-correio\/index.php?rest_route=%2Fwp%2Fv2%2Fmedia&parent=207850"}],"wp:term":[{"taxonomy":"category","embeddable":true,"href":"https:\/\/www.ocorreionews.com.br\/acervo-correio\/index.php?rest_route=%2Fwp%2Fv2%2Fcategories&post=207850"},{"taxonomy":"post_tag","embeddable":true,"href":"https:\/\/www.ocorreionews.com.br\/acervo-correio\/index.php?rest_route=%2Fwp%2Fv2%2Ftags&post=207850"}],"curies":[{"name":"wp","href":"https:\/\/api.w.org\/{rel}","templated":true}]}}