{"id":208107,"date":"2022-06-02T06:35:51","date_gmt":"2022-06-02T10:35:51","guid":{"rendered":"https:\/\/www.ocorreionews.com.br\/acervo-correio\/?p=208107"},"modified":"2022-06-02T06:35:51","modified_gmt":"2022-06-02T10:35:51","slug":"ministerio-da-saude-inicia-pesquisa-nacional-de-saude-bucal","status":"publish","type":"post","link":"https:\/\/www.ocorreionews.com.br\/acervo-correio\/?p=208107","title":{"rendered":"Minist\u00e9rio da Sa\u00fade inicia Pesquisa Nacional de Sa\u00fade Bucal"},"content":{"rendered":"<p>O Minist\u00e9rio da Sa\u00fade iniciou hoje (1\u00ba) \u00e0 terceira edi\u00e7\u00e3o da Pesquisa Nacional de Sa\u00fade Bucal (SB Brasil), para identificar as condi\u00e7\u00f5es de sa\u00fade bucal da popula\u00e7\u00e3o e subsidiar a elabora\u00e7\u00e3o de pol\u00edticas p\u00fablicas na \u00e1rea. At\u00e9 o final do m\u00eas, a pesquisa vai coletar dados da popula\u00e7\u00e3o em 422 munic\u00edpios. O estudo inclui 395 munic\u00edpios do interior, 26 capitais e o Distrito Federal.<\/p>\n<p>&nbsp;<\/p>\n<p>O SB Brasil \u00e9 o maior estudo sobre as condi\u00e7\u00f5es de sa\u00fade bucal da popula\u00e7\u00e3o brasileira. Este ano, o estudo ser\u00e1 realizado com 50.800 pessoas. Na primeira etapa, os profissionais da Aten\u00e7\u00e3o Prim\u00e1ria \u00e0 Sa\u00fade Bucal passar\u00e3o de porta em porta para convidar a popula\u00e7\u00e3o para a pesquisa e buscar pessoas dentro das faixas et\u00e1rias selecionadas. Na segunda fase, ser\u00e3o coletados dados socioecon\u00f4micos, por meio de question\u00e1rio, com realiza\u00e7\u00e3o do exame bucal.<\/p>\n<p>&nbsp;<\/p>\n<p>O Minist\u00e9rio da Sa\u00fade considera que a participa\u00e7\u00e3o da popula\u00e7\u00e3o \u00e9 muito importante porque, al\u00e9m de contribuir na pesquisa, o participante que apresentar algum problema bucal j\u00e1 ser\u00e1 encaminhado para a Unidade B\u00e1sica de Sa\u00fade (UBS) local.<\/p>\n<p>&nbsp;<\/p>\n<p>Participa\u00e7\u00e3o<\/p>\n<p>&nbsp;<\/p>\n<p>O secret\u00e1rio de Aten\u00e7\u00e3o Prim\u00e1ria \u00e0 Sa\u00fade, Raphael Parente, ressaltou a import\u00e2ncia da a\u00e7\u00e3o. \u201cA participa\u00e7\u00e3o \u00e9 importante para o minist\u00e9rio conhecer melhor a sa\u00fade bucal da popula\u00e7\u00e3o. O nosso compromisso \u00e9 garantir o acesso de toda a popula\u00e7\u00e3o brasileira ao servi\u00e7o odontol\u00f3gico\u201d, disse o secret\u00e1rio.<\/p>\n<p>&nbsp;<\/p>\n<p>Far\u00e3o parte da pesquisa pessoas de cinco grupos, com idades de 5 anos, 12 anos, 15 a 19 anos, 35 a 44 anos e 65 a 74 anos. Ser\u00e1 verificada tamb\u00e9m a necessidade de tratamento dent\u00e1rio, de urg\u00eancia de tratamento e de pr\u00f3teses dent\u00e1rias.<\/p>\n<p>&nbsp;<\/p>\n<p>No interior dos estados, ser\u00e3o pesquisadas 100 pessoas de cada idade \u00edndice ou grupo et\u00e1rio, totalizando 500 pessoas. Nas capitais, foram definidas 250 pessoas para as idades \u00edndices de 5 e 12 anos e de 300 pessoas para os outros grupos et\u00e1rios (15 a 19 anos, 35 a 44 anos e 65 a 74 anos), totalizando 1.400 pessoas. Somando as cidades do interior com a capital, cada estado participar\u00e1 da pesquisa com um total de 1.900 pessoas.<\/p>\n<p>&nbsp;<\/p>\n<p>Continuidade<\/p>\n<p>&nbsp;<\/p>\n<p>O SB Brasil 2022 d\u00e1 continuidade \u00e0s pesquisas realizadas em 2003 e 2010. Os investimentos do Minist\u00e9rio da Sa\u00fade nessa primeira fase da pesquisa somam cerca de R$ 4 milh\u00f5es.<\/p>\n<p>&nbsp;<\/p>\n<p>Por meio da pesquisa, busca-se identificar as doen\u00e7as bucais mais prevalentes, como a c\u00e1rie dent\u00e1ria e a doen\u00e7a periodontal, bem como a necessidade de pr\u00f3teses dent\u00e1rias, condi\u00e7\u00f5es de oclus\u00e3o, traumatismo dent\u00e1rio e o impacto das condi\u00e7\u00f5es de sa\u00fade bucal na qualidade de vida, entre outros aspectos.<\/p>\n<p>&nbsp;<\/p>\n<p>*Ag\u00eancia Brasil<\/p>\n","protected":false},"excerpt":{"rendered":"<p>O Minist\u00e9rio da Sa\u00fade iniciou hoje (1\u00ba) \u00e0 terceira edi\u00e7\u00e3o da Pesquisa Nacional de Sa\u00fade Bucal (SB Brasil), para identificar as condi\u00e7\u00f5es de sa\u00fade bucal da popula\u00e7\u00e3o e subsidiar a elabora\u00e7\u00e3o de pol\u00edticas p\u00fablicas na \u00e1rea. At\u00e9 o final do m\u00eas, a pesquisa vai coletar dados da popula\u00e7\u00e3o em 422 munic\u00edpios. O estudo inclui 395 [&hellip;]<\/p>\n","protected":false},"author":5,"featured_media":92743,"comment_status":"closed","ping_status":"closed","sticky":false,"template":"","format":"standard","meta":{"footnotes":""},"categories":[39],"tags":[],"class_list":["post-208107","post","type-post","status-publish","format-standard","has-post-thumbnail","hentry","category-saude"],"_links":{"self":[{"href":"https:\/\/www.ocorreionews.com.br\/acervo-correio\/index.php?rest_route=\/wp\/v2\/posts\/208107","targetHints":{"allow":["GET"]}}],"collection":[{"href":"https:\/\/www.ocorreionews.com.br\/acervo-correio\/index.php?rest_route=\/wp\/v2\/posts"}],"about":[{"href":"https:\/\/www.ocorreionews.com.br\/acervo-correio\/index.php?rest_route=\/wp\/v2\/types\/post"}],"author":[{"embeddable":true,"href":"https:\/\/www.ocorreionews.com.br\/acervo-correio\/index.php?rest_route=\/wp\/v2\/users\/5"}],"replies":[{"embeddable":true,"href":"https:\/\/www.ocorreionews.com.br\/acervo-correio\/index.php?rest_route=%2Fwp%2Fv2%2Fcomments&post=208107"}],"version-history":[{"count":1,"href":"https:\/\/www.ocorreionews.com.br\/acervo-correio\/index.php?rest_route=\/wp\/v2\/posts\/208107\/revisions"}],"predecessor-version":[{"id":208109,"href":"https:\/\/www.ocorreionews.com.br\/acervo-correio\/index.php?rest_route=\/wp\/v2\/posts\/208107\/revisions\/208109"}],"wp:featuredmedia":[{"embeddable":true,"href":"https:\/\/www.ocorreionews.com.br\/acervo-correio\/index.php?rest_route=\/wp\/v2\/media\/92743"}],"wp:attachment":[{"href":"https:\/\/www.ocorreionews.com.br\/acervo-correio\/index.php?rest_route=%2Fwp%2Fv2%2Fmedia&parent=208107"}],"wp:term":[{"taxonomy":"category","embeddable":true,"href":"https:\/\/www.ocorreionews.com.br\/acervo-correio\/index.php?rest_route=%2Fwp%2Fv2%2Fcategories&post=208107"},{"taxonomy":"post_tag","embeddable":true,"href":"https:\/\/www.ocorreionews.com.br\/acervo-correio\/index.php?rest_route=%2Fwp%2Fv2%2Ftags&post=208107"}],"curies":[{"name":"wp","href":"https:\/\/api.w.org\/{rel}","templated":true}]}}