{"id":208113,"date":"2022-06-02T06:57:20","date_gmt":"2022-06-02T10:57:20","guid":{"rendered":"https:\/\/www.ocorreionews.com.br\/acervo-correio\/?p=208113"},"modified":"2022-06-02T06:57:20","modified_gmt":"2022-06-02T10:57:20","slug":"homem-e-preso-ao-tentar-vender-drone-furtado-em-chapadao-do-sul","status":"publish","type":"post","link":"https:\/\/www.ocorreionews.com.br\/acervo-correio\/?p=208113","title":{"rendered":"Homem \u00e9 preso ao tentar vender drone furtado em Chapad\u00e3o do Sul"},"content":{"rendered":"<p>Policia Militar de Chapad\u00e3o do Sul prenderam na noite desta quarta-feira (01), um homem de 23 anos na Pra\u00e7a de Eventos tentando vender produto de furto.<\/p>\n<p>Policiais foram informados via 190 de que no local acima informado havia um homem em atitude suspeita de posse de um drone.<\/p>\n<p>Os militares fizeram \u00a0o monitoramento do local e conseguiu abordar o suspeito, que ao ser indagado sobre o aparelho, tentou negar por\u00e9m admitiu estar vendendo e n\u00e3o possuir nota fiscal, bem como confessou ter furtado o drone e mais alguns objetos em uma casa na noite de ter\u00e7a-feira (31).<\/p>\n<p>Diante do flagrante, o autor e produto do il\u00edcito foram\u00a0 entregues na delegacia de pol\u00edcia civil para provid\u00eancias.<\/p>\n<p><a href=\"https:\/\/www.ocorreionews.com.br\/acervo-correio\/wp-content\/uploads\/2022\/06\/IMG-20220602-WA0004.jpg\"><img loading=\"lazy\" decoding=\"async\" class=\"alignnone size-full wp-image-208105\" src=\"https:\/\/www.ocorreionews.com.br\/acervo-correio\/wp-content\/uploads\/2022\/06\/IMG-20220602-WA0004.jpg\" alt=\"\" width=\"450\" height=\"600\" srcset=\"https:\/\/www.ocorreionews.com.br\/acervo-correio\/wp-content\/uploads\/2022\/06\/IMG-20220602-WA0004.jpg 450w, https:\/\/www.ocorreionews.com.br\/acervo-correio\/wp-content\/uploads\/2022\/06\/IMG-20220602-WA0004-225x300.jpg 225w\" sizes=\"auto, (max-width: 450px) 100vw, 450px\" \/><\/a><\/p>\n<p><em><strong>*O Correio News com informa\u00e7\u00f5es da Assessoria de Comunica\u00e7\u00e3o da \u00a04\u00aaCIPM<\/strong><\/em><\/p>\n","protected":false},"excerpt":{"rendered":"<p>Policia Militar de Chapad\u00e3o do Sul prenderam na noite desta quarta-feira (01), um homem de 23 anos na Pra\u00e7a de Eventos tentando vender produto de furto. Policiais foram informados via 190 de que no local acima informado havia um homem em atitude suspeita de posse de um drone. Os militares fizeram \u00a0o monitoramento do local [&hellip;]<\/p>\n","protected":false},"author":5,"featured_media":208105,"comment_status":"closed","ping_status":"closed","sticky":false,"template":"","format":"standard","meta":{"footnotes":""},"categories":[23,38],"tags":[],"class_list":["post-208113","post","type-post","status-publish","format-standard","has-post-thumbnail","hentry","category-chapadao-do-sul","category-policia"],"_links":{"self":[{"href":"https:\/\/www.ocorreionews.com.br\/acervo-correio\/index.php?rest_route=\/wp\/v2\/posts\/208113","targetHints":{"allow":["GET"]}}],"collection":[{"href":"https:\/\/www.ocorreionews.com.br\/acervo-correio\/index.php?rest_route=\/wp\/v2\/posts"}],"about":[{"href":"https:\/\/www.ocorreionews.com.br\/acervo-correio\/index.php?rest_route=\/wp\/v2\/types\/post"}],"author":[{"embeddable":true,"href":"https:\/\/www.ocorreionews.com.br\/acervo-correio\/index.php?rest_route=\/wp\/v2\/users\/5"}],"replies":[{"embeddable":true,"href":"https:\/\/www.ocorreionews.com.br\/acervo-correio\/index.php?rest_route=%2Fwp%2Fv2%2Fcomments&post=208113"}],"version-history":[{"count":1,"href":"https:\/\/www.ocorreionews.com.br\/acervo-correio\/index.php?rest_route=\/wp\/v2\/posts\/208113\/revisions"}],"predecessor-version":[{"id":208118,"href":"https:\/\/www.ocorreionews.com.br\/acervo-correio\/index.php?rest_route=\/wp\/v2\/posts\/208113\/revisions\/208118"}],"wp:featuredmedia":[{"embeddable":true,"href":"https:\/\/www.ocorreionews.com.br\/acervo-correio\/index.php?rest_route=\/wp\/v2\/media\/208105"}],"wp:attachment":[{"href":"https:\/\/www.ocorreionews.com.br\/acervo-correio\/index.php?rest_route=%2Fwp%2Fv2%2Fmedia&parent=208113"}],"wp:term":[{"taxonomy":"category","embeddable":true,"href":"https:\/\/www.ocorreionews.com.br\/acervo-correio\/index.php?rest_route=%2Fwp%2Fv2%2Fcategories&post=208113"},{"taxonomy":"post_tag","embeddable":true,"href":"https:\/\/www.ocorreionews.com.br\/acervo-correio\/index.php?rest_route=%2Fwp%2Fv2%2Ftags&post=208113"}],"curies":[{"name":"wp","href":"https:\/\/api.w.org\/{rel}","templated":true}]}}