{"id":208519,"date":"2022-06-07T08:01:49","date_gmt":"2022-06-07T12:01:49","guid":{"rendered":"https:\/\/www.ocorreionews.com.br\/acervo-correio\/?p=208519"},"modified":"2022-06-07T08:01:49","modified_gmt":"2022-06-07T12:01:49","slug":"cmas-e-secretaria-de-assistencia-social-realizarao-audiencia-publica-referente-ao-exercicio-de-2021-2","status":"publish","type":"post","link":"https:\/\/www.ocorreionews.com.br\/acervo-correio\/?p=208519","title":{"rendered":"CMAS e Secretaria de Assist\u00eancia Social realizar\u00e3o Audi\u00eancia P\u00fablica referente ao exerc\u00edcio de 2021"},"content":{"rendered":"<p>O Conselho Municipal de Assist\u00eancia Social (CMAS) juntamente com a Secretaria Municipal de Assist\u00eancia Social, vem\u00a0por meio deste informar que\u00a0a Audi\u00eancia P\u00fablica referente ao exerc\u00edcio\u00a0de 2021 da Secretaria Municipal de Assist\u00eancia Social e entidades inscritas no\u00a0CMAS,\u00a0acontecer\u00e1 no dia 09 de junho de 2022, \u00e0s\u00a013:30, no audit\u00f3rio da C\u00e2mara Municipal de Vereadores, localizada na Rua Dezoito, n\u00ba758, esquina com a Avenida Onze, centro.<\/p>\n<p>&nbsp;<\/p>\n<p>Toda a popula\u00e7\u00e3o sul-chapadense est\u00e1 convidada para participar do evento e ser\u00e1 obrigat\u00f3rio a confirma\u00e7\u00e3o da presen\u00e7a at\u00e9 o dia 07\/06\/2022, em raz\u00e3o da necessidade do controle de participantes por conta da capacidade m\u00e1xima de lota\u00e7\u00e3o.<\/p>\n<p>&nbsp;<\/p>\n<p>Vale lembrar que a participa\u00e7\u00e3o da popula\u00e7\u00e3o \u00e9 muito importante para o exerc\u00edcio da cidadania a fim de estarem cientes dos recursos recebidos e executados, bem como dos servi\u00e7os, programas, projetos, benef\u00edcios e a\u00e7\u00f5es dos equipamentos p\u00fablicos e privados da Pol\u00edtica de Assist\u00eancia Social do munic\u00edpio de Chapad\u00e3o do Sul, dando assim transpar\u00eancia a popula\u00e7\u00e3o sul-chapadense.<\/p>\n<p>&nbsp;<\/p>\n<p>A confirma\u00e7\u00e3o da presen\u00e7a dever\u00e1 ser realizada atrav\u00e9s do telefone (67) 3562-2828, falar com Bruna ou Na\u00eds.<\/p>\n","protected":false},"excerpt":{"rendered":"<p>O Conselho Municipal de Assist\u00eancia Social (CMAS) juntamente com a Secretaria Municipal de Assist\u00eancia Social, vem\u00a0por meio deste informar que\u00a0a Audi\u00eancia P\u00fablica referente ao exerc\u00edcio\u00a0de 2021 da Secretaria Municipal de Assist\u00eancia Social e entidades inscritas no\u00a0CMAS,\u00a0acontecer\u00e1 no dia 09 de junho de 2022, \u00e0s\u00a013:30, no audit\u00f3rio da C\u00e2mara Municipal de Vereadores, localizada na Rua Dezoito, [&hellip;]<\/p>\n","protected":false},"author":4,"featured_media":166478,"comment_status":"closed","ping_status":"closed","sticky":false,"template":"","format":"standard","meta":{"footnotes":""},"categories":[23],"tags":[],"class_list":["post-208519","post","type-post","status-publish","format-standard","has-post-thumbnail","hentry","category-chapadao-do-sul"],"_links":{"self":[{"href":"https:\/\/www.ocorreionews.com.br\/acervo-correio\/index.php?rest_route=\/wp\/v2\/posts\/208519","targetHints":{"allow":["GET"]}}],"collection":[{"href":"https:\/\/www.ocorreionews.com.br\/acervo-correio\/index.php?rest_route=\/wp\/v2\/posts"}],"about":[{"href":"https:\/\/www.ocorreionews.com.br\/acervo-correio\/index.php?rest_route=\/wp\/v2\/types\/post"}],"author":[{"embeddable":true,"href":"https:\/\/www.ocorreionews.com.br\/acervo-correio\/index.php?rest_route=\/wp\/v2\/users\/4"}],"replies":[{"embeddable":true,"href":"https:\/\/www.ocorreionews.com.br\/acervo-correio\/index.php?rest_route=%2Fwp%2Fv2%2Fcomments&post=208519"}],"version-history":[{"count":1,"href":"https:\/\/www.ocorreionews.com.br\/acervo-correio\/index.php?rest_route=\/wp\/v2\/posts\/208519\/revisions"}],"predecessor-version":[{"id":208522,"href":"https:\/\/www.ocorreionews.com.br\/acervo-correio\/index.php?rest_route=\/wp\/v2\/posts\/208519\/revisions\/208522"}],"wp:featuredmedia":[{"embeddable":true,"href":"https:\/\/www.ocorreionews.com.br\/acervo-correio\/index.php?rest_route=\/wp\/v2\/media\/166478"}],"wp:attachment":[{"href":"https:\/\/www.ocorreionews.com.br\/acervo-correio\/index.php?rest_route=%2Fwp%2Fv2%2Fmedia&parent=208519"}],"wp:term":[{"taxonomy":"category","embeddable":true,"href":"https:\/\/www.ocorreionews.com.br\/acervo-correio\/index.php?rest_route=%2Fwp%2Fv2%2Fcategories&post=208519"},{"taxonomy":"post_tag","embeddable":true,"href":"https:\/\/www.ocorreionews.com.br\/acervo-correio\/index.php?rest_route=%2Fwp%2Fv2%2Ftags&post=208519"}],"curies":[{"name":"wp","href":"https:\/\/api.w.org\/{rel}","templated":true}]}}