{"id":208530,"date":"2022-06-07T08:09:04","date_gmt":"2022-06-07T12:09:04","guid":{"rendered":"https:\/\/www.ocorreionews.com.br\/acervo-correio\/?p=208530"},"modified":"2022-06-07T08:09:04","modified_gmt":"2022-06-07T12:09:04","slug":"semana-do-meio-ambiente-esta-ocorrendo-em-chapadao-do-sul","status":"publish","type":"post","link":"https:\/\/www.ocorreionews.com.br\/acervo-correio\/?p=208530","title":{"rendered":"Semana do Meio Ambiente est\u00e1 ocorrendo em Chapad\u00e3o do Sul"},"content":{"rendered":"<p>Dia 5 de junho \u00e9 o Dia Mundial do Meio Ambiente, a data mundial foi criada pela Organiza\u00e7\u00e3o das Na\u00e7\u00f5es Unidas, mais especificamente pelo Programa das Na\u00e7\u00f5es Unidas para o Meio Ambiente, em 1974. Anualmente, o Dia Mundial do Meio Ambiente \u00e9 marcado por uma Confer\u00eancia das Na\u00e7\u00f5es Unidas sobre o tema.<\/p>\n<p>Em Chapad\u00e3o do Sul de 06 a 10 de junho a Prefeitura est\u00e1 realizando por meio da Sedema, a Semana do Meio Ambiente, com diversas atividades, dentre elas: doa\u00e7\u00e3o de mudas de \u00e1rvores, ado\u00e7\u00e3o respons\u00e1vel de animais na Sedema (Av. 11, 1000) e descarte adequado de pneus na CTR, dia 06\/06.<\/p>\n<p>Hoje, 07\/06 \u00e0s 11:30, haver\u00e1 uma entrevista na R\u00e1dio Cultura sobre o projeto \u00f3leo na pia, n\u00e3o! E dia 09\/06, quinta \u00e0s 11:30, entrevista sobre descarte de l\u00e2mpadas, pilhas, baterias e eletroeletr\u00f4nicos.<\/p>\n<p>Outras atividades ocorrer\u00e3o ao longo da semana:<\/p>\n<p>Instala\u00e7\u00e3o nos postos de sa\u00fade e hospital das propagandas referentes \u00e0 coleta seletiva\/descarte de \u00f3leo\/descarte de pneus\/descarte de l\u00e2mpadas, pilhas, baterias e eletroeletr\u00f4nicos;<\/p>\n<p>Palestra nas escolas sobre a import\u00e2ncia da preserva\u00e7\u00e3o do meio ambiente;<\/p>\n<p>Lan\u00e7amento do v\u00eddeo sobre preven\u00e7\u00e3o de inc\u00eandios Corpo de Bombeiros (canal youtube Prefeitura de Chapad\u00e3o do Sul);<\/p>\n<p>Mutir\u00e3o de conscientiza\u00e7\u00e3o sobre destina\u00e7\u00e3o correta de res\u00edduos;<\/p>\n<p>Treinamento fiscais CREA-MS sobre destina\u00e7\u00e3o adequada dos RCC;<\/p>\n<p>Visita dos membros do CMMA ao bosque \u2013 quinta, dia 08\/06 \u00e0s 08h (ao lado do Mapper);<\/p>\n<p>Distribui\u00e7\u00e3o de folders e bate-papo sobre melhor aproveitamento dos alimentos\/redu\u00e7\u00e3o dos res\u00edduos org\u00e2nicos \u2013 quinta, dia 08\/06 \u00e0s 08h (ESF Sa\u00fade Lar).<\/p>\n<p>Mais informa\u00e7\u00f5es entre em contato com a Sedema 3562.1821.<\/p>\n<p><span class=\"data fz12 black uppercase\"> Fonte: Assessoria <\/span><\/p>\n","protected":false},"excerpt":{"rendered":"<p>Dia 5 de junho \u00e9 o Dia Mundial do Meio Ambiente, a data mundial foi criada pela Organiza\u00e7\u00e3o das Na\u00e7\u00f5es Unidas, mais especificamente pelo Programa das Na\u00e7\u00f5es Unidas para o Meio Ambiente, em 1974. Anualmente, o Dia Mundial do Meio Ambiente \u00e9 marcado por uma Confer\u00eancia das Na\u00e7\u00f5es Unidas sobre o tema. Em Chapad\u00e3o do [&hellip;]<\/p>\n","protected":false},"author":4,"featured_media":0,"comment_status":"closed","ping_status":"closed","sticky":false,"template":"","format":"standard","meta":{"footnotes":""},"categories":[23],"tags":[],"class_list":["post-208530","post","type-post","status-publish","format-standard","hentry","category-chapadao-do-sul"],"_links":{"self":[{"href":"https:\/\/www.ocorreionews.com.br\/acervo-correio\/index.php?rest_route=\/wp\/v2\/posts\/208530","targetHints":{"allow":["GET"]}}],"collection":[{"href":"https:\/\/www.ocorreionews.com.br\/acervo-correio\/index.php?rest_route=\/wp\/v2\/posts"}],"about":[{"href":"https:\/\/www.ocorreionews.com.br\/acervo-correio\/index.php?rest_route=\/wp\/v2\/types\/post"}],"author":[{"embeddable":true,"href":"https:\/\/www.ocorreionews.com.br\/acervo-correio\/index.php?rest_route=\/wp\/v2\/users\/4"}],"replies":[{"embeddable":true,"href":"https:\/\/www.ocorreionews.com.br\/acervo-correio\/index.php?rest_route=%2Fwp%2Fv2%2Fcomments&post=208530"}],"version-history":[{"count":1,"href":"https:\/\/www.ocorreionews.com.br\/acervo-correio\/index.php?rest_route=\/wp\/v2\/posts\/208530\/revisions"}],"predecessor-version":[{"id":208532,"href":"https:\/\/www.ocorreionews.com.br\/acervo-correio\/index.php?rest_route=\/wp\/v2\/posts\/208530\/revisions\/208532"}],"wp:attachment":[{"href":"https:\/\/www.ocorreionews.com.br\/acervo-correio\/index.php?rest_route=%2Fwp%2Fv2%2Fmedia&parent=208530"}],"wp:term":[{"taxonomy":"category","embeddable":true,"href":"https:\/\/www.ocorreionews.com.br\/acervo-correio\/index.php?rest_route=%2Fwp%2Fv2%2Fcategories&post=208530"},{"taxonomy":"post_tag","embeddable":true,"href":"https:\/\/www.ocorreionews.com.br\/acervo-correio\/index.php?rest_route=%2Fwp%2Fv2%2Ftags&post=208530"}],"curies":[{"name":"wp","href":"https:\/\/api.w.org\/{rel}","templated":true}]}}