{"id":208533,"date":"2022-06-07T08:12:46","date_gmt":"2022-06-07T12:12:46","guid":{"rendered":"https:\/\/www.ocorreionews.com.br\/acervo-correio\/?p=208533"},"modified":"2022-06-07T08:12:46","modified_gmt":"2022-06-07T12:12:46","slug":"prefeito-recebe-visita-do-novo-gerente-do-sicredi-de-paraiso-das-aguas","status":"publish","type":"post","link":"https:\/\/www.ocorreionews.com.br\/acervo-correio\/?p=208533","title":{"rendered":"Prefeito recebe visita do novo gerente do Sicredi de Para\u00edso das \u00c1guas"},"content":{"rendered":"<div class=\"leitura\">\n<p>O prefeito municipal de Para\u00edso das \u00c1guas, An\u00edzio Andrade juntamente com o vice prefeito Roberto Carlos, \u00a0recebeu na tarde desta segunda-feira, dia 06 de junho, a visita do gerente regional do Sicredi Celeiro, Jonas Rog\u00e9rio Kleyn; e \u00a0do ex gerente da ag\u00eancia de Para\u00edso das \u00c1guas, Thiago Cervi que vieram apresentar o novo gerente do Sicredi de Para\u00edso das \u00c1guas, Gilsemar Fazioni, que assumiu a ger\u00eancia na manh\u00e3 desta segunda-feira, dia 06.<\/p>\n<p>Na ocasi\u00e3o, os colaboradores mencionaram que est\u00e3o \u00e0 disposi\u00e7\u00e3o do mun\u00edcipio e abertos a futuras parcerias. O prefeito An\u00edzio Andrade agradeceu a visita e deu boas vindas ao novo gerente da cooperativa de Para\u00edso das \u00c1guas.<\/p>\n<p>&nbsp;<\/p>\n<p>ASSECOM- Prefeitura Municipal de Para\u00edso das \u00c1guas- MS<\/p>\n<\/div>\n","protected":false},"excerpt":{"rendered":"<p>O prefeito municipal de Para\u00edso das \u00c1guas, An\u00edzio Andrade juntamente com o vice prefeito Roberto Carlos, \u00a0recebeu na tarde desta segunda-feira, dia 06 de junho, a visita do gerente regional do Sicredi Celeiro, Jonas Rog\u00e9rio Kleyn; e \u00a0do ex gerente da ag\u00eancia de Para\u00edso das \u00c1guas, Thiago Cervi que vieram apresentar o novo gerente do [&hellip;]<\/p>\n","protected":false},"author":5,"featured_media":208534,"comment_status":"closed","ping_status":"closed","sticky":false,"template":"","format":"standard","meta":{"footnotes":""},"categories":[36],"tags":[],"class_list":["post-208533","post","type-post","status-publish","format-standard","has-post-thumbnail","hentry","category-paraiso-das-aguas"],"_links":{"self":[{"href":"https:\/\/www.ocorreionews.com.br\/acervo-correio\/index.php?rest_route=\/wp\/v2\/posts\/208533","targetHints":{"allow":["GET"]}}],"collection":[{"href":"https:\/\/www.ocorreionews.com.br\/acervo-correio\/index.php?rest_route=\/wp\/v2\/posts"}],"about":[{"href":"https:\/\/www.ocorreionews.com.br\/acervo-correio\/index.php?rest_route=\/wp\/v2\/types\/post"}],"author":[{"embeddable":true,"href":"https:\/\/www.ocorreionews.com.br\/acervo-correio\/index.php?rest_route=\/wp\/v2\/users\/5"}],"replies":[{"embeddable":true,"href":"https:\/\/www.ocorreionews.com.br\/acervo-correio\/index.php?rest_route=%2Fwp%2Fv2%2Fcomments&post=208533"}],"version-history":[{"count":1,"href":"https:\/\/www.ocorreionews.com.br\/acervo-correio\/index.php?rest_route=\/wp\/v2\/posts\/208533\/revisions"}],"predecessor-version":[{"id":208535,"href":"https:\/\/www.ocorreionews.com.br\/acervo-correio\/index.php?rest_route=\/wp\/v2\/posts\/208533\/revisions\/208535"}],"wp:featuredmedia":[{"embeddable":true,"href":"https:\/\/www.ocorreionews.com.br\/acervo-correio\/index.php?rest_route=\/wp\/v2\/media\/208534"}],"wp:attachment":[{"href":"https:\/\/www.ocorreionews.com.br\/acervo-correio\/index.php?rest_route=%2Fwp%2Fv2%2Fmedia&parent=208533"}],"wp:term":[{"taxonomy":"category","embeddable":true,"href":"https:\/\/www.ocorreionews.com.br\/acervo-correio\/index.php?rest_route=%2Fwp%2Fv2%2Fcategories&post=208533"},{"taxonomy":"post_tag","embeddable":true,"href":"https:\/\/www.ocorreionews.com.br\/acervo-correio\/index.php?rest_route=%2Fwp%2Fv2%2Ftags&post=208533"}],"curies":[{"name":"wp","href":"https:\/\/api.w.org\/{rel}","templated":true}]}}