{"id":208540,"date":"2022-06-07T08:50:59","date_gmt":"2022-06-07T12:50:59","guid":{"rendered":"https:\/\/www.ocorreionews.com.br\/acervo-correio\/?p=208540"},"modified":"2022-06-07T08:51:47","modified_gmt":"2022-06-07T12:51:47","slug":"acidente-entre-van-e-caminhao-deixa-2-mortos-e-15-em-estado-grave-em-mt","status":"publish","type":"post","link":"https:\/\/www.ocorreionews.com.br\/acervo-correio\/?p=208540","title":{"rendered":"Acidente entre van e caminh\u00e3o deixa 2 mortos e 15 em estado grave em MT"},"content":{"rendered":"<div class=\"mc-column content-text active-extra-styles \" data-block-type=\"unstyled\" data-block-weight=\"52\" data-block-id=\"2\">\n<p class=\"content-text__container \" data-track-category=\"Link no Texto\" data-track-links=\"\">Duas pessoas morreram, entre elas um beb\u00ea de 10 meses, em um acidente entre uma van e um caminh\u00e3o na MT-449, em Lucas do Rio Verde, no norte do estado, na noite dessa segunda-feira (6). Outras quatro v\u00edtimas foram socorridas em estado grav\u00edssimo e 11 em estado grave. Todas estavam na van.<\/p>\n<p data-track-category=\"Link no Texto\" data-track-links=\"\">\n<\/div>\n<div class=\"wall protected-content\">\n<div class=\"mc-column content-text active-extra-styles \" data-block-type=\"unstyled\" data-block-weight=\"23\" data-block-id=\"3\">\n<p class=\"content-text__container \" data-track-category=\"Link no Texto\" data-track-links=\"\">O Corpo de Bombeiros informou que nove militares foram para o local para ajudar no resgate das v\u00edtimas, sendo algumas presas nas ferragens.<\/p>\n<p data-track-category=\"Link no Texto\" data-track-links=\"\">\n<\/div>\n<div class=\"mc-column content-text active-extra-styles \" data-block-type=\"unstyled\" data-block-weight=\"40\" data-block-id=\"4\">\n<p class=\"content-text__container \" data-track-category=\"Link no Texto\" data-track-links=\"\">Os bombeiros fizeram uma triagem ainda no local do acidente e identificaram que um homem de 54 anos e um beb\u00ea de 10 meses j\u00e1 estavam mortos. Quatro pessoas foram consideradas em estado grav\u00edssimo e encaminhadas com prioridade ao hospital.<\/p>\n<\/div>\n<div class=\"content-ads content-ads--reveal\" data-block-type=\"ads\" data-block-id=\"5\">\n<div><\/div>\n<\/div>\n<div class=\"mc-column content-text active-extra-styles \" data-block-type=\"unstyled\" data-block-weight=\"21\" data-block-id=\"6\">\n<p class=\"content-text__container \" data-track-category=\"Link no Texto\" data-track-links=\"\">Em seguida, a equipe de resgate identificou mais 11 pessoas com ferimentos graves, mas conscientes. Elas tamb\u00e9m foram levadas ao hospital.<\/p>\n<p data-track-category=\"Link no Texto\" data-track-links=\"\">\n<\/div>\n<div class=\"row medium-uncollapsed content-media content-photo\" data-block-type=\"backstage-photo\" data-block-id=\"7\">\n<div class=\"mc-column content-media__container\">\n<div class=\"content-media-container glb-skeleton-box\">\n<figure class=\"content-media-figure\">\n<p><figure style=\"width: 647px\" class=\"wp-caption aligncenter\"><img loading=\"lazy\" decoding=\"async\" class=\"i-amphtml-fill-content i-amphtml-replaced-content\" src=\"https:\/\/s2.glbimg.com\/rYUkJdb0dvEveGtfyYtWnezTZC4=\/0x0:684x437\/984x0\/smart\/filters:strip_icc()\/i.s3.glbimg.com\/v1\/AUTH_59edd422c0c84a879bd37670ae4f538a\/internal_photos\/bs\/2022\/z\/K\/iGsRNhT9AyDBAyMyvx0g\/whatsapp-image-2022-06-07-at-07.42.13-1-.jpeg\" sizes=\"auto, (max-width: 1366px) 648px, 100vw\" srcset=\"https:\/\/s2.glbimg.com\/abSbcMqLcxt01sEl4Y7cczKC-Kk=\/0x0:684x437\/1000x0\/smart\/filters:strip_icc()\/i.s3.glbimg.com\/v1\/AUTH_59edd422c0c84a879bd37670ae4f538a\/internal_photos\/bs\/2022\/z\/K\/iGsRNhT9AyDBAyMyvx0g\/whatsapp-image-2022-06-07-at-07.42.13-1-.jpeg 1000w, https:\/\/s2.glbimg.com\/rYUkJdb0dvEveGtfyYtWnezTZC4=\/0x0:684x437\/984x0\/smart\/filters:strip_icc()\/i.s3.glbimg.com\/v1\/AUTH_59edd422c0c84a879bd37670ae4f538a\/internal_photos\/bs\/2022\/z\/K\/iGsRNhT9AyDBAyMyvx0g\/whatsapp-image-2022-06-07-at-07.42.13-1-.jpeg 984w, https:\/\/s2.glbimg.com\/GVkrbomRxIsI8crId6SSFSxnD64=\/0x0:684x437\/640x0\/smart\/filters:strip_icc()\/i.s3.glbimg.com\/v1\/AUTH_59edd422c0c84a879bd37670ae4f538a\/internal_photos\/bs\/2022\/z\/K\/iGsRNhT9AyDBAyMyvx0g\/whatsapp-image-2022-06-07-at-07.42.13-1-.jpeg 640w, https:\/\/s2.glbimg.com\/ruGdN6lRawMmL407Frafaw30_MU=\/0x0:684x437\/600x0\/smart\/filters:strip_icc()\/i.s3.glbimg.com\/v1\/AUTH_59edd422c0c84a879bd37670ae4f538a\/internal_photos\/bs\/2022\/z\/K\/iGsRNhT9AyDBAyMyvx0g\/whatsapp-image-2022-06-07-at-07.42.13-1-.jpeg 600w\" alt=\"Bombeiros fizeram o resgate de 15 pessoas em estado grave e grav\u00edssimo \u2014 Foto: Joatan de Souza\/reprodu\u00e7\u00e3o\" width=\"647\" height=\"414\" \/><figcaption class=\"wp-caption-text\">Bombeiros fizeram o resgate de 15 pessoas em estado grave e grav\u00edssimo \u2014 Foto: Joatan de Souza\/reprodu\u00e7\u00e3o<\/figcaption><\/figure><\/figure>\n<\/div>\n<p class=\"content-media__description \">\n<\/div>\n<\/div>\n<div class=\"mc-column content-text active-extra-styles \" data-block-type=\"unstyled\" data-block-weight=\"22\" data-block-id=\"8\">\n<p class=\"content-text__container \" data-track-category=\"Link no Texto\" data-track-links=\"\">De acordo com os bombeiros, o motorista do caminh\u00e3o n\u00e3o sofreu nenhum ferimento. Ele permaneceu no local at\u00e9 a chegada das autoridades.<\/p>\n<p data-track-category=\"Link no Texto\" data-track-links=\"\">\n<\/div>\n<div class=\"mc-column content-text active-extra-styles \" data-block-type=\"unstyled\" data-block-weight=\"21\" data-block-id=\"9\">\n<p class=\"content-text__container \" data-track-category=\"Link no Texto\" data-track-links=\"\">A batida, segundo os militares, ocorreu na parte lateral esquerda do caminh\u00e3o, no segundo eixo, enquanto a van colidiu de frente.<\/p>\n<p data-track-category=\"Link no Texto\" data-track-links=\"\">\n<\/div>\n<div class=\"mc-column content-text active-extra-styles \" data-block-type=\"unstyled\" data-block-weight=\"15\" data-block-id=\"10\">\n<p class=\"content-text__container \" data-track-category=\"Link no Texto\" data-track-links=\"\">O local foi isolado e os pertences encontrados das v\u00edtimas foram entregues \u00e0 pol\u00edcia.<\/p>\n<p data-track-category=\"Link no Texto\" data-track-links=\"\">\n<\/div>\n<div class=\"mc-column content-text active-extra-styles \" data-block-type=\"unstyled\" data-block-weight=\"22\" data-block-id=\"11\">\n<p class=\"content-text__container \" data-track-category=\"Link no Texto\" data-track-links=\"\">A Pol\u00edcia Civil e a Per\u00edcia Oficial e Identifica\u00e7\u00e3o T\u00e9cnica (Politec) tamb\u00e9m foram acionadas para retirada dos corpos e investiga\u00e7\u00e3o do caso.<\/p>\n<p class=\"content-publication-data__from\" title=\"g1 MT\">Por g1 MT<\/p>\n<\/div>\n<\/div>\n","protected":false},"excerpt":{"rendered":"<p>Duas pessoas morreram, entre elas um beb\u00ea de 10 meses, em um acidente entre uma van e um caminh\u00e3o na MT-449, em Lucas do Rio Verde, no norte do estado, na noite dessa segunda-feira (6). Outras quatro v\u00edtimas foram socorridas em estado grav\u00edssimo e 11 em estado grave. Todas estavam na van. O Corpo de [&hellip;]<\/p>\n","protected":false},"author":5,"featured_media":208541,"comment_status":"closed","ping_status":"closed","sticky":false,"template":"","format":"standard","meta":{"footnotes":""},"categories":[38],"tags":[],"class_list":["post-208540","post","type-post","status-publish","format-standard","has-post-thumbnail","hentry","category-policia"],"_links":{"self":[{"href":"https:\/\/www.ocorreionews.com.br\/acervo-correio\/index.php?rest_route=\/wp\/v2\/posts\/208540","targetHints":{"allow":["GET"]}}],"collection":[{"href":"https:\/\/www.ocorreionews.com.br\/acervo-correio\/index.php?rest_route=\/wp\/v2\/posts"}],"about":[{"href":"https:\/\/www.ocorreionews.com.br\/acervo-correio\/index.php?rest_route=\/wp\/v2\/types\/post"}],"author":[{"embeddable":true,"href":"https:\/\/www.ocorreionews.com.br\/acervo-correio\/index.php?rest_route=\/wp\/v2\/users\/5"}],"replies":[{"embeddable":true,"href":"https:\/\/www.ocorreionews.com.br\/acervo-correio\/index.php?rest_route=%2Fwp%2Fv2%2Fcomments&post=208540"}],"version-history":[{"count":1,"href":"https:\/\/www.ocorreionews.com.br\/acervo-correio\/index.php?rest_route=\/wp\/v2\/posts\/208540\/revisions"}],"predecessor-version":[{"id":208544,"href":"https:\/\/www.ocorreionews.com.br\/acervo-correio\/index.php?rest_route=\/wp\/v2\/posts\/208540\/revisions\/208544"}],"wp:featuredmedia":[{"embeddable":true,"href":"https:\/\/www.ocorreionews.com.br\/acervo-correio\/index.php?rest_route=\/wp\/v2\/media\/208541"}],"wp:attachment":[{"href":"https:\/\/www.ocorreionews.com.br\/acervo-correio\/index.php?rest_route=%2Fwp%2Fv2%2Fmedia&parent=208540"}],"wp:term":[{"taxonomy":"category","embeddable":true,"href":"https:\/\/www.ocorreionews.com.br\/acervo-correio\/index.php?rest_route=%2Fwp%2Fv2%2Fcategories&post=208540"},{"taxonomy":"post_tag","embeddable":true,"href":"https:\/\/www.ocorreionews.com.br\/acervo-correio\/index.php?rest_route=%2Fwp%2Fv2%2Ftags&post=208540"}],"curies":[{"name":"wp","href":"https:\/\/api.w.org\/{rel}","templated":true}]}}