{"id":210389,"date":"2022-06-28T07:09:24","date_gmt":"2022-06-28T11:09:24","guid":{"rendered":"https:\/\/www.ocorreionews.com.br\/acervo-correio\/?p=210389"},"modified":"2022-06-28T07:09:24","modified_gmt":"2022-06-28T11:09:24","slug":"ctg-de-chapadao-do-sul-vai-ser-sede-da-16o-rodeio-artistico-e-cultural-de-ms","status":"publish","type":"post","link":"https:\/\/www.ocorreionews.com.br\/acervo-correio\/?p=210389","title":{"rendered":"CTG de Chapad\u00e3o do Sul vai ser sede da 16\u00ba Rodeio Art\u00edstico e Cultural de MS"},"content":{"rendered":"<p>O CTG &#8211; Cultivando a Tradi\u00e7\u00e3o de Chapad\u00e3o do Sul, vai ser sede da 16\u00ba Edi\u00e7\u00e3o do <span class=\"_aacl _aaco _aacu _aacx _aad7 _aade\">Rodeio Art\u00edstico e Cultural de Matogrosso do Sul nos dias 30 e 31 de julho. <\/span><\/p>\n<p><span class=\"_aacl _aaco _aacu _aacx _aad7 _aade\">A Patronagem est\u00e1 preparando uma grande programa\u00e7\u00e3o\u00a0 para o retorno da maior integra\u00e7\u00e3o gauchesca do nosso estado.<\/span><\/p>\n<p>Em breve toda a programa\u00e7\u00e3o do Rodeio Cultural, que tem apresenta\u00e7\u00f5es de dan\u00e7as, jogos de Bocha, Prosas, musicas , entre outras atra\u00e7\u00f5es;<\/p>\n<p><a href=\"https:\/\/www.ocorreionews.com.br\/acervo-correio\/wp-content\/uploads\/2022\/06\/rodeio-ctg.jpg\"><img loading=\"lazy\" decoding=\"async\" class=\"alignnone size-full wp-image-210390\" src=\"https:\/\/www.ocorreionews.com.br\/acervo-correio\/wp-content\/uploads\/2022\/06\/rodeio-ctg.jpg\" alt=\"\" width=\"633\" height=\"490\" srcset=\"https:\/\/www.ocorreionews.com.br\/acervo-correio\/wp-content\/uploads\/2022\/06\/rodeio-ctg.jpg 633w, https:\/\/www.ocorreionews.com.br\/acervo-correio\/wp-content\/uploads\/2022\/06\/rodeio-ctg-300x232.jpg 300w\" sizes=\"auto, (max-width: 633px) 100vw, 633px\" \/><\/a><\/p>\n","protected":false},"excerpt":{"rendered":"<p>O CTG &#8211; Cultivando a Tradi\u00e7\u00e3o de Chapad\u00e3o do Sul, vai ser sede da 16\u00ba Edi\u00e7\u00e3o do Rodeio Art\u00edstico e Cultural de Matogrosso do Sul nos dias 30 e 31 de julho. A Patronagem est\u00e1 preparando uma grande programa\u00e7\u00e3o\u00a0 para o retorno da maior integra\u00e7\u00e3o gauchesca do nosso estado. Em breve toda a programa\u00e7\u00e3o do [&hellip;]<\/p>\n","protected":false},"author":4,"featured_media":210390,"comment_status":"closed","ping_status":"closed","sticky":false,"template":"","format":"standard","meta":{"footnotes":""},"categories":[23,41],"tags":[],"class_list":["post-210389","post","type-post","status-publish","format-standard","has-post-thumbnail","hentry","category-chapadao-do-sul","category-destaque"],"_links":{"self":[{"href":"https:\/\/www.ocorreionews.com.br\/acervo-correio\/index.php?rest_route=\/wp\/v2\/posts\/210389","targetHints":{"allow":["GET"]}}],"collection":[{"href":"https:\/\/www.ocorreionews.com.br\/acervo-correio\/index.php?rest_route=\/wp\/v2\/posts"}],"about":[{"href":"https:\/\/www.ocorreionews.com.br\/acervo-correio\/index.php?rest_route=\/wp\/v2\/types\/post"}],"author":[{"embeddable":true,"href":"https:\/\/www.ocorreionews.com.br\/acervo-correio\/index.php?rest_route=\/wp\/v2\/users\/4"}],"replies":[{"embeddable":true,"href":"https:\/\/www.ocorreionews.com.br\/acervo-correio\/index.php?rest_route=%2Fwp%2Fv2%2Fcomments&post=210389"}],"version-history":[{"count":1,"href":"https:\/\/www.ocorreionews.com.br\/acervo-correio\/index.php?rest_route=\/wp\/v2\/posts\/210389\/revisions"}],"predecessor-version":[{"id":210391,"href":"https:\/\/www.ocorreionews.com.br\/acervo-correio\/index.php?rest_route=\/wp\/v2\/posts\/210389\/revisions\/210391"}],"wp:featuredmedia":[{"embeddable":true,"href":"https:\/\/www.ocorreionews.com.br\/acervo-correio\/index.php?rest_route=\/wp\/v2\/media\/210390"}],"wp:attachment":[{"href":"https:\/\/www.ocorreionews.com.br\/acervo-correio\/index.php?rest_route=%2Fwp%2Fv2%2Fmedia&parent=210389"}],"wp:term":[{"taxonomy":"category","embeddable":true,"href":"https:\/\/www.ocorreionews.com.br\/acervo-correio\/index.php?rest_route=%2Fwp%2Fv2%2Fcategories&post=210389"},{"taxonomy":"post_tag","embeddable":true,"href":"https:\/\/www.ocorreionews.com.br\/acervo-correio\/index.php?rest_route=%2Fwp%2Fv2%2Ftags&post=210389"}],"curies":[{"name":"wp","href":"https:\/\/api.w.org\/{rel}","templated":true}]}}