{"id":210392,"date":"2022-06-28T07:30:09","date_gmt":"2022-06-28T11:30:09","guid":{"rendered":"https:\/\/www.ocorreionews.com.br\/acervo-correio\/?p=210392"},"modified":"2022-06-28T07:30:09","modified_gmt":"2022-06-28T11:30:09","slug":"criada-associacao-dos-piscicultores-de-costa-rica-e-regiao","status":"publish","type":"post","link":"https:\/\/www.ocorreionews.com.br\/acervo-correio\/?p=210392","title":{"rendered":"Criada Associa\u00e7\u00e3o dos Piscicultores de Costa Rica e Regi\u00e3o"},"content":{"rendered":"<div class=\"ntc_cont_descricao_noticia sw_txteditor\">Foi realizada na \u00faltima sexta-feira (24), na sala de reuni\u00f5es do pa\u00e7o municipal, na cidade de Costa Rica, a assembleia de funda\u00e7\u00e3o e elei\u00e7\u00e3o da diretoria e conselho fiscal da APROPEIXE (Associa\u00e7\u00e3o dos Piscicultores de Costa Rica e Regi\u00e3o).<\/p>\n<p>O objetivo da entidade, al\u00e9m da organiza\u00e7\u00e3o da comunidade envolvida, \u00e9 estimular a produ\u00e7\u00e3o de peixes na regi\u00e3o, primando pelo desenvolvimento sustent\u00e1vel de cada propriedade rural participante; \u00e9 unir for\u00e7as para buscar incentivos e novas t\u00e9cnicas de produ\u00e7\u00e3o e ainda facilitar conjuntamente a comercializa\u00e7\u00e3o e escoamento daquilo que for produzido.<\/p>\n<p>Dentro das a\u00e7\u00f5es do Programa AgroRica, o Governo Municipal de Costa Rica, por meio da SEMAD (Secretaria Municipal de Agricultura e Desenvolvimento) em parceria com a Agraer (Ag\u00eancia de Desenvolvimento Agr\u00e1rio e Extens\u00e3o Rural), Senar-AR\/MS (Servi\u00e7o Nacional de Aprendizagem Rural\u00a0de MS) e Sindicato Rural, oferece todo suporte necess\u00e1rio via programa \u2018Neg\u00f3cio Certo Rural\u2019, para fomentar a implanta\u00e7\u00e3o da Piscicultura no Munic\u00edpio, e com isso incentivou \u00e0 cria\u00e7\u00e3o da primeira Associa\u00e7\u00e3o dos Piscicultores de Costa Rica e Regi\u00e3o.<\/p>\n<p>Durante todo processo de discuss\u00e3o, elabora\u00e7\u00e3o do estatuto e elei\u00e7\u00e3o da diretoria, o grupo contou com o apoio e orienta\u00e7\u00e3o da equipe e parceiros da SEMAD que estiveram presentes em todas as reuni\u00f5es, conduzindo os trabalhos.<\/p>\n<p>De acordo com o secret\u00e1rio da pasta, Fernando Barbosa Martins, com a associa\u00e7\u00e3o formalizada, haver\u00e1 muitos benef\u00edcios para o produtor, que poder\u00e1 trabalhar de uma maneira organizada, com um enfoque na produ\u00e7\u00e3o e na comercializa\u00e7\u00e3o. \u201cSer\u00e3o muitos benef\u00edcios, a come\u00e7ar na aquisi\u00e7\u00e3o de insumos, pois ter\u00e1 melhores pre\u00e7os, fazendo assim o custo da produ\u00e7\u00e3o reduzir o suficiente para garantir o lucro do produtor\u201d, completa Barbosa.<\/p>\n<p>Na ocasi\u00e3o foi escolhida por aclama\u00e7\u00e3o para um mandato de 2 anos, a diretoria e o conselho fiscal, sendo eleito para presidente da APROPEIXE, Aparecido Lacerda de Jesus In\u00e1cio, secret\u00e1rio Daniel de Souza Martins, Tesoureiro Jovair Garcia Souza, Suplente Jos\u00e9 Carlos Agulh\u00f3; Conselho Fiscal (titulares) \u2013 Marco Suel Santos Almeida, Wesley Campos Machado, Ad\u00e3o Amorim da Silva e suplente, Ant\u00f4nio Furquim de Campos.<\/p>\n<p>A APROPEIXE \u00e9 uma institui\u00e7\u00e3o civil, sem fins lucrativos, composta por elementos da cadeia produtiva da piscicultura de Costa Rica e regi\u00e3o e ter\u00e1 como meta, realizar conv\u00eanios com \u00f3rg\u00e3os governamentais, e n\u00e3o governamentais com m\u00fatua colabora\u00e7\u00e3o entre os s\u00f3cios, visando \u00e0 presta\u00e7\u00e3o, pela entidade, de quaisquer servi\u00e7os que possam contribuir para o fomento e racionaliza\u00e7\u00e3o das atividades agropecu\u00e1rias e para melhorar as condi\u00e7\u00f5es de vida de seus integrantes, com especial \u00eanfase na divulga\u00e7\u00e3o de mat\u00e9rias relacionadas a t\u00e9cnicas de produ\u00e7\u00e3o e manejo, mercado e pre\u00e7os, melhoria de qualidade e de produtividade e preserva\u00e7\u00e3o do meio ambiente.\n<\/p><\/div>\n<div class=\"ntc_area_info_noticia sw_lato\">\n<div>\n<div class=\"ntc_info_noticia\"><strong class=\"sw_lato_black\">Fonte: <\/strong>Assessoria de Comunica\u00e7\u00e3o &#8211; PMCR<\/div>\n<div class=\"ntc_info_noticia\"><strong class=\"sw_lato_black\">Autor: <\/strong>Silvestre de Castro &#8211; Jornalista e Radialist<\/div>\n<\/div>\n<\/div>\n","protected":false},"excerpt":{"rendered":"<p>Foi realizada na \u00faltima sexta-feira (24), na sala de reuni\u00f5es do pa\u00e7o municipal, na cidade de Costa Rica, a assembleia de funda\u00e7\u00e3o e elei\u00e7\u00e3o da diretoria e conselho fiscal da APROPEIXE (Associa\u00e7\u00e3o dos Piscicultores de Costa Rica e Regi\u00e3o). O objetivo da entidade, al\u00e9m da organiza\u00e7\u00e3o da comunidade envolvida, \u00e9 estimular a produ\u00e7\u00e3o de peixes [&hellip;]<\/p>\n","protected":false},"author":4,"featured_media":210393,"comment_status":"closed","ping_status":"closed","sticky":false,"template":"","format":"standard","meta":{"footnotes":""},"categories":[25],"tags":[],"class_list":["post-210392","post","type-post","status-publish","format-standard","has-post-thumbnail","hentry","category-costa-rica"],"_links":{"self":[{"href":"https:\/\/www.ocorreionews.com.br\/acervo-correio\/index.php?rest_route=\/wp\/v2\/posts\/210392","targetHints":{"allow":["GET"]}}],"collection":[{"href":"https:\/\/www.ocorreionews.com.br\/acervo-correio\/index.php?rest_route=\/wp\/v2\/posts"}],"about":[{"href":"https:\/\/www.ocorreionews.com.br\/acervo-correio\/index.php?rest_route=\/wp\/v2\/types\/post"}],"author":[{"embeddable":true,"href":"https:\/\/www.ocorreionews.com.br\/acervo-correio\/index.php?rest_route=\/wp\/v2\/users\/4"}],"replies":[{"embeddable":true,"href":"https:\/\/www.ocorreionews.com.br\/acervo-correio\/index.php?rest_route=%2Fwp%2Fv2%2Fcomments&post=210392"}],"version-history":[{"count":1,"href":"https:\/\/www.ocorreionews.com.br\/acervo-correio\/index.php?rest_route=\/wp\/v2\/posts\/210392\/revisions"}],"predecessor-version":[{"id":210394,"href":"https:\/\/www.ocorreionews.com.br\/acervo-correio\/index.php?rest_route=\/wp\/v2\/posts\/210392\/revisions\/210394"}],"wp:featuredmedia":[{"embeddable":true,"href":"https:\/\/www.ocorreionews.com.br\/acervo-correio\/index.php?rest_route=\/wp\/v2\/media\/210393"}],"wp:attachment":[{"href":"https:\/\/www.ocorreionews.com.br\/acervo-correio\/index.php?rest_route=%2Fwp%2Fv2%2Fmedia&parent=210392"}],"wp:term":[{"taxonomy":"category","embeddable":true,"href":"https:\/\/www.ocorreionews.com.br\/acervo-correio\/index.php?rest_route=%2Fwp%2Fv2%2Fcategories&post=210392"},{"taxonomy":"post_tag","embeddable":true,"href":"https:\/\/www.ocorreionews.com.br\/acervo-correio\/index.php?rest_route=%2Fwp%2Fv2%2Ftags&post=210392"}],"curies":[{"name":"wp","href":"https:\/\/api.w.org\/{rel}","templated":true}]}}