{"id":210395,"date":"2022-06-28T07:35:55","date_gmt":"2022-06-28T11:35:55","guid":{"rendered":"https:\/\/www.ocorreionews.com.br\/acervo-correio\/?p=210395"},"modified":"2022-06-28T07:35:55","modified_gmt":"2022-06-28T11:35:55","slug":"chapadao-do-sul-realiza-campanha-junho-prata","status":"publish","type":"post","link":"https:\/\/www.ocorreionews.com.br\/acervo-correio\/?p=210395","title":{"rendered":"Chapad\u00e3o do Sul realiza Campanha Junho Prata"},"content":{"rendered":"<p>A Prefeitura Municipal de Chapad\u00e3o do Sul, atrav\u00e9s da Secretaria Municipal de Assist\u00eancia Social, por meio Centro de Conviv\u00eancia do Idoso\/Conviver, em alus\u00e3o \u00e0 Campanha Junho Prata, realizou, na tarde de quinta-feira, 23, uma roda de conversa com grupo de idosos do Servi\u00e7o de Conviv\u00eancia e Fortalecimento de V\u00ednculos \u2013 SCFV, com tema Enfrentamento \u00e0 Viol\u00eancia contra a Pessoa Idosa.<\/p>\n<p>O encontro contou com a participa\u00e7\u00e3o do Conselho Municipal de Direito do Idoso \u2013 CMDI, que manifestou apoio \u00e0 campanha.<\/p>\n<p><a href=\"https:\/\/www.ocorreionews.com.br\/acervo-correio\/wp-content\/uploads\/2022\/06\/junho-prata2.jpg\"><img loading=\"lazy\" decoding=\"async\" class=\"alignnone size-full wp-image-210397\" src=\"https:\/\/www.ocorreionews.com.br\/acervo-correio\/wp-content\/uploads\/2022\/06\/junho-prata2.jpg\" alt=\"\" width=\"800\" height=\"600\" srcset=\"https:\/\/www.ocorreionews.com.br\/acervo-correio\/wp-content\/uploads\/2022\/06\/junho-prata2.jpg 800w, https:\/\/www.ocorreionews.com.br\/acervo-correio\/wp-content\/uploads\/2022\/06\/junho-prata2-300x225.jpg 300w, https:\/\/www.ocorreionews.com.br\/acervo-correio\/wp-content\/uploads\/2022\/06\/junho-prata2-768x576.jpg 768w, https:\/\/www.ocorreionews.com.br\/acervo-correio\/wp-content\/uploads\/2022\/06\/junho-prata2-86x64.jpg 86w\" sizes=\"auto, (max-width: 800px) 100vw, 800px\" \/><\/a><\/p>\n<p>Foi apresentado v\u00eddeo sobre o tema, discutido os tipos de viol\u00eancias e como ocorre sua progress\u00e3o, apresentando os \u00f3rg\u00e3os e autoridades locais onde fazer as den\u00fancias, que podem ser an\u00f4nimas, e tamb\u00e9m o Disque Direitos Humanos &#8211; Disque 100, um servi\u00e7o de dissemina\u00e7\u00e3o de informa\u00e7\u00f5es sobre direitos de grupos vulner\u00e1veis e de den\u00fancias de viola\u00e7\u00f5es de direitos humanos.<\/p>\n<p>Os participantes receberam o VIOLENT\u00d4METRO impresso, que tamb\u00e9m ser\u00e1 distribu\u00eddo na sociedade, enfatizando a necessidade de envolvimento da comunidade na causa, tanto para inibir esse tipo de viol\u00eancia, quanto para denunciar.<\/p>\n<p>A Secretaria de Assist\u00eancia Social participou ativamente na elabora\u00e7\u00e3o da campanha, que contou com a atua\u00e7\u00e3o e a colabora\u00e7\u00e3o imprescind\u00edvel da secret\u00e1ria Maria das Dores Zocal Krug, que est\u00e1 dando todo apoio e incentivo \u00e0s a\u00e7\u00f5es.<\/p>\n<p><strong>Entenda a campanha<\/strong><\/p>\n<p>Junho Prata foi institu\u00eddo pela Lei 5.215\/2018, com o objetivo de unir esfor\u00e7os para conscientizar a popula\u00e7\u00e3o quanto \u00e0 import\u00e2ncia do respeito \u00e0 integridade f\u00edsica e ps\u00edquica da pessoa idosa e estimular a den\u00fancia de a\u00e7\u00f5es violentas contra os idosos.<\/p>\n<p>Todos n\u00f3s temos o dever de proteger os direitos das pessoas idosas. Fingir que nada acontece \u00e9 uma forma de viol\u00eancia, cuide e proteja. <strong>Disque 100<\/strong><\/p>\n<p>Assecom<\/p>\n<p>&nbsp;<\/p>\n<p>&nbsp;<\/p>\n<p>&nbsp;<\/p>\n<p>&nbsp;<\/p>\n","protected":false},"excerpt":{"rendered":"<p>A Prefeitura Municipal de Chapad\u00e3o do Sul, atrav\u00e9s da Secretaria Municipal de Assist\u00eancia Social, por meio Centro de Conviv\u00eancia do Idoso\/Conviver, em alus\u00e3o \u00e0 Campanha Junho Prata, realizou, na tarde de quinta-feira, 23, uma roda de conversa com grupo de idosos do Servi\u00e7o de Conviv\u00eancia e Fortalecimento de V\u00ednculos \u2013 SCFV, com tema Enfrentamento \u00e0 [&hellip;]<\/p>\n","protected":false},"author":4,"featured_media":210396,"comment_status":"closed","ping_status":"closed","sticky":false,"template":"","format":"standard","meta":{"footnotes":""},"categories":[23],"tags":[],"class_list":["post-210395","post","type-post","status-publish","format-standard","has-post-thumbnail","hentry","category-chapadao-do-sul"],"_links":{"self":[{"href":"https:\/\/www.ocorreionews.com.br\/acervo-correio\/index.php?rest_route=\/wp\/v2\/posts\/210395","targetHints":{"allow":["GET"]}}],"collection":[{"href":"https:\/\/www.ocorreionews.com.br\/acervo-correio\/index.php?rest_route=\/wp\/v2\/posts"}],"about":[{"href":"https:\/\/www.ocorreionews.com.br\/acervo-correio\/index.php?rest_route=\/wp\/v2\/types\/post"}],"author":[{"embeddable":true,"href":"https:\/\/www.ocorreionews.com.br\/acervo-correio\/index.php?rest_route=\/wp\/v2\/users\/4"}],"replies":[{"embeddable":true,"href":"https:\/\/www.ocorreionews.com.br\/acervo-correio\/index.php?rest_route=%2Fwp%2Fv2%2Fcomments&post=210395"}],"version-history":[{"count":1,"href":"https:\/\/www.ocorreionews.com.br\/acervo-correio\/index.php?rest_route=\/wp\/v2\/posts\/210395\/revisions"}],"predecessor-version":[{"id":210398,"href":"https:\/\/www.ocorreionews.com.br\/acervo-correio\/index.php?rest_route=\/wp\/v2\/posts\/210395\/revisions\/210398"}],"wp:featuredmedia":[{"embeddable":true,"href":"https:\/\/www.ocorreionews.com.br\/acervo-correio\/index.php?rest_route=\/wp\/v2\/media\/210396"}],"wp:attachment":[{"href":"https:\/\/www.ocorreionews.com.br\/acervo-correio\/index.php?rest_route=%2Fwp%2Fv2%2Fmedia&parent=210395"}],"wp:term":[{"taxonomy":"category","embeddable":true,"href":"https:\/\/www.ocorreionews.com.br\/acervo-correio\/index.php?rest_route=%2Fwp%2Fv2%2Fcategories&post=210395"},{"taxonomy":"post_tag","embeddable":true,"href":"https:\/\/www.ocorreionews.com.br\/acervo-correio\/index.php?rest_route=%2Fwp%2Fv2%2Ftags&post=210395"}],"curies":[{"name":"wp","href":"https:\/\/api.w.org\/{rel}","templated":true}]}}