{"id":210399,"date":"2022-06-28T07:44:23","date_gmt":"2022-06-28T11:44:23","guid":{"rendered":"https:\/\/www.ocorreionews.com.br\/acervo-correio\/?p=210399"},"modified":"2022-06-28T07:44:23","modified_gmt":"2022-06-28T11:44:23","slug":"neste-sabado-quermesse-de-sao-pedro","status":"publish","type":"post","link":"https:\/\/www.ocorreionews.com.br\/acervo-correio\/?p=210399","title":{"rendered":"Neste s\u00e1bado quermesse de S\u00e3o Pedro"},"content":{"rendered":"<p><span class=\"d2edcug0 hpfvmrgz qv66sw1b c1et5uql lr9zc1uh a8c37x1j fe6kdd0r mau55g9w c8b282yb keod5gw0 nxhoafnm aigsh9s9 d3f4x2em iv3no6db jq4qci2q a3bd9o3v b1v8xokw oo9gr5id hzawbc8m\" dir=\"auto\">Neste s\u00e1bado 02 de Julho, a Igreja Cat\u00f3lica de Chapad\u00e3o do Sul, inicia as comemora\u00e7\u00f5es do Padroeiro da cidade S\u00e3o Pedro, com a realiza\u00e7\u00e3o da <\/span><span class=\"d2edcug0 hpfvmrgz qv66sw1b c1et5uql lr9zc1uh a8c37x1j fe6kdd0r mau55g9w c8b282yb keod5gw0 nxhoafnm aigsh9s9 d3f4x2em iv3no6db jq4qci2q a3bd9o3v b1v8xokw oo9gr5id hzawbc8m\" dir=\"auto\">tradicional Quermesse de S\u00e3o Pedro. <\/span><\/p>\n<p><span class=\"d2edcug0 hpfvmrgz qv66sw1b c1et5uql lr9zc1uh a8c37x1j fe6kdd0r mau55g9w c8b282yb keod5gw0 nxhoafnm aigsh9s9 d3f4x2em iv3no6db jq4qci2q a3bd9o3v b1v8xokw oo9gr5id hzawbc8m\" dir=\"auto\">A Quermesse ser\u00e1 realizada\u00a0 no sal\u00e3o paroquial, a partir das 18hs00 MS.\u00a0 Aguardamos voc\u00ea e sua fam\u00edlia.<\/span><\/p>\n<p><a href=\"https:\/\/www.ocorreionews.com.br\/acervo-correio\/wp-content\/uploads\/2022\/06\/quermesse.jpg\"><img loading=\"lazy\" decoding=\"async\" class=\"alignnone size-full wp-image-210400\" src=\"https:\/\/www.ocorreionews.com.br\/acervo-correio\/wp-content\/uploads\/2022\/06\/quermesse.jpg\" alt=\"\" width=\"480\" height=\"600\" srcset=\"https:\/\/www.ocorreionews.com.br\/acervo-correio\/wp-content\/uploads\/2022\/06\/quermesse.jpg 480w, https:\/\/www.ocorreionews.com.br\/acervo-correio\/wp-content\/uploads\/2022\/06\/quermesse-240x300.jpg 240w\" sizes=\"auto, (max-width: 480px) 100vw, 480px\" \/><\/a><\/p>\n","protected":false},"excerpt":{"rendered":"<p>Neste s\u00e1bado 02 de Julho, a Igreja Cat\u00f3lica de Chapad\u00e3o do Sul, inicia as comemora\u00e7\u00f5es do Padroeiro da cidade S\u00e3o Pedro, com a realiza\u00e7\u00e3o da tradicional Quermesse de S\u00e3o Pedro. A Quermesse ser\u00e1 realizada\u00a0 no sal\u00e3o paroquial, a partir das 18hs00 MS.\u00a0 Aguardamos voc\u00ea e sua fam\u00edlia.<\/p>\n","protected":false},"author":4,"featured_media":210400,"comment_status":"closed","ping_status":"closed","sticky":false,"template":"","format":"standard","meta":{"footnotes":""},"categories":[23,41],"tags":[],"class_list":["post-210399","post","type-post","status-publish","format-standard","has-post-thumbnail","hentry","category-chapadao-do-sul","category-destaque"],"_links":{"self":[{"href":"https:\/\/www.ocorreionews.com.br\/acervo-correio\/index.php?rest_route=\/wp\/v2\/posts\/210399","targetHints":{"allow":["GET"]}}],"collection":[{"href":"https:\/\/www.ocorreionews.com.br\/acervo-correio\/index.php?rest_route=\/wp\/v2\/posts"}],"about":[{"href":"https:\/\/www.ocorreionews.com.br\/acervo-correio\/index.php?rest_route=\/wp\/v2\/types\/post"}],"author":[{"embeddable":true,"href":"https:\/\/www.ocorreionews.com.br\/acervo-correio\/index.php?rest_route=\/wp\/v2\/users\/4"}],"replies":[{"embeddable":true,"href":"https:\/\/www.ocorreionews.com.br\/acervo-correio\/index.php?rest_route=%2Fwp%2Fv2%2Fcomments&post=210399"}],"version-history":[{"count":1,"href":"https:\/\/www.ocorreionews.com.br\/acervo-correio\/index.php?rest_route=\/wp\/v2\/posts\/210399\/revisions"}],"predecessor-version":[{"id":210401,"href":"https:\/\/www.ocorreionews.com.br\/acervo-correio\/index.php?rest_route=\/wp\/v2\/posts\/210399\/revisions\/210401"}],"wp:featuredmedia":[{"embeddable":true,"href":"https:\/\/www.ocorreionews.com.br\/acervo-correio\/index.php?rest_route=\/wp\/v2\/media\/210400"}],"wp:attachment":[{"href":"https:\/\/www.ocorreionews.com.br\/acervo-correio\/index.php?rest_route=%2Fwp%2Fv2%2Fmedia&parent=210399"}],"wp:term":[{"taxonomy":"category","embeddable":true,"href":"https:\/\/www.ocorreionews.com.br\/acervo-correio\/index.php?rest_route=%2Fwp%2Fv2%2Fcategories&post=210399"},{"taxonomy":"post_tag","embeddable":true,"href":"https:\/\/www.ocorreionews.com.br\/acervo-correio\/index.php?rest_route=%2Fwp%2Fv2%2Ftags&post=210399"}],"curies":[{"name":"wp","href":"https:\/\/api.w.org\/{rel}","templated":true}]}}