{"id":210644,"date":"2022-06-30T13:49:30","date_gmt":"2022-06-30T17:49:30","guid":{"rendered":"https:\/\/www.ocorreionews.com.br\/acervo-correio\/?p=210644"},"modified":"2022-06-30T13:49:30","modified_gmt":"2022-06-30T17:49:30","slug":"bolsonaro-toma-garapa-em-campo-grande-e-emociona-vendedor-emocao-servir-o-presidente","status":"publish","type":"post","link":"https:\/\/www.ocorreionews.com.br\/acervo-correio\/?p=210644","title":{"rendered":"Bolsonaro toma garapa em Campo Grande e emociona vendedor: &#8216;Emo\u00e7\u00e3o servir o presidente&#8217;"},"content":{"rendered":"<p>A quinta-feira (30), foi um dia feliz para o vendedor de garapa H\u00e9lio Fagundes, de 66 anos. Ele aguardava a chegada de Jair Bolsonaro (PL), e colocou um cartaz em frente ao seu com\u00e9rcio convidando o Presidente para \u2018tomar garapa\u2019.<\/p>\n<p>A Banca de H\u00e9lio fica bem em frente ao <a class=\"st_tag internal_tag \" title=\"not\u00edcias sobre evento\" href=\"https:\/\/midiamax.uol.com.br\/tag\/evento\/\" rel=\"tag\">evento<\/a> que Bolsonaro participou na manh\u00e3 desta quinta-feira (30), em <a href=\"https:\/\/www.campogrande.ms.gov.br\/\" target=\"_blank\" rel=\"noreferrer noopener\">Campo Grande<\/a>. O vendedor contou que quando o presidente passou pelo local e viu o cartaz prometeu que voltaria.<\/p>\n<figure class=\"wp-block-gallery has-nested-images columns-default is-cropped\">\n<figure class=\"wp-block-image size-large\"><picture><source srcset=\"https:\/\/midiamax.uol.com.br\/wp-content\/uploads\/2022\/06\/garapa1-1.jpeg.webp 1013w, https:\/\/midiamax.uol.com.br\/wp-content\/uploads\/2022\/06\/garapa1-1-300x198.jpeg.webp 300w, https:\/\/midiamax.uol.com.br\/wp-content\/uploads\/2022\/06\/garapa1-1-768x508.jpeg.webp 768w\" type=\"image\/webp\" sizes=\"(max-width: 1013px) 100vw, 1013px\" \/><img loading=\"lazy\" decoding=\"async\" class=\"wp-image-1130380\" title=\"Bolsonaro toma garapa em Campo Grande e emociona vendedor: 'Emo\u00e7\u00e3o servir o presidente' 2\" src=\"https:\/\/midiamax.uol.com.br\/wp-content\/uploads\/2022\/06\/garapa1-1.jpeg\" sizes=\"auto, (max-width: 1013px) 100vw, 1013px\" srcset=\"https:\/\/midiamax.uol.com.br\/wp-content\/uploads\/2022\/06\/garapa1-1.jpeg 1013w, https:\/\/midiamax.uol.com.br\/wp-content\/uploads\/2022\/06\/garapa1-1-300x198.jpeg 300w, https:\/\/midiamax.uol.com.br\/wp-content\/uploads\/2022\/06\/garapa1-1-768x508.jpeg 768w\" alt=\"garapa1 1 - Bolsonaro toma garapa em Campo Grande e emociona vendedor: 'Emo\u00e7\u00e3o servir o presidente'\" width=\"1013\" height=\"670\" data-id=\"1130380\" data-eio=\"p\" \/><\/picture><\/figure>\n<\/figure>\n<p>\u201cEle passou e viu o meu cartaz e disse que voltaria e veio mesmo. Disse que tinha uma d\u00edvida comigo e que ela estava paga\u201d, relatou.<\/p>\n<p>A filha de H\u00e9lio, Kelly Cristina Fernandes, de 30 anos, falou que os seguran\u00e7as do presidente foram at\u00e9 o com\u00e9rcio e retiraram todos os objetos considerados cortantes.<\/p>\n<p>\u201cOs seguran\u00e7as foram antes do Bolsonaro e deixaram tudo pronto. Servi um copo de garapa com bastante gelo para ele\u201d, contou.<\/p>\n<p>Bolsonaro chegou a Campo Grande nesta manh\u00e3, acompanhado do Ministro de Desenvolvimento Regional, Daniel Ferreira. A comitiva presidencial participa da entrega de 300 apartamentos do Residencial Jardim Canguru, localizado no Bairro Centro Oeste, regi\u00e3o do Anhanduizinho, na Capital.<\/p>\n<p>&nbsp;<\/p>\n<p>&nbsp;<\/p>\n<p>*Midiamax &#8211; Anna Gomes<\/p>\n","protected":false},"excerpt":{"rendered":"<p>A quinta-feira (30), foi um dia feliz para o vendedor de garapa H\u00e9lio Fagundes, de 66 anos. Ele aguardava a chegada de Jair Bolsonaro (PL), e colocou um cartaz em frente ao seu com\u00e9rcio convidando o Presidente para \u2018tomar garapa\u2019. A Banca de H\u00e9lio fica bem em frente ao evento que Bolsonaro participou na manh\u00e3 [&hellip;]<\/p>\n","protected":false},"author":5,"featured_media":210645,"comment_status":"closed","ping_status":"closed","sticky":false,"template":"","format":"standard","meta":{"footnotes":""},"categories":[37],"tags":[],"class_list":["post-210644","post","type-post","status-publish","format-standard","has-post-thumbnail","hentry","category-politica"],"_links":{"self":[{"href":"https:\/\/www.ocorreionews.com.br\/acervo-correio\/index.php?rest_route=\/wp\/v2\/posts\/210644","targetHints":{"allow":["GET"]}}],"collection":[{"href":"https:\/\/www.ocorreionews.com.br\/acervo-correio\/index.php?rest_route=\/wp\/v2\/posts"}],"about":[{"href":"https:\/\/www.ocorreionews.com.br\/acervo-correio\/index.php?rest_route=\/wp\/v2\/types\/post"}],"author":[{"embeddable":true,"href":"https:\/\/www.ocorreionews.com.br\/acervo-correio\/index.php?rest_route=\/wp\/v2\/users\/5"}],"replies":[{"embeddable":true,"href":"https:\/\/www.ocorreionews.com.br\/acervo-correio\/index.php?rest_route=%2Fwp%2Fv2%2Fcomments&post=210644"}],"version-history":[{"count":1,"href":"https:\/\/www.ocorreionews.com.br\/acervo-correio\/index.php?rest_route=\/wp\/v2\/posts\/210644\/revisions"}],"predecessor-version":[{"id":210646,"href":"https:\/\/www.ocorreionews.com.br\/acervo-correio\/index.php?rest_route=\/wp\/v2\/posts\/210644\/revisions\/210646"}],"wp:featuredmedia":[{"embeddable":true,"href":"https:\/\/www.ocorreionews.com.br\/acervo-correio\/index.php?rest_route=\/wp\/v2\/media\/210645"}],"wp:attachment":[{"href":"https:\/\/www.ocorreionews.com.br\/acervo-correio\/index.php?rest_route=%2Fwp%2Fv2%2Fmedia&parent=210644"}],"wp:term":[{"taxonomy":"category","embeddable":true,"href":"https:\/\/www.ocorreionews.com.br\/acervo-correio\/index.php?rest_route=%2Fwp%2Fv2%2Fcategories&post=210644"},{"taxonomy":"post_tag","embeddable":true,"href":"https:\/\/www.ocorreionews.com.br\/acervo-correio\/index.php?rest_route=%2Fwp%2Fv2%2Ftags&post=210644"}],"curies":[{"name":"wp","href":"https:\/\/api.w.org\/{rel}","templated":true}]}}