{"id":210647,"date":"2022-06-30T13:56:07","date_gmt":"2022-06-30T17:56:07","guid":{"rendered":"https:\/\/www.ocorreionews.com.br\/acervo-correio\/?p=210647"},"modified":"2022-06-30T22:51:15","modified_gmt":"2022-07-01T02:51:15","slug":"com-tereza-na-garupa-bolsonaro-participa-de-motociata-em-campo-grande","status":"publish","type":"post","link":"https:\/\/www.ocorreionews.com.br\/acervo-correio\/?p=210647","title":{"rendered":"Com Tereza na garupa, Bolsonaro participa de \u201cmotociata\u201d em Campo Grande"},"content":{"rendered":"<p>Como prometido o presidente Jair Bolsonaro (PL), participou nesta quinta-feira (30) de uma \u201cmotociata\u201d organizada por seus apoiadores em Campo Grande. Desde o come\u00e7o da manh\u00e3, um grupo de motoqueiros se concentraram nos altos da Avenida Afonso Pena, local de in\u00edcio do trajeto, para aguardar a chegada do presidente.<\/p>\n<p>O passeio foi convocado pelas redes sociais por integrantes de movimentos conservadores. A maioria dos apoiadores usavam adere\u00e7os na cor verde e amarela e segurava a bandeira do Brasil. Algumas pessoas puxaram o coro de \u201cmito\u201d, o que geralmente ocorre nos eventos com a participa\u00e7\u00e3o do p\u00fablico bolsonarista.<\/p>\n<p>Como de costume, Bolsonaro n\u00e3o utilizou capacete no trajeto, que foi encerrado na Base A\u00e9rea de Campo Grande. Desta vez, conforme havia antecipado, o presidente realizou o sonho de carregar a ex-ministra Tereza Cristina na garupa, ela com capacete. Agentes da PRF (Pol\u00edcia Rodovi\u00e1ria Federal) escoltaram o presidente durante o percurso.<\/p>\n<figure style=\"width: 599px\" class=\"wp-caption aligncenter\"><img loading=\"lazy\" decoding=\"async\" class=\"img-fluid\" src=\"https:\/\/cdn6.campograndenews.com.br\/uploads\/noticias\/2022\/06\/30\/a9mqvbyzho6b.jpeg\" sizes=\"auto, (min-width: 1024px) calc(.5 * (100vw - 21.875em)), 100vw\" srcset=\"https:\/\/cdn6.campograndenews.com.br\/uploads\/noticias\/2022\/06\/30\/3f8yfmy4z20wg.jpeg 1024w, https:\/\/cdn6.campograndenews.com.br\/uploads\/noticias\/2022\/06\/30\/1tgfv4gli8a1e.jpeg 640w, https:\/\/cdn6.campograndenews.com.br\/uploads\/noticias\/2022\/06\/30\/a9mqvbyzho6b.jpeg 320w\" alt=\"Presidente durante trajeto na Avenida Afonso Pena, que durou at\u00e9 a Base A\u00e9rea de Campo Grande. (Foto: K\u00edsie Aino\u00e3)\" width=\"599\" height=\"399\" data-width=\"1368\" data-height=\"912\" \/><figcaption class=\"wp-caption-text\">Presidente durante trajeto na Avenida Afonso Pena, que durou at\u00e9 a Base A\u00e9rea de Campo Grande. (Foto: K\u00edsie Aino\u00e3)<\/figcaption><\/figure>\n<p>&nbsp;<\/p>\n<p>Manifesta\u00e7\u00f5es assim est\u00e3o se repetindo em v\u00e1rias capitais do Brasil, sempre com o mesmo objetivo, de demonstrar apoio a Bolsonaro. A \u00faltima \u201cmotociata\u201d que o presidente participou foi realizada h\u00e1 dois dias em Macei\u00f3, capital de Alagoas. Na ocasi\u00e3o, Bolsonaro foi acompanhado do ex-presidente e senador Fernando Collor de Mello (PTB).<\/p>\n<p>Bolsonaro e a comitiva de Bras\u00edlia cumpriram agenda em Campo Grande, para entrega de 300 apartamentos populares no Residencial Jardim Canguru, constru\u00eddos a partir do Programa Casa Verde e Amarela.<\/p>\n<p>&nbsp;<\/p>\n<p>Por Jhefferson Gamarra e Cleber Gellio &#8211; CAMPO GRANDE NEWS<\/p>\n","protected":false},"excerpt":{"rendered":"<p>Como prometido o presidente Jair Bolsonaro (PL), participou nesta quinta-feira (30) de uma \u201cmotociata\u201d organizada por seus apoiadores em Campo Grande. Desde o come\u00e7o da manh\u00e3, um grupo de motoqueiros se concentraram nos altos da Avenida Afonso Pena, local de in\u00edcio do trajeto, para aguardar a chegada do presidente. O passeio foi convocado pelas redes [&hellip;]<\/p>\n","protected":false},"author":5,"featured_media":210648,"comment_status":"closed","ping_status":"closed","sticky":false,"template":"","format":"standard","meta":{"footnotes":""},"categories":[41,37],"tags":[],"class_list":["post-210647","post","type-post","status-publish","format-standard","has-post-thumbnail","hentry","category-destaque","category-politica"],"_links":{"self":[{"href":"https:\/\/www.ocorreionews.com.br\/acervo-correio\/index.php?rest_route=\/wp\/v2\/posts\/210647","targetHints":{"allow":["GET"]}}],"collection":[{"href":"https:\/\/www.ocorreionews.com.br\/acervo-correio\/index.php?rest_route=\/wp\/v2\/posts"}],"about":[{"href":"https:\/\/www.ocorreionews.com.br\/acervo-correio\/index.php?rest_route=\/wp\/v2\/types\/post"}],"author":[{"embeddable":true,"href":"https:\/\/www.ocorreionews.com.br\/acervo-correio\/index.php?rest_route=\/wp\/v2\/users\/5"}],"replies":[{"embeddable":true,"href":"https:\/\/www.ocorreionews.com.br\/acervo-correio\/index.php?rest_route=%2Fwp%2Fv2%2Fcomments&post=210647"}],"version-history":[{"count":1,"href":"https:\/\/www.ocorreionews.com.br\/acervo-correio\/index.php?rest_route=\/wp\/v2\/posts\/210647\/revisions"}],"predecessor-version":[{"id":210664,"href":"https:\/\/www.ocorreionews.com.br\/acervo-correio\/index.php?rest_route=\/wp\/v2\/posts\/210647\/revisions\/210664"}],"wp:featuredmedia":[{"embeddable":true,"href":"https:\/\/www.ocorreionews.com.br\/acervo-correio\/index.php?rest_route=\/wp\/v2\/media\/210648"}],"wp:attachment":[{"href":"https:\/\/www.ocorreionews.com.br\/acervo-correio\/index.php?rest_route=%2Fwp%2Fv2%2Fmedia&parent=210647"}],"wp:term":[{"taxonomy":"category","embeddable":true,"href":"https:\/\/www.ocorreionews.com.br\/acervo-correio\/index.php?rest_route=%2Fwp%2Fv2%2Fcategories&post=210647"},{"taxonomy":"post_tag","embeddable":true,"href":"https:\/\/www.ocorreionews.com.br\/acervo-correio\/index.php?rest_route=%2Fwp%2Fv2%2Ftags&post=210647"}],"curies":[{"name":"wp","href":"https:\/\/api.w.org\/{rel}","templated":true}]}}