{"id":210651,"date":"2022-06-30T14:42:53","date_gmt":"2022-06-30T18:42:53","guid":{"rendered":"https:\/\/www.ocorreionews.com.br\/acervo-correio\/?p=210651"},"modified":"2022-06-30T14:42:53","modified_gmt":"2022-06-30T18:42:53","slug":"irmaos-se-matam-durante-discussao-por-causa-da-forma-de-cuidar-do-gado-em-goias","status":"publish","type":"post","link":"https:\/\/www.ocorreionews.com.br\/acervo-correio\/?p=210651","title":{"rendered":"Irm\u00e3os se matam durante discuss\u00e3o por causa da forma de cuidar do gado, em Goi\u00e1s"},"content":{"rendered":"<div class=\"mc-column content-text active-extra-styles \" data-block-type=\"unstyled\" data-block-weight=\"53\" data-block-id=\"2\">\n<p class=\"content-text__container \" data-track-category=\"Link no Texto\" data-track-links=\"\">Dois irm\u00e3os se mataram durante uma discuss\u00e3o, em Niquel\u00e2ndia, no norte de Goi\u00e1s. De acordo com o delegado respons\u00e1vel pelo caso, Gerson Jos\u00e9, a briga entre Edson Ribeiro da Rocha e Ailton Ribeiro da Rocha foi motivada por causa de trabalho, quando eles teriam discordado sobre a forma de cuidar do gado.<\/p>\n<p data-track-category=\"Link no Texto\" data-track-links=\"\">\n<\/div>\n<div class=\"wall protected-content\">\n<div class=\"mc-column content-text active-extra-styles\" data-block-type=\"raw\" data-block-weight=\"34\" data-block-id=\"3\">\n<p class=\"content-text__container\">\n<blockquote class=\"content-blockquote theme-border-color-primary-before\"><p>&#8220;Foi por motivo f\u00fatil. Eles estavam trabalhando na fazenda e se desentenderam. Um deu uma facada no outro e o outro pegou uma espingarda e atirou no que deu a facada&#8221;, contou o delegado.<\/p><\/blockquote>\n<\/div>\n<div class=\"mc-column content-text active-extra-styles\" data-block-type=\"raw\" data-block-weight=\"6\" data-block-id=\"4\">\n<p>&nbsp;<\/p>\n<p>&nbsp;<\/p>\n<\/div>\n<div class=\"mc-column content-text active-extra-styles \" data-block-type=\"unstyled\" data-block-weight=\"28\" data-block-id=\"5\">\n<p class=\"content-text__container \" data-track-category=\"Link no Texto\" data-track-links=\"\">O caso aconteceu na quarta-feira (29). Segundo a Pol\u00edcia Civil, ambos j\u00e1 tinham passagens pela pol\u00edcia. Ap\u00f3s a confus\u00e3o, eles foram levados ao hospital municipal de Niquel\u00e2ndia.<\/p>\n<\/div>\n<div class=\"content-ads content-ads--reveal\" data-block-type=\"ads\" data-block-id=\"6\">\n<div><\/div>\n<\/div>\n<div class=\"mc-column content-text active-extra-styles \" data-block-type=\"unstyled\" data-block-weight=\"28\" data-block-id=\"7\">\n<p class=\"content-text__container \" data-track-category=\"Link no Texto\" data-track-links=\"\">No entanto, o hospital afirmou que quando chegaram \u00e0 unidade, um dos irm\u00e3os j\u00e1 estava morto e o outro morreu logo ap\u00f3s dar entrada no centro cir\u00fargico.<\/p>\n<p data-track-category=\"Link no Texto\" data-track-links=\"\">\n<\/div>\n<div class=\"mc-column content-text active-extra-styles \" data-block-type=\"unstyled\" data-block-weight=\"46\" data-block-id=\"8\">\n<p class=\"content-text__container \" data-track-category=\"Link no Texto\" data-track-links=\"\">A pol\u00edcia ainda destacou que foi instaurado um inqu\u00e9rito e que ser\u00e3o apurados mais detalhes sobre o caso. Segundo o delegado, o momento da briga entre os irm\u00e3os foi presenciado por testemunhas que levaram os irm\u00e3os ao hospital. Elas devem ser intimadas para serem ouvidas.<\/p>\n<\/div>\n<\/div>\n<p data-track-category=\"Link no Texto\" data-track-links=\"\">\n<p data-track-category=\"Link no Texto\" data-track-links=\"\">\n<div class=\"wall protected-content\">\n<p class=\"content-publication-data__from\" title=\"Gabriela Mac\u00eado e Vanessa Martins, g1 Goi\u00e1s\">Por Gabriela Mac\u00eado e Vanessa Martins, g1 Goi\u00e1s<\/p>\n<\/div>\n","protected":false},"excerpt":{"rendered":"<p>Dois irm\u00e3os se mataram durante uma discuss\u00e3o, em Niquel\u00e2ndia, no norte de Goi\u00e1s. De acordo com o delegado respons\u00e1vel pelo caso, Gerson Jos\u00e9, a briga entre Edson Ribeiro da Rocha e Ailton Ribeiro da Rocha foi motivada por causa de trabalho, quando eles teriam discordado sobre a forma de cuidar do gado. &#8220;Foi por motivo [&hellip;]<\/p>\n","protected":false},"author":5,"featured_media":210652,"comment_status":"closed","ping_status":"closed","sticky":false,"template":"","format":"standard","meta":{"footnotes":""},"categories":[38],"tags":[],"class_list":["post-210651","post","type-post","status-publish","format-standard","has-post-thumbnail","hentry","category-policia"],"_links":{"self":[{"href":"https:\/\/www.ocorreionews.com.br\/acervo-correio\/index.php?rest_route=\/wp\/v2\/posts\/210651","targetHints":{"allow":["GET"]}}],"collection":[{"href":"https:\/\/www.ocorreionews.com.br\/acervo-correio\/index.php?rest_route=\/wp\/v2\/posts"}],"about":[{"href":"https:\/\/www.ocorreionews.com.br\/acervo-correio\/index.php?rest_route=\/wp\/v2\/types\/post"}],"author":[{"embeddable":true,"href":"https:\/\/www.ocorreionews.com.br\/acervo-correio\/index.php?rest_route=\/wp\/v2\/users\/5"}],"replies":[{"embeddable":true,"href":"https:\/\/www.ocorreionews.com.br\/acervo-correio\/index.php?rest_route=%2Fwp%2Fv2%2Fcomments&post=210651"}],"version-history":[{"count":1,"href":"https:\/\/www.ocorreionews.com.br\/acervo-correio\/index.php?rest_route=\/wp\/v2\/posts\/210651\/revisions"}],"predecessor-version":[{"id":210653,"href":"https:\/\/www.ocorreionews.com.br\/acervo-correio\/index.php?rest_route=\/wp\/v2\/posts\/210651\/revisions\/210653"}],"wp:featuredmedia":[{"embeddable":true,"href":"https:\/\/www.ocorreionews.com.br\/acervo-correio\/index.php?rest_route=\/wp\/v2\/media\/210652"}],"wp:attachment":[{"href":"https:\/\/www.ocorreionews.com.br\/acervo-correio\/index.php?rest_route=%2Fwp%2Fv2%2Fmedia&parent=210651"}],"wp:term":[{"taxonomy":"category","embeddable":true,"href":"https:\/\/www.ocorreionews.com.br\/acervo-correio\/index.php?rest_route=%2Fwp%2Fv2%2Fcategories&post=210651"},{"taxonomy":"post_tag","embeddable":true,"href":"https:\/\/www.ocorreionews.com.br\/acervo-correio\/index.php?rest_route=%2Fwp%2Fv2%2Ftags&post=210651"}],"curies":[{"name":"wp","href":"https:\/\/api.w.org\/{rel}","templated":true}]}}