{"id":210679,"date":"2022-07-01T08:32:51","date_gmt":"2022-07-01T12:32:51","guid":{"rendered":"https:\/\/www.ocorreionews.com.br\/acervo-correio\/?p=210679"},"modified":"2022-07-01T08:32:51","modified_gmt":"2022-07-01T12:32:51","slug":"prefeito-anizio-recebeu-estagiarios-que-comecaram-a-atuar-no-executivo-municipal","status":"publish","type":"post","link":"https:\/\/www.ocorreionews.com.br\/acervo-correio\/?p=210679","title":{"rendered":"Prefeito An\u00edzio recebeu estagi\u00e1rios que come\u00e7aram a atuar no executivo municipal"},"content":{"rendered":"<div class=\"leitura\">\n<p>O prefeito municipal de Para\u00edso das \u00c1guas, An\u00edzio Andrade recebeu em seu gabinete, os estagi\u00e1rios que v\u00e3o fazer come\u00e7aram a atuar no Executivo Municipal de Para\u00edso das \u00c1guas na \u00faltima segunda-feira, dia 27 de junho.<\/p>\n<p>Na ocasi\u00e3o ele mencionou sobre o projeto de est\u00e1gio e desejou as boas-vindas para os selecionados na seletiva. Falou ainda da alegria de concretizar esse projeto, que visa dar oportunidade do primeiro emprego aos jovens paraisenses.<\/p>\n<p>Nesse in\u00edcio de projeto, foram selecionados 04 (quatro) estagi\u00e1rios do ensino m\u00e9dio e 06 (seis) estagi\u00e1rios do ensino superior, para atuarem nas secretarias de Educa\u00e7\u00e3o, Assist\u00eancia Social, Administra\u00e7\u00e3o e Finan\u00e7as e na SEDEMAT.<\/p>\n<p>&nbsp;<\/p>\n<p>ASSECOM- Prefeitura Municipal de Para\u00edso das \u00c1guas- MS<\/p>\n<\/div>\n","protected":false},"excerpt":{"rendered":"<p>O prefeito municipal de Para\u00edso das \u00c1guas, An\u00edzio Andrade recebeu em seu gabinete, os estagi\u00e1rios que v\u00e3o fazer come\u00e7aram a atuar no Executivo Municipal de Para\u00edso das \u00c1guas na \u00faltima segunda-feira, dia 27 de junho. Na ocasi\u00e3o ele mencionou sobre o projeto de est\u00e1gio e desejou as boas-vindas para os selecionados na seletiva. Falou ainda [&hellip;]<\/p>\n","protected":false},"author":5,"featured_media":210680,"comment_status":"closed","ping_status":"closed","sticky":false,"template":"","format":"standard","meta":{"footnotes":""},"categories":[36],"tags":[],"class_list":["post-210679","post","type-post","status-publish","format-standard","has-post-thumbnail","hentry","category-paraiso-das-aguas"],"_links":{"self":[{"href":"https:\/\/www.ocorreionews.com.br\/acervo-correio\/index.php?rest_route=\/wp\/v2\/posts\/210679","targetHints":{"allow":["GET"]}}],"collection":[{"href":"https:\/\/www.ocorreionews.com.br\/acervo-correio\/index.php?rest_route=\/wp\/v2\/posts"}],"about":[{"href":"https:\/\/www.ocorreionews.com.br\/acervo-correio\/index.php?rest_route=\/wp\/v2\/types\/post"}],"author":[{"embeddable":true,"href":"https:\/\/www.ocorreionews.com.br\/acervo-correio\/index.php?rest_route=\/wp\/v2\/users\/5"}],"replies":[{"embeddable":true,"href":"https:\/\/www.ocorreionews.com.br\/acervo-correio\/index.php?rest_route=%2Fwp%2Fv2%2Fcomments&post=210679"}],"version-history":[{"count":1,"href":"https:\/\/www.ocorreionews.com.br\/acervo-correio\/index.php?rest_route=\/wp\/v2\/posts\/210679\/revisions"}],"predecessor-version":[{"id":210681,"href":"https:\/\/www.ocorreionews.com.br\/acervo-correio\/index.php?rest_route=\/wp\/v2\/posts\/210679\/revisions\/210681"}],"wp:featuredmedia":[{"embeddable":true,"href":"https:\/\/www.ocorreionews.com.br\/acervo-correio\/index.php?rest_route=\/wp\/v2\/media\/210680"}],"wp:attachment":[{"href":"https:\/\/www.ocorreionews.com.br\/acervo-correio\/index.php?rest_route=%2Fwp%2Fv2%2Fmedia&parent=210679"}],"wp:term":[{"taxonomy":"category","embeddable":true,"href":"https:\/\/www.ocorreionews.com.br\/acervo-correio\/index.php?rest_route=%2Fwp%2Fv2%2Fcategories&post=210679"},{"taxonomy":"post_tag","embeddable":true,"href":"https:\/\/www.ocorreionews.com.br\/acervo-correio\/index.php?rest_route=%2Fwp%2Fv2%2Ftags&post=210679"}],"curies":[{"name":"wp","href":"https:\/\/api.w.org\/{rel}","templated":true}]}}