{"id":210745,"date":"2022-07-01T14:22:43","date_gmt":"2022-07-01T18:22:43","guid":{"rendered":"https:\/\/www.ocorreionews.com.br\/acervo-correio\/?p=210745"},"modified":"2022-07-01T14:35:52","modified_gmt":"2022-07-01T18:35:52","slug":"chapadao-do-sul-e-contemplado-com-carro-e-maquinario-pelo-governo-de-estado","status":"publish","type":"post","link":"https:\/\/www.ocorreionews.com.br\/acervo-correio\/?p=210745","title":{"rendered":"Chapad\u00e3o do Sul \u00e9 contemplado com carro e maquin\u00e1rio pelo governo de estado"},"content":{"rendered":"<p style=\"font-weight: 400;\">O prefeito de Chapad\u00e3o do Sul, Jo\u00e3o Carlos Krug, esteve presente na manh\u00e3 desta sexta-feira, 01, na entrega de quase 200 equipamentos, entre maquin\u00e1rios agr\u00edcolas e ve\u00edculos que v\u00e3o fortalecer a agricultura familiar e ampliar os trabalhos de sanidade animal nas fronteiras do Estado.<\/p>\n<p style=\"font-weight: 400;\">A entrega foi realizada no Centro de Treinamento da Agraer (Ag\u00eancia de Desenvolvimento Agr\u00e1rio e Extens\u00e3o Rural) e contou com a presen\u00e7a do governador do Estado, Reinaldo Azambuja, do secret\u00e1rio adjunto da Semagro (Secretaria de Meio Ambiente, Desenvolvimento Econ\u00f4mico, Produ\u00e7\u00e3o e Agricultura Familiar), Ricardo Senna; do diretor-presidente da Iagro (Ag\u00eancia Estadual de Defesa Sanit\u00e1ria Animal e Vegetal), Daniel Ingold; do diretor-presidente da Agraer em substitui\u00e7\u00e3o, Fernando Luiz Nascimento; do presidente da Assembleia Legislativa, deputado Paulo Corr\u00eaa; e do presidente da Assomasul (Associa\u00e7\u00e3o dos Munic\u00edpios de Mato Grosso do Sul), Valdir do Couto, al\u00e9m de parlamentares, autoridades e prefeitos.<\/p>\n<p><a href=\"https:\/\/www.ocorreionews.com.br\/acervo-correio\/wp-content\/uploads\/2022\/07\/Equipamentos-para-Municipios-Fto-Chico-Ribeiro-31.jpg\"><img loading=\"lazy\" decoding=\"async\" class=\"alignnone size-full wp-image-210746\" src=\"https:\/\/www.ocorreionews.com.br\/acervo-correio\/wp-content\/uploads\/2022\/07\/Equipamentos-para-Municipios-Fto-Chico-Ribeiro-31.jpg\" alt=\"\" width=\"800\" height=\"443\" srcset=\"https:\/\/www.ocorreionews.com.br\/acervo-correio\/wp-content\/uploads\/2022\/07\/Equipamentos-para-Municipios-Fto-Chico-Ribeiro-31.jpg 800w, https:\/\/www.ocorreionews.com.br\/acervo-correio\/wp-content\/uploads\/2022\/07\/Equipamentos-para-Municipios-Fto-Chico-Ribeiro-31-300x166.jpg 300w, https:\/\/www.ocorreionews.com.br\/acervo-correio\/wp-content\/uploads\/2022\/07\/Equipamentos-para-Municipios-Fto-Chico-Ribeiro-31-768x425.jpg 768w\" sizes=\"auto, (max-width: 800px) 100vw, 800px\" \/><\/a><\/p>\n<p style=\"font-weight: 400;\">Na oportunidade, Jo\u00e3o Carlos Krug destaca que estas a\u00e7\u00f5es incentivam os munic\u00edpios a cada vez mais apoiar os agricultores e desenvolver melhorias em nosso munic\u00edpio. \u201cCom este equipamento que estamos recebendo, vai facilitar a melhoria de estradas, j\u00e1 possu\u00edmos uma m\u00e1quina dessa, por\u00e9m n\u00e3o atendia a demanda do munic\u00edpio e acab\u00e1vamos tendo que alugar outra, agora n\u00e3o ser\u00e1 mais necess\u00e1rio, grande economia para os cofres p\u00fablicos de Chapad\u00e3o do Sul\u201d.<\/p>\n<p style=\"font-weight: 400;\">Foram investidos R$ 3.746.301,00\u00a0em maquin\u00e1rios e distribu\u00eddos para v\u00e1rias cidades do estado, os recursos s\u00e3o de emendas parlamentares da bancada federal de Mato Grosso do Sul, no valor de R$ 1.805.751,00, com contrapartida do Governo do Estado, atrav\u00e9s da Agraer, no valor de R$ 1.940.550,00.<\/p>\n<p>&nbsp;<\/p>\n<p><a href=\"https:\/\/www.ocorreionews.com.br\/acervo-correio\/wp-content\/uploads\/2022\/07\/10280-equipamentos-para-municpios-fto-chico-ribeiro-1-1024x567-1.jpg\"><img loading=\"lazy\" decoding=\"async\" class=\"alignnone size-full wp-image-210751\" src=\"https:\/\/www.ocorreionews.com.br\/acervo-correio\/wp-content\/uploads\/2022\/07\/10280-equipamentos-para-municpios-fto-chico-ribeiro-1-1024x567-1.jpg\" alt=\"\" width=\"800\" height=\"533\" srcset=\"https:\/\/www.ocorreionews.com.br\/acervo-correio\/wp-content\/uploads\/2022\/07\/10280-equipamentos-para-municpios-fto-chico-ribeiro-1-1024x567-1.jpg 800w, https:\/\/www.ocorreionews.com.br\/acervo-correio\/wp-content\/uploads\/2022\/07\/10280-equipamentos-para-municpios-fto-chico-ribeiro-1-1024x567-1-300x200.jpg 300w, https:\/\/www.ocorreionews.com.br\/acervo-correio\/wp-content\/uploads\/2022\/07\/10280-equipamentos-para-municpios-fto-chico-ribeiro-1-1024x567-1-768x512.jpg 768w\" sizes=\"auto, (max-width: 800px) 100vw, 800px\" \/><\/a><\/p>\n<p>&nbsp;<\/p>\n<p>*Assecom PMCS. Foto Chico Ribeiro<\/p>\n","protected":false},"excerpt":{"rendered":"<p>O prefeito de Chapad\u00e3o do Sul, Jo\u00e3o Carlos Krug, esteve presente na manh\u00e3 desta sexta-feira, 01, na entrega de quase 200 equipamentos, entre maquin\u00e1rios agr\u00edcolas e ve\u00edculos que v\u00e3o fortalecer a agricultura familiar e ampliar os trabalhos de sanidade animal nas fronteiras do Estado. A entrega foi realizada no Centro de Treinamento da Agraer (Ag\u00eancia [&hellip;]<\/p>\n","protected":false},"author":5,"featured_media":210747,"comment_status":"closed","ping_status":"closed","sticky":false,"template":"","format":"standard","meta":{"footnotes":""},"categories":[23,41],"tags":[],"class_list":["post-210745","post","type-post","status-publish","format-standard","has-post-thumbnail","hentry","category-chapadao-do-sul","category-destaque"],"_links":{"self":[{"href":"https:\/\/www.ocorreionews.com.br\/acervo-correio\/index.php?rest_route=\/wp\/v2\/posts\/210745","targetHints":{"allow":["GET"]}}],"collection":[{"href":"https:\/\/www.ocorreionews.com.br\/acervo-correio\/index.php?rest_route=\/wp\/v2\/posts"}],"about":[{"href":"https:\/\/www.ocorreionews.com.br\/acervo-correio\/index.php?rest_route=\/wp\/v2\/types\/post"}],"author":[{"embeddable":true,"href":"https:\/\/www.ocorreionews.com.br\/acervo-correio\/index.php?rest_route=\/wp\/v2\/users\/5"}],"replies":[{"embeddable":true,"href":"https:\/\/www.ocorreionews.com.br\/acervo-correio\/index.php?rest_route=%2Fwp%2Fv2%2Fcomments&post=210745"}],"version-history":[{"count":1,"href":"https:\/\/www.ocorreionews.com.br\/acervo-correio\/index.php?rest_route=\/wp\/v2\/posts\/210745\/revisions"}],"predecessor-version":[{"id":210758,"href":"https:\/\/www.ocorreionews.com.br\/acervo-correio\/index.php?rest_route=\/wp\/v2\/posts\/210745\/revisions\/210758"}],"wp:featuredmedia":[{"embeddable":true,"href":"https:\/\/www.ocorreionews.com.br\/acervo-correio\/index.php?rest_route=\/wp\/v2\/media\/210747"}],"wp:attachment":[{"href":"https:\/\/www.ocorreionews.com.br\/acervo-correio\/index.php?rest_route=%2Fwp%2Fv2%2Fmedia&parent=210745"}],"wp:term":[{"taxonomy":"category","embeddable":true,"href":"https:\/\/www.ocorreionews.com.br\/acervo-correio\/index.php?rest_route=%2Fwp%2Fv2%2Fcategories&post=210745"},{"taxonomy":"post_tag","embeddable":true,"href":"https:\/\/www.ocorreionews.com.br\/acervo-correio\/index.php?rest_route=%2Fwp%2Fv2%2Ftags&post=210745"}],"curies":[{"name":"wp","href":"https:\/\/api.w.org\/{rel}","templated":true}]}}