{"id":210772,"date":"2022-07-01T14:05:58","date_gmt":"2022-07-01T18:05:58","guid":{"rendered":"https:\/\/www.ocorreionews.com.br\/acervo-correio\/?p=210772"},"modified":"2022-07-02T08:19:36","modified_gmt":"2022-07-02T12:19:36","slug":"210772-2","status":"publish","type":"post","link":"https:\/\/www.ocorreionews.com.br\/acervo-correio\/?p=210772","title":{"rendered":"Alcin\u00f3polis recebeu uma patrola do Governo do Estado"},"content":{"rendered":"<div dir=\"auto\">\u00a0Prefeito Dalmy Cris\u00f3stomo, acompanhado do Vice-prefeito, Valter Roniz, presidente da C\u00e2mara, Isabel de Souza e dos vereadores Ademir M\u00fcller, Evaldo Furtado e Onilza Matias, estiveram na cidade de Campo Grande e receberam do Governador Reinaldo Azambuja uma P\u00e1 Carregadeira que faz parte de um pacote de equipamentos que s\u00e3o frutos de uma parceria in\u00e9dita entre o Governo do Estado e o Governo Federal.<\/div>\n<div dir=\"auto\"><\/div>\n<div dir=\"auto\">Al\u00e9m dela estou levando mais implemento, uma carreta vasculante de quatro toneladas, uma concha hidr\u00e1ulica traseira e um semeador, ao todo s\u00e3o quatro maquin\u00e1rios. A gente ainda vai receber uma escavadeira hidr\u00e1ulica e uma moto niveladora&#8221;, afirmou.<\/div>\n<div dir=\"auto\">Alcin\u00f3polis na rota do desenvolvimento!<\/div>\n<div dir=\"auto\"><a href=\"https:\/\/www.ocorreionews.com.br\/acervo-correio\/wp-content\/uploads\/2022\/07\/dalmy-maquinas-cg2.jpg\"><img loading=\"lazy\" decoding=\"async\" class=\"alignnone size-full wp-image-210774\" src=\"https:\/\/www.ocorreionews.com.br\/acervo-correio\/wp-content\/uploads\/2022\/07\/dalmy-maquinas-cg2.jpg\" alt=\"\" width=\"800\" height=\"440\" srcset=\"https:\/\/www.ocorreionews.com.br\/acervo-correio\/wp-content\/uploads\/2022\/07\/dalmy-maquinas-cg2.jpg 800w, https:\/\/www.ocorreionews.com.br\/acervo-correio\/wp-content\/uploads\/2022\/07\/dalmy-maquinas-cg2-300x165.jpg 300w, https:\/\/www.ocorreionews.com.br\/acervo-correio\/wp-content\/uploads\/2022\/07\/dalmy-maquinas-cg2-768x422.jpg 768w\" sizes=\"auto, (max-width: 800px) 100vw, 800px\" \/><\/a><\/div>\n","protected":false},"excerpt":{"rendered":"<p>\u00a0Prefeito Dalmy Cris\u00f3stomo, acompanhado do Vice-prefeito, Valter Roniz, presidente da C\u00e2mara, Isabel de Souza e dos vereadores Ademir M\u00fcller, Evaldo Furtado e Onilza Matias, estiveram na cidade de Campo Grande e receberam do Governador Reinaldo Azambuja uma P\u00e1 Carregadeira que faz parte de um pacote de equipamentos que s\u00e3o frutos de uma parceria in\u00e9dita entre [&hellip;]<\/p>\n","protected":false},"author":4,"featured_media":210773,"comment_status":"closed","ping_status":"closed","sticky":false,"template":"","format":"standard","meta":{"footnotes":""},"categories":[18,41],"tags":[],"class_list":["post-210772","post","type-post","status-publish","format-standard","has-post-thumbnail","hentry","category-alcinopolis","category-destaque"],"_links":{"self":[{"href":"https:\/\/www.ocorreionews.com.br\/acervo-correio\/index.php?rest_route=\/wp\/v2\/posts\/210772","targetHints":{"allow":["GET"]}}],"collection":[{"href":"https:\/\/www.ocorreionews.com.br\/acervo-correio\/index.php?rest_route=\/wp\/v2\/posts"}],"about":[{"href":"https:\/\/www.ocorreionews.com.br\/acervo-correio\/index.php?rest_route=\/wp\/v2\/types\/post"}],"author":[{"embeddable":true,"href":"https:\/\/www.ocorreionews.com.br\/acervo-correio\/index.php?rest_route=\/wp\/v2\/users\/4"}],"replies":[{"embeddable":true,"href":"https:\/\/www.ocorreionews.com.br\/acervo-correio\/index.php?rest_route=%2Fwp%2Fv2%2Fcomments&post=210772"}],"version-history":[{"count":1,"href":"https:\/\/www.ocorreionews.com.br\/acervo-correio\/index.php?rest_route=\/wp\/v2\/posts\/210772\/revisions"}],"predecessor-version":[{"id":210795,"href":"https:\/\/www.ocorreionews.com.br\/acervo-correio\/index.php?rest_route=\/wp\/v2\/posts\/210772\/revisions\/210795"}],"wp:featuredmedia":[{"embeddable":true,"href":"https:\/\/www.ocorreionews.com.br\/acervo-correio\/index.php?rest_route=\/wp\/v2\/media\/210773"}],"wp:attachment":[{"href":"https:\/\/www.ocorreionews.com.br\/acervo-correio\/index.php?rest_route=%2Fwp%2Fv2%2Fmedia&parent=210772"}],"wp:term":[{"taxonomy":"category","embeddable":true,"href":"https:\/\/www.ocorreionews.com.br\/acervo-correio\/index.php?rest_route=%2Fwp%2Fv2%2Fcategories&post=210772"},{"taxonomy":"post_tag","embeddable":true,"href":"https:\/\/www.ocorreionews.com.br\/acervo-correio\/index.php?rest_route=%2Fwp%2Fv2%2Ftags&post=210772"}],"curies":[{"name":"wp","href":"https:\/\/api.w.org\/{rel}","templated":true}]}}