{"id":21089,"date":"2016-02-22T08:27:55","date_gmt":"2016-02-22T12:27:55","guid":{"rendered":"https:\/\/ocorreionews.com.br\/?p=21089"},"modified":"2016-02-22T08:27:55","modified_gmt":"2016-02-22T12:27:55","slug":"pecuaria-bovina-do-estado-deve-perder-r-545-milhoes-neste-ano","status":"publish","type":"post","link":"https:\/\/www.ocorreionews.com.br\/acervo-correio\/?p=21089","title":{"rendered":"Pecu\u00e1ria bovina do Estado deve perder R$ 545 milh\u00f5es neste ano"},"content":{"rendered":"<p>Apesar de sinalizar recupera\u00e7\u00e3o, a pecu\u00e1ria bovina de Mato Grosso do Sul ainda deve sentir, neste ano, os impactos da retra\u00e7\u00e3o do rebanho e da perda de mercado. O Minist\u00e9rio da Agricultura, Pecu\u00e1ria e Abastecimento (Mapa) estima queda superior a meio bilh\u00e3o de reais no montante a ser movimentado pela atividade em 2016. O valor bruto da produ\u00e7\u00e3o (VBP) da pecu\u00e1ria bovina sul-mato-grossense, segundo projeta o Mapa, ser\u00e1 de R$ 8,018 bilh\u00f5es neste ano, recuo de 6,36% na compara\u00e7\u00e3o com a cifra de 2015, de R$ 8,563 bilh\u00f5es. Em n\u00fameros absolutos, o decr\u00e9scimo \u00e9 de R$ 545,25 milh\u00f5es.<\/p>\n<p>Depois de quedas cont\u00ednuas, o rebanho bovino de Mato Grosso do Sul apresentou leve varia\u00e7\u00e3o de 0,54% no ano passado, fechando em 20,65 milh\u00f5es de cabe\u00e7as, de acordo com a Ag\u00eancia Estadual de Defesa Sanit\u00e1ria Animal e Vegetal (Iagro\/MS). Em rela\u00e7\u00e3o a 2010 (22,135 milh\u00f5es), a redu\u00e7\u00e3o \u00e9 de 6,7%. O Estado chegou a ter um rebanho perto de 25 milh\u00f5es de bovinos \u2013 em 2003, eram 24,983 milh\u00f5es de animais, pelos n\u00fameros do Instituto Brasileiro de Geografia e Estat\u00edstica (IBGE).<\/p>\n<p>A queda do rebanho bovino de Mato Grosso do Sul nos \u00faltimos anos ocorreu em um cen\u00e1rio de expans\u00e3o de \u00e1reas de outras atividades, como soja e floresta. A \u00e1rea de plantio da oleaginosa cresceu 34% da safra 2009\/10 (1,712 milh\u00e3o de hectares) para a safra 2014\/15 (2,3 milh\u00f5es de hectares), conforme a Companhia Nacional de Abastecimento (Conab). J\u00e1 a \u00e1rea de eucalipto mais que dobrou de 2009 a 2014 (de 352.550 para 764.350 hectares na compara\u00e7\u00e3o entre as safras de inverno de 2009\/10 e de 2013\/14), segundo dados do Sistema de Informa\u00e7\u00e3o Geogr\u00e1fica do Agroneg\u00f3cio (Siga), do Sistema Famasul.<\/p>\n<p>A trajet\u00f3ria de encolhimento do rebanho bovino foi quebrada no ano passado, mas seus efeitos ainda permanecem. O titular da Superintend\u00eancia Federal de Agricultura no Estado (SFA\/MS), Celso de Souza Martins, estima que a recupera\u00e7\u00e3o ainda demore de um a dois anos. \u201cN\u00e3o temos registrado, atualmente, movimenta\u00e7\u00e3o de queda [do rebanho bovino], mas h\u00e1 uma diminui\u00e7\u00e3o da exporta\u00e7\u00e3o da carne e do [volume de] abate\u201d, afirmou o superintendente. \u201cH\u00e1 alguns anos, houve redu\u00e7\u00e3o do rebanho com aumento dos abates de matrizes, mas isso vem caindo e come\u00e7a a se estabilizar\u201d, acrescentou.<\/p>\n<p>&nbsp;<\/p>\n<p>&nbsp;<\/p>\n<p>Correio do Estado<\/p>\n","protected":false},"excerpt":{"rendered":"<p>Apesar de sinalizar recupera\u00e7\u00e3o, a pecu\u00e1ria bovina de Mato Grosso do Sul ainda deve sentir, neste ano, os impactos da retra\u00e7\u00e3o do rebanho e da perda de mercado. O Minist\u00e9rio da Agricultura, Pecu\u00e1ria e Abastecimento (Mapa) estima queda superior a meio bilh\u00e3o de reais no montante a ser movimentado pela atividade em 2016. O valor [&hellip;]<\/p>\n","protected":false},"author":4,"featured_media":5956,"comment_status":"closed","ping_status":"closed","sticky":false,"template":"","format":"standard","meta":{"footnotes":""},"categories":[26],"tags":[],"class_list":["post-21089","post","type-post","status-publish","format-standard","has-post-thumbnail","hentry","category-economia"],"_links":{"self":[{"href":"https:\/\/www.ocorreionews.com.br\/acervo-correio\/index.php?rest_route=\/wp\/v2\/posts\/21089","targetHints":{"allow":["GET"]}}],"collection":[{"href":"https:\/\/www.ocorreionews.com.br\/acervo-correio\/index.php?rest_route=\/wp\/v2\/posts"}],"about":[{"href":"https:\/\/www.ocorreionews.com.br\/acervo-correio\/index.php?rest_route=\/wp\/v2\/types\/post"}],"author":[{"embeddable":true,"href":"https:\/\/www.ocorreionews.com.br\/acervo-correio\/index.php?rest_route=\/wp\/v2\/users\/4"}],"replies":[{"embeddable":true,"href":"https:\/\/www.ocorreionews.com.br\/acervo-correio\/index.php?rest_route=%2Fwp%2Fv2%2Fcomments&post=21089"}],"version-history":[{"count":0,"href":"https:\/\/www.ocorreionews.com.br\/acervo-correio\/index.php?rest_route=\/wp\/v2\/posts\/21089\/revisions"}],"wp:featuredmedia":[{"embeddable":true,"href":"https:\/\/www.ocorreionews.com.br\/acervo-correio\/index.php?rest_route=\/wp\/v2\/media\/5956"}],"wp:attachment":[{"href":"https:\/\/www.ocorreionews.com.br\/acervo-correio\/index.php?rest_route=%2Fwp%2Fv2%2Fmedia&parent=21089"}],"wp:term":[{"taxonomy":"category","embeddable":true,"href":"https:\/\/www.ocorreionews.com.br\/acervo-correio\/index.php?rest_route=%2Fwp%2Fv2%2Fcategories&post=21089"},{"taxonomy":"post_tag","embeddable":true,"href":"https:\/\/www.ocorreionews.com.br\/acervo-correio\/index.php?rest_route=%2Fwp%2Fv2%2Ftags&post=21089"}],"curies":[{"name":"wp","href":"https:\/\/api.w.org\/{rel}","templated":true}]}}