{"id":211046,"date":"2022-07-05T10:02:09","date_gmt":"2022-07-05T14:02:09","guid":{"rendered":"https:\/\/www.ocorreionews.com.br\/acervo-correio\/?p=211046"},"modified":"2022-07-05T10:02:09","modified_gmt":"2022-07-05T14:02:09","slug":"policia-prende-2-suspeitos-de-matar-prefeito-de-pedro-juan-caballero","status":"publish","type":"post","link":"https:\/\/www.ocorreionews.com.br\/acervo-correio\/?p=211046","title":{"rendered":"Pol\u00edcia prende 2 suspeitos de matar prefeito de Pedro Juan Caballero"},"content":{"rendered":"<div class=\"mc-column content-text active-extra-styles \" data-block-type=\"unstyled\" data-block-weight=\"50\" data-block-id=\"2\">\n<p class=\"content-text__container \" data-track-category=\"Link no Texto\" data-track-links=\"\">Agentes do Departamento de Investiga\u00e7\u00f5es de Itap\u00faa prenderam, na noite de segunda-feira (4), dois suspeitos de assassinar o prefeito de Pedro Juan Caballero (PY), Jos\u00e9 Carlos Acevedo, morto em ataque, no dia 17 de maio. Ronny Ayala Ben\u00edtez e Alejandro Ayala Otaz\u00fa foram capturados no Departamento de Itap\u00faa, no Paraguai.<\/p>\n<p data-track-category=\"Link no Texto\" data-track-links=\"\">\n<\/div>\n<div class=\"wall protected-content\">\n<div class=\"mc-column content-text active-extra-styles \" data-block-type=\"unstyled\" data-block-weight=\"41\" data-block-id=\"3\">\n<p class=\"content-text__container \" data-track-category=\"Link no Texto\" data-track-links=\"\">Ao<strong> g1<\/strong>, o secret\u00e1rio de Seguran\u00e7a P\u00fablica de Ponta Por\u00e3, Marcelino Nunes, confirmou que Ronny Ayala Ben\u00edtez \u00e9 um dos principais suspeitos de ser o autor do assassinato de Jos\u00e9 Carlos Acevedo. Ele tamb\u00e9m tinha um mandado de pris\u00e3o internacional.<\/p>\n<p data-track-category=\"Link no Texto\" data-track-links=\"\">\n<\/div>\n<div class=\"mc-column content-text active-extra-styles \" data-block-type=\"unstyled\" data-block-weight=\"17\" data-block-id=\"4\">\n<p class=\"content-text__container \" data-track-category=\"Link no Texto\" data-track-links=\"\">Os suspeitos tamb\u00e9m s\u00e3o apontados como possiveis respons\u00e1veis ??pelo assassinato do pistoleiro \u00d3scar Cardozo, vulgo King Kong.<\/p>\n<p data-track-category=\"Link no Texto\" data-track-links=\"\">\n<\/div>\n<div class=\"mc-column content-text active-extra-styles \" data-block-type=\"unstyled\" data-block-weight=\"20\" data-block-id=\"6\">\n<p class=\"content-text__container \" data-track-category=\"Link no Texto\" data-track-links=\"\">Durante a ocorr\u00eancia, a pol\u00edcia encontrou armas, dinheiro em guaranis e d\u00f3lares, cart\u00f5es, documentos, um carro e outras provas.<\/p>\n<p data-track-category=\"Link no Texto\" data-track-links=\"\">\n<\/div>\n<div class=\"row medium-uncollapsed content-media content-photo\" data-block-type=\"backstage-photo\" data-block-id=\"7\">\n<div class=\"mc-column content-media__container\">\n<div class=\"content-media-container glb-skeleton-box\">\n<figure class=\"content-media-figure\">\n<p><figure style=\"width: 647px\" class=\"wp-caption aligncenter\"><img loading=\"lazy\" decoding=\"async\" class=\"i-amphtml-fill-content i-amphtml-replaced-content\" src=\"https:\/\/s2.glbimg.com\/Wg8WpaRcv3H1PNpP6nxuI82Wmug=\/0x0:899x1599\/984x0\/smart\/filters:strip_icc()\/i.s3.glbimg.com\/v1\/AUTH_59edd422c0c84a879bd37670ae4f538a\/internal_photos\/bs\/2022\/7\/e\/PHDObFQNKOVPqWXNbj0A\/whatsapp-image-2022-07-05-at-08.39.51-1-.jpeg\" sizes=\"auto, (max-width: 1366px) 648px, 100vw\" srcset=\"https:\/\/s2.glbimg.com\/eZZ5z93DT1uYmKakP_Wd0hfq1ys=\/0x0:899x1599\/1000x0\/smart\/filters:strip_icc()\/i.s3.glbimg.com\/v1\/AUTH_59edd422c0c84a879bd37670ae4f538a\/internal_photos\/bs\/2022\/7\/e\/PHDObFQNKOVPqWXNbj0A\/whatsapp-image-2022-07-05-at-08.39.51-1-.jpeg 1000w, https:\/\/s2.glbimg.com\/Wg8WpaRcv3H1PNpP6nxuI82Wmug=\/0x0:899x1599\/984x0\/smart\/filters:strip_icc()\/i.s3.glbimg.com\/v1\/AUTH_59edd422c0c84a879bd37670ae4f538a\/internal_photos\/bs\/2022\/7\/e\/PHDObFQNKOVPqWXNbj0A\/whatsapp-image-2022-07-05-at-08.39.51-1-.jpeg 984w, https:\/\/s2.glbimg.com\/VHHrx3zwdj8zHAO_AC0FkZACQRU=\/0x0:899x1599\/640x0\/smart\/filters:strip_icc()\/i.s3.glbimg.com\/v1\/AUTH_59edd422c0c84a879bd37670ae4f538a\/internal_photos\/bs\/2022\/7\/e\/PHDObFQNKOVPqWXNbj0A\/whatsapp-image-2022-07-05-at-08.39.51-1-.jpeg 640w, https:\/\/s2.glbimg.com\/9er-W-qdNZYq8zShOo3uXJ7cG18=\/0x0:899x1599\/600x0\/smart\/filters:strip_icc()\/i.s3.glbimg.com\/v1\/AUTH_59edd422c0c84a879bd37670ae4f538a\/internal_photos\/bs\/2022\/7\/e\/PHDObFQNKOVPqWXNbj0A\/whatsapp-image-2022-07-05-at-08.39.51-1-.jpeg 600w\" alt=\"Dinheiro, celulares e arma apreendida pela pol\u00edcia paraguaia  \u2014 Foto: Reprodu\u00e7\u00e3o\" width=\"647\" height=\"647\" \/><figcaption class=\"wp-caption-text\">Dinheiro, celulares e arma apreendida pela pol\u00edcia paraguaia \u2014 Foto: Reprodu\u00e7\u00e3o<\/figcaption><\/figure><\/figure>\n<\/div>\n<\/div>\n<\/div>\n<p>&nbsp;<\/p>\n<div class=\"mc-column content-text active-extra-styles\" data-block-type=\"raw\" data-block-weight=\"2\" data-block-id=\"10\">\n<p class=\"content-text__container\">\n<div class=\"content-intertitle\">\n<h2>O crime<\/h2>\n<\/div>\n<p>&nbsp;<\/p>\n<\/div>\n<div class=\"row medium-uncollapsed content-media content-photo\" data-block-type=\"backstage-photo\" data-block-id=\"11\">\n<div class=\"mc-column content-media__container\">\n<div class=\"content-media-container glb-skeleton-box\">\n<figure class=\"content-media-figure\">\n<p><figure style=\"width: 647px\" class=\"wp-caption aligncenter\"><img loading=\"lazy\" decoding=\"async\" class=\"i-amphtml-fill-content i-amphtml-replaced-content\" src=\"https:\/\/s2.glbimg.com\/ULwPRqrCdJPNkrSYnOE0ogtd1LE=\/0x0:599x328\/984x0\/smart\/filters:strip_icc()\/i.s3.glbimg.com\/v1\/AUTH_59edd422c0c84a879bd37670ae4f538a\/internal_photos\/bs\/2022\/M\/S\/PYPHJmSRalKAG3erHvRw\/whatsapp-image-2022-05-21-at-18.46.40.jpeg\" sizes=\"auto, (max-width: 1366px) 648px, 100vw\" srcset=\"https:\/\/s2.glbimg.com\/30VnVe9kG-vPAoBNuxgv-0PKH7Y=\/0x0:599x328\/1000x0\/smart\/filters:strip_icc()\/i.s3.glbimg.com\/v1\/AUTH_59edd422c0c84a879bd37670ae4f538a\/internal_photos\/bs\/2022\/M\/S\/PYPHJmSRalKAG3erHvRw\/whatsapp-image-2022-05-21-at-18.46.40.jpeg 1000w, https:\/\/s2.glbimg.com\/ULwPRqrCdJPNkrSYnOE0ogtd1LE=\/0x0:599x328\/984x0\/smart\/filters:strip_icc()\/i.s3.glbimg.com\/v1\/AUTH_59edd422c0c84a879bd37670ae4f538a\/internal_photos\/bs\/2022\/M\/S\/PYPHJmSRalKAG3erHvRw\/whatsapp-image-2022-05-21-at-18.46.40.jpeg 984w, https:\/\/s2.glbimg.com\/xcFFyJxdRWihpLPu94OVhlsL-cw=\/0x0:599x328\/640x0\/smart\/filters:strip_icc()\/i.s3.glbimg.com\/v1\/AUTH_59edd422c0c84a879bd37670ae4f538a\/internal_photos\/bs\/2022\/M\/S\/PYPHJmSRalKAG3erHvRw\/whatsapp-image-2022-05-21-at-18.46.40.jpeg 640w, https:\/\/s2.glbimg.com\/3fbeV5TFSWblk0CpprS5tyZqIrM=\/0x0:599x328\/600x0\/smart\/filters:strip_icc()\/i.s3.glbimg.com\/v1\/AUTH_59edd422c0c84a879bd37670ae4f538a\/internal_photos\/bs\/2022\/M\/S\/PYPHJmSRalKAG3erHvRw\/whatsapp-image-2022-05-21-at-18.46.40.jpeg 600w\" alt=\"Jos\u00e9 Carlos Acevedo  \u2014 Foto: Redes sociais\/Reprodu\u00e7\u00e3o\" width=\"647\" height=\"354\" \/><figcaption class=\"wp-caption-text\">Jos\u00e9 Carlos Acevedo \u2014 Foto: Redes sociais\/Reprodu\u00e7\u00e3o<\/figcaption><\/figure><\/figure>\n<\/div>\n<p class=\"content-media__description \">\n<\/div>\n<\/div>\n<div class=\"content-ads content-ads--reveal\" data-block-type=\"ads\" data-block-id=\"12\">\n<div><\/div>\n<\/div>\n<div class=\"mc-column content-text active-extra-styles \" data-block-type=\"unstyled\" data-block-weight=\"41\" data-block-id=\"13\">\n<p class=\"content-text__container \" data-track-category=\"Link no Texto\" data-track-links=\"\">O prefeito de Pedro Juan Caballero, Jos\u00e9 Carlos Acevedo, foi atingido por dez tiros, aos 53 anos de idade, no dia 17 de maio deste ano. Acevedo estava dentro do carro quando os pistoleiros chegaram e efetuaram disparos contra o ve\u00edculo.<\/p>\n<p data-track-category=\"Link no Texto\" data-track-links=\"\">\n<\/div>\n<div class=\"mc-column content-text active-extra-styles \" data-block-type=\"unstyled\" data-block-weight=\"41\" data-block-id=\"14\">\n<p class=\"content-text__container \" data-track-category=\"Link no Texto\" data-track-links=\"\">Acevedo foi levado em estado grave para um hospital na cidade paraguaia, vizinha a Ponta Por\u00e3 (MS), regi\u00e3o de fronteira com o Brasil. Quatro dias ap\u00f3s ser internado, a equipe m\u00e9dica do hospital onde ele estava internado atestou a morte cerebral.<\/p>\n<p data-track-category=\"Link no Texto\" data-track-links=\"\">\n<\/div>\n<div class=\"mc-column content-text active-extra-styles \" data-block-type=\"unstyled\" data-block-weight=\"33\" data-block-id=\"15\">\n<p class=\"content-text__container \" data-track-category=\"Link no Texto\" data-track-links=\"\">Jos\u00e9 Carlos Acevedo era irm\u00e3o do governador de Amambay, Ronald Acevedo, e era tio de Haylee Carolina Acevedo Yunis, jovem que morreu aos 21 anos em uma chacina, tamb\u00e9m em Pedro Juan Caballero.<\/p>\n<\/div>\n<\/div>\n<p data-track-category=\"Link no Texto\" data-track-links=\"\">\n<p data-track-category=\"Link no Texto\" data-track-links=\"\">\n<p data-track-category=\"Link no Texto\" data-track-links=\"\">Por g1 MS<\/p>\n","protected":false},"excerpt":{"rendered":"<p>Agentes do Departamento de Investiga\u00e7\u00f5es de Itap\u00faa prenderam, na noite de segunda-feira (4), dois suspeitos de assassinar o prefeito de Pedro Juan Caballero (PY), Jos\u00e9 Carlos Acevedo, morto em ataque, no dia 17 de maio. Ronny Ayala Ben\u00edtez e Alejandro Ayala Otaz\u00fa foram capturados no Departamento de Itap\u00faa, no Paraguai. Ao g1, o secret\u00e1rio de [&hellip;]<\/p>\n","protected":false},"author":5,"featured_media":211047,"comment_status":"closed","ping_status":"closed","sticky":false,"template":"","format":"standard","meta":{"footnotes":""},"categories":[38],"tags":[],"class_list":["post-211046","post","type-post","status-publish","format-standard","has-post-thumbnail","hentry","category-policia"],"_links":{"self":[{"href":"https:\/\/www.ocorreionews.com.br\/acervo-correio\/index.php?rest_route=\/wp\/v2\/posts\/211046","targetHints":{"allow":["GET"]}}],"collection":[{"href":"https:\/\/www.ocorreionews.com.br\/acervo-correio\/index.php?rest_route=\/wp\/v2\/posts"}],"about":[{"href":"https:\/\/www.ocorreionews.com.br\/acervo-correio\/index.php?rest_route=\/wp\/v2\/types\/post"}],"author":[{"embeddable":true,"href":"https:\/\/www.ocorreionews.com.br\/acervo-correio\/index.php?rest_route=\/wp\/v2\/users\/5"}],"replies":[{"embeddable":true,"href":"https:\/\/www.ocorreionews.com.br\/acervo-correio\/index.php?rest_route=%2Fwp%2Fv2%2Fcomments&post=211046"}],"version-history":[{"count":1,"href":"https:\/\/www.ocorreionews.com.br\/acervo-correio\/index.php?rest_route=\/wp\/v2\/posts\/211046\/revisions"}],"predecessor-version":[{"id":211048,"href":"https:\/\/www.ocorreionews.com.br\/acervo-correio\/index.php?rest_route=\/wp\/v2\/posts\/211046\/revisions\/211048"}],"wp:featuredmedia":[{"embeddable":true,"href":"https:\/\/www.ocorreionews.com.br\/acervo-correio\/index.php?rest_route=\/wp\/v2\/media\/211047"}],"wp:attachment":[{"href":"https:\/\/www.ocorreionews.com.br\/acervo-correio\/index.php?rest_route=%2Fwp%2Fv2%2Fmedia&parent=211046"}],"wp:term":[{"taxonomy":"category","embeddable":true,"href":"https:\/\/www.ocorreionews.com.br\/acervo-correio\/index.php?rest_route=%2Fwp%2Fv2%2Fcategories&post=211046"},{"taxonomy":"post_tag","embeddable":true,"href":"https:\/\/www.ocorreionews.com.br\/acervo-correio\/index.php?rest_route=%2Fwp%2Fv2%2Ftags&post=211046"}],"curies":[{"name":"wp","href":"https:\/\/api.w.org\/{rel}","templated":true}]}}