{"id":211051,"date":"2022-07-05T10:18:08","date_gmt":"2022-07-05T14:18:08","guid":{"rendered":"https:\/\/www.ocorreionews.com.br\/acervo-correio\/?p=211051"},"modified":"2022-07-05T10:18:08","modified_gmt":"2022-07-05T14:18:08","slug":"mt-anuncia-reducao-no-icms-sobre-precos-dos-combustiveis-e-do-gas-de-cozinha","status":"publish","type":"post","link":"https:\/\/www.ocorreionews.com.br\/acervo-correio\/?p=211051","title":{"rendered":"MT anuncia redu\u00e7\u00e3o no ICMS sobre pre\u00e7os dos combust\u00edveis e do g\u00e1s de cozinha"},"content":{"rendered":"<div class=\"mc-column content-text active-extra-styles \" data-block-type=\"unstyled\" data-block-weight=\"32\" data-block-id=\"2\">\n<p class=\"content-text__container \" data-track-category=\"Link no Texto\" data-track-links=\"\">A Secretaria de Fazenda (Sefaz) comunicou nessa segunda-feira (4) que os pre\u00e7os dos combust\u00edveis e do g\u00e1s de cozinha ter\u00e3o uma redu\u00e7\u00e3o no Imposto sobre Circula\u00e7\u00e3o de Mercadorias e Servi\u00e7os (ICMS).<\/p>\n<p data-track-category=\"Link no Texto\" data-track-links=\"\">\n<\/div>\n<div class=\"wall protected-content\">\n<div class=\"mc-column content-text active-extra-styles \" data-block-type=\"unstyled\" data-block-weight=\"22\" data-block-id=\"3\">\n<p class=\"content-text__container \" data-track-category=\"Link no Texto\" data-track-links=\"\">De acordo com levantamento da pasta, o estado deve registrar uma retra\u00e7\u00e3o na arrecada\u00e7\u00e3o de R$ 1,2 bilh\u00e3o com essa mudan\u00e7a.<\/p>\n<p data-track-category=\"Link no Texto\" data-track-links=\"\">\n<\/div>\n<div class=\"mc-column content-text active-extra-styles \" data-block-type=\"unstyled\" data-block-weight=\"21\" data-block-id=\"4\">\n<p class=\"content-text__container \" data-track-category=\"Link no Texto\" data-track-links=\"\">A medida vem no momento em que o governo federal aprovou uma lei complementar para frear a alta nos pre\u00e7os.<\/p>\n<p data-track-category=\"Link no Texto\" data-track-links=\"\">\n<\/div>\n<p>&nbsp;<\/p>\n<div class=\"mc-column content-text active-extra-styles \" data-block-type=\"unstyled\" data-block-weight=\"57\" data-block-id=\"6\">\n<p class=\"content-text__container \" data-track-category=\"Link no Texto\" data-track-links=\"\">A estimativa da Sefaz \u00e9 de que os combust\u00edveis tenham uma redu\u00e7\u00e3o nos valores no bolso do consumidor. A gasolina deve ter uma queda estimada em R$ 0,61; para o diesel, R$ 0,18, e para o etanol, R$ 0,19, por litro. Em rela\u00e7\u00e3o ao g\u00e1s, a pasta estadual estima uma diminui\u00e7\u00e3o de R$ 0,14, por quilograma.<\/p>\n<\/div>\n<div class=\"content-ads content-ads--reveal\" data-block-type=\"ads\" data-block-id=\"7\">\n<div><\/div>\n<\/div>\n<div class=\"mc-column content-text active-extra-styles \" data-block-type=\"unstyled\" data-block-weight=\"55\" data-block-id=\"8\">\n<p class=\"content-text__container \" data-track-category=\"Link no Texto\" data-track-links=\"\">Segundo a Sefaz, a base de c\u00e1lculo do ICMS foi modificada. Agora, o imposto cobrado sobre diesel, gasolina e g\u00e1s de cozinha passa a ser calculado usando a m\u00e9dia m\u00f3vel de pre\u00e7os praticados ao consumidor final com base nos \u00faltimos cinco anos, e n\u00e3o mais por meio do valor congelado em novembro de 2021.<\/p>\n<p data-track-category=\"Link no Texto\" data-track-links=\"\">\n<\/div>\n<div class=\"mc-column content-text active-extra-styles \" data-block-type=\"unstyled\" data-block-weight=\"15\" data-block-id=\"9\">\n<p class=\"content-text__container \" data-track-category=\"Link no Texto\" data-track-links=\"\">A pasta ainda informou que essa m\u00e9dia m\u00f3vel deve ser recalculada a cada m\u00eas.<\/p>\n<p data-track-category=\"Link no Texto\" data-track-links=\"\">\n<\/div>\n<div class=\"row medium-uncollapsed content-media content-photo\" data-block-type=\"backstage-photo\" data-block-id=\"10\">\n<div class=\"mc-column content-media__container\">\n<div class=\"content-media-container glb-skeleton-box\">\n<figure class=\"content-media-figure\">\n<p><figure style=\"width: 647px\" class=\"wp-caption aligncenter\"><img loading=\"lazy\" decoding=\"async\" class=\"i-amphtml-fill-content i-amphtml-replaced-content\" src=\"https:\/\/s2.glbimg.com\/OjrdyZ4wfTwqGiPeJppKGKtelr0=\/0x0:1287x722\/984x0\/smart\/filters:strip_icc()\/i.s3.glbimg.com\/v1\/AUTH_59edd422c0c84a879bd37670ae4f538a\/internal_photos\/bs\/2022\/E\/i\/iMSQpGSSG2poOFXBBpqg\/gasolina.jpg\" sizes=\"auto, (max-width: 1366px) 648px, 100vw\" srcset=\"https:\/\/s2.glbimg.com\/ERj07SJSGFGjwOYwYcV5xb65RtE=\/0x0:1287x722\/1000x0\/smart\/filters:strip_icc()\/i.s3.glbimg.com\/v1\/AUTH_59edd422c0c84a879bd37670ae4f538a\/internal_photos\/bs\/2022\/E\/i\/iMSQpGSSG2poOFXBBpqg\/gasolina.jpg 1000w, https:\/\/s2.glbimg.com\/OjrdyZ4wfTwqGiPeJppKGKtelr0=\/0x0:1287x722\/984x0\/smart\/filters:strip_icc()\/i.s3.glbimg.com\/v1\/AUTH_59edd422c0c84a879bd37670ae4f538a\/internal_photos\/bs\/2022\/E\/i\/iMSQpGSSG2poOFXBBpqg\/gasolina.jpg 984w, https:\/\/s2.glbimg.com\/dzuOFAM6UsLQiu0kGZoMBttKdPA=\/0x0:1287x722\/640x0\/smart\/filters:strip_icc()\/i.s3.glbimg.com\/v1\/AUTH_59edd422c0c84a879bd37670ae4f538a\/internal_photos\/bs\/2022\/E\/i\/iMSQpGSSG2poOFXBBpqg\/gasolina.jpg 640w, https:\/\/s2.glbimg.com\/5t7qKzWKd-Hf9wMrFx4EgVBS1_8=\/0x0:1287x722\/600x0\/smart\/filters:strip_icc()\/i.s3.glbimg.com\/v1\/AUTH_59edd422c0c84a879bd37670ae4f538a\/internal_photos\/bs\/2022\/E\/i\/iMSQpGSSG2poOFXBBpqg\/gasolina.jpg 600w\" alt=\"Sefaz comunica redu\u00e7\u00e3o na cobran\u00e7a de ICMS sobre combust\u00edveis e g\u00e1s de cozinha \u2014 Foto: Marcelo Moraes\/EPTV\" width=\"647\" height=\"363\" \/><figcaption class=\"wp-caption-text\">Sefaz comunica redu\u00e7\u00e3o na cobran\u00e7a de ICMS sobre combust\u00edveis e g\u00e1s de cozinha \u2014 Foto: Marcelo Moraes\/EPTV<\/figcaption><\/figure><\/figure>\n<\/div>\n<p class=\"content-media__description \">\n<\/div>\n<\/div>\n<div class=\"content-ads content-ads--reveal\" data-block-type=\"ads\" data-block-id=\"13\">\n<div id=\"banner_materia__17d22164-06b5-4d50-a547-d3b0f855ce62\" class=\"tag-manager-publicidade-container mc-has-reveal mc-has-ad-lazyload tag-manager-publicidade-banner_materia__17d22164-06b5-4d50-a547-d3b0f855ce62 tag-manager-publicidade-container--carregado tag-manager-publicidade-container--visivel\" data-id=\"banner_materia__17d22164-06b5-4d50-a547-d3b0f855ce62\" data-req=\"true\" data-google-query-id=\"CK3EufD34fgCFfenlQIdqbEGUA\" data-cid=\"138396917009\" data-lid=\"6048238533\">\n<div id=\"google_ads_iframe_\/95377733\/tvg_G1\/Sua_Regiao&gt;Centro_Oeste&gt;Mato_Grosso_4__container__\"><\/div>\n<\/div>\n<\/div>\n<div class=\"mc-column content-text active-extra-styles \" data-block-type=\"unstyled\" data-block-weight=\"28\" data-block-id=\"14\">\n<p class=\"content-text__container \" data-track-category=\"Link no Texto\" data-track-links=\"\">Outra mudan\u00e7a est\u00e1 na redu\u00e7\u00e3o das al\u00edquotas de ICMS. As taxas dessa cobran\u00e7a sobre gasolina, etanol e o querosene de avia\u00e7\u00e3o eram fixas em 23% e 25%.<\/p>\n<p data-track-category=\"Link no Texto\" data-track-links=\"\">\n<\/div>\n<div class=\"mc-column content-text active-extra-styles \" data-block-type=\"unstyled\" data-block-weight=\"31\" data-block-id=\"15\">\n<p class=\"content-text__container \" data-track-category=\"Link no Texto\" data-track-links=\"\">Com a altera\u00e7\u00e3o, agora o percentual passou a ser de 17%. No caso do etanol, a pasta destacou que era cobrada uma taxa de 12,5%, uma das menores no pa\u00eds.<\/p>\n<p data-track-category=\"Link no Texto\" data-track-links=\"\">\n<\/div>\n<div class=\"mc-column content-text active-extra-styles \" data-block-type=\"unstyled\" data-block-weight=\"18\" data-block-id=\"16\">\n<p class=\"content-text__container \" data-track-category=\"Link no Texto\" data-track-links=\"\">J\u00e1 para o g\u00e1s de cozinha, a al\u00edquota ficou em 12%, e para o diesel, em 16%.<\/p>\n<p data-track-category=\"Link no Texto\" data-track-links=\"\">\n<\/div>\n<div class=\"mc-column content-text active-extra-styles \" data-block-type=\"unstyled\" data-block-weight=\"31\" data-block-id=\"17\">\n<p class=\"content-text__container \" data-track-category=\"Link no Texto\" data-track-links=\"\"><strong>Veja como ficam as altera\u00e7\u00f5es na incid\u00eancia do ICMS, considerando as novas al\u00edquotas e a m\u00e9dia de pre\u00e7o dos \u00faltimos 60 meses, em rela\u00e7\u00e3o ao pre\u00e7o praticado na \u00faltima semana: <\/strong><\/p>\n<\/div>\n<div class=\"mc-column content-text active-extra-styles\" data-block-type=\"raw\" data-block-weight=\"30\" data-block-id=\"18\">\n<p class=\"content-text__container\">\n<ul class=\"content-unordered-list\">\n<li><strong>Gasolina 11,9% <\/strong><\/li>\n<li><strong>Diesel 8,6% <\/strong><\/li>\n<li><strong>Etanol 9,3% <\/strong><\/li>\n<li><strong>GLP 8,9% <\/strong><\/li>\n<li><strong>GNV 1,8% <\/strong><\/li>\n<\/ul>\n<p>&nbsp;<\/p>\n<\/div>\n<div class=\"mc-column content-text active-extra-styles \" data-block-type=\"unstyled\" data-block-weight=\"13\" data-block-id=\"19\">\n<p class=\"content-text__container \" data-track-category=\"Link no Texto\" data-track-links=\"\">Esses valores podem sofrer altera\u00e7\u00e3o, conforme o pre\u00e7o praticado na bomba dos postos.<\/p>\n<\/div>\n<\/div>\n<p data-track-category=\"Link no Texto\" data-track-links=\"\">\n<p class=\"content-publication-data__from\" title=\"g1 MT\">Por g1 MT<\/p>\n","protected":false},"excerpt":{"rendered":"<p>A Secretaria de Fazenda (Sefaz) comunicou nessa segunda-feira (4) que os pre\u00e7os dos combust\u00edveis e do g\u00e1s de cozinha ter\u00e3o uma redu\u00e7\u00e3o no Imposto sobre Circula\u00e7\u00e3o de Mercadorias e Servi\u00e7os (ICMS). De acordo com levantamento da pasta, o estado deve registrar uma retra\u00e7\u00e3o na arrecada\u00e7\u00e3o de R$ 1,2 bilh\u00e3o com essa mudan\u00e7a. A medida vem [&hellip;]<\/p>\n","protected":false},"author":5,"featured_media":103124,"comment_status":"closed","ping_status":"closed","sticky":false,"template":"","format":"standard","meta":{"footnotes":""},"categories":[26,37],"tags":[],"class_list":["post-211051","post","type-post","status-publish","format-standard","has-post-thumbnail","hentry","category-economia","category-politica"],"_links":{"self":[{"href":"https:\/\/www.ocorreionews.com.br\/acervo-correio\/index.php?rest_route=\/wp\/v2\/posts\/211051","targetHints":{"allow":["GET"]}}],"collection":[{"href":"https:\/\/www.ocorreionews.com.br\/acervo-correio\/index.php?rest_route=\/wp\/v2\/posts"}],"about":[{"href":"https:\/\/www.ocorreionews.com.br\/acervo-correio\/index.php?rest_route=\/wp\/v2\/types\/post"}],"author":[{"embeddable":true,"href":"https:\/\/www.ocorreionews.com.br\/acervo-correio\/index.php?rest_route=\/wp\/v2\/users\/5"}],"replies":[{"embeddable":true,"href":"https:\/\/www.ocorreionews.com.br\/acervo-correio\/index.php?rest_route=%2Fwp%2Fv2%2Fcomments&post=211051"}],"version-history":[{"count":1,"href":"https:\/\/www.ocorreionews.com.br\/acervo-correio\/index.php?rest_route=\/wp\/v2\/posts\/211051\/revisions"}],"predecessor-version":[{"id":211052,"href":"https:\/\/www.ocorreionews.com.br\/acervo-correio\/index.php?rest_route=\/wp\/v2\/posts\/211051\/revisions\/211052"}],"wp:featuredmedia":[{"embeddable":true,"href":"https:\/\/www.ocorreionews.com.br\/acervo-correio\/index.php?rest_route=\/wp\/v2\/media\/103124"}],"wp:attachment":[{"href":"https:\/\/www.ocorreionews.com.br\/acervo-correio\/index.php?rest_route=%2Fwp%2Fv2%2Fmedia&parent=211051"}],"wp:term":[{"taxonomy":"category","embeddable":true,"href":"https:\/\/www.ocorreionews.com.br\/acervo-correio\/index.php?rest_route=%2Fwp%2Fv2%2Fcategories&post=211051"},{"taxonomy":"post_tag","embeddable":true,"href":"https:\/\/www.ocorreionews.com.br\/acervo-correio\/index.php?rest_route=%2Fwp%2Fv2%2Ftags&post=211051"}],"curies":[{"name":"wp","href":"https:\/\/api.w.org\/{rel}","templated":true}]}}